{"id":94873,"date":"2025-11-23T22:02:10","date_gmt":"2025-11-23T22:02:10","guid":{"rendered":"https:\/\/www.europesays.com\/no\/94873\/"},"modified":"2025-11-23T22:02:10","modified_gmt":"2025-11-23T22:02:10","slug":"claire-danes-folte-skam-over-a-fa-barn-som-44-aring","status":"publish","type":"post","link":"https:\/\/www.europesays.com\/no\/94873\/","title":{"rendered":"Claire Danes f\u00f8lte skam over \u00e5 f\u00e5 barn som 44-\u00e5ring"},"content":{"rendered":"\n<p class=\"_lead_o9xde_2 _lead_xtcu6_50 layout-component text-serif-m layout-normal text-serif-l layout-component layout-wide layout-padded _wide_17hqh_1 layout-padded\">Skuespilleren sier hun var livredd.<\/p>\n<p><img alt=\"Claire Danes (46) p\u00e5 premieren for \u00abWicked: For Good\u00bb 17. november. Foto: Evan Agostini \/ AP \/ NTB\" class=\"_image_qp4xg_65 layout-component layout-wide\" data-fullscreen- data-track-element-type=\"Article image fullscreen\" data-track-name=\"ImageFullscreen\" fetchpriority=\"high\" decoding=\"sync\" loading=\"eager\" height=\"2538\" itemprop=\"image\"  src=\"https:\/\/www.europesays.com\/no\/wp-content\/uploads\/2025\/11\/9ef59254-da56-4e71-b93c-f732d9bef8bf\"  style=\"object-position:0% 0%\" width=\"3500\"\/>Claire Danes (46) p\u00e5 premieren for \u00abWicked: For Good\u00bb 17. november. Foto: Evan Agostini \/ AP \/ NTB<\/p>\n<ul aria-hidden=\"true\" class=\"_images_18f0k_111\">\n<li><a class=\"_link_18f0k_116\" href=\"https:\/\/www.vg.no\/forfatter\/hanne-kretuz-hansen\" style=\"z-index:1\" title=\"Hanne Kreutz-Hansen\" rel=\"nofollow noopener\" target=\"_blank\"><img alt=\"Bilde av Hanne Kreutz-Hansen\" class=\"_image_18f0k_93\" fetchpriority=\"low\" loading=\"lazy\" decoding=\"async\" itemprop=\"image\"  src=\"https:\/\/www.europesays.com\/no\/wp-content\/uploads\/2025\/11\/1763935329_968_91499188-43f5-43fa-b038-5716eac94ffb\"  width=\"480\"\/><\/a><\/li>\n<\/ul>\n<p> Oppdatert s\u00f8ndag 23. november kl. 22:39    <\/p>\n<ul class=\"_list_o9xde_3 _list_64s2r_85 _unordered_o9xde_106 text-sans-m\">\n<li class=\"_item_o9xde_30\">Claire Danes fikk sitt tredje barn i 2023 og delte sine tanker om \u00e5 bli gravid uventet som 44-\u00e5ring.<\/li>\n<li class=\"_item_o9xde_30\">Hun var livredd og trodde ikke det var mulig.<\/li>\n<li class=\"_item_o9xde_30\">Danes beskriver ogs\u00e5 \u00e5 f\u00f8le skam og rare f\u00f8lelser under graviditeten.<\/li>\n<li class=\"_item_o9xde_30\">Danes og ektemannen Hugh Dancy har to s\u00f8nner fra f\u00f8r.<\/li>\n<\/ul>\n<p>Vis mer <\/p>\n<p class=\"_paragraph_o9xde_4 _paragraph_xtcu6_10 layout-component text-serif-m layout-normal text-serif-m layout-padded\"><a href=\"https:\/\/www.vg.no\/tag\/claire-danes?utm_source=vg-article&amp;utm_medium=auto-tagger&amp;utm_campaign=QJR9AJ\" class=\"_link_o9xde_39\" rel=\"nofollow noopener\" target=\"_blank\">Claire Danes<\/a> var 44 \u00e5r gammel da hun ble gravid med sitt tredje barn i 2023. Det var ikke noe hun hadde planlagt.<\/p>\n<p class=\"_paragraph_o9xde_4 _paragraph_xtcu6_10 layout-component text-serif-m layout-normal text-serif-m layout-padded\">\u2013 Jeg var s\u00e5 gammel da det skjedde, sa \u00abHomeland\u00bb-stjernen i podkasten <a href=\"https:\/\/www.youtube.com\/watch?v=LCa8PE6jvvI\" class=\"_link_o9xde_39\" rel=\"nofollow noopener\" target=\"_blank\">Smartless,<\/a> if\u00f8lge <a href=\"https:\/\/www.eonline.com\/news\/1425197\/claire-danes-on-having-baby-at-age-44\" class=\"_link_o9xde_39\" rel=\"nofollow noopener\" target=\"_blank\">E! Online<\/a>.<\/p>\n<p class=\"_paragraph_o9xde_4 _paragraph_xtcu6_10 layout-component text-serif-m layout-normal text-serif-m layout-padded\">\u2013 Jeg trodde ikke det var mulig. Det gjorde jeg virkelig ikke. Jeg var livredd, sier hun, og legger til:<\/p>\n<p class=\"_paragraph_o9xde_4 _paragraph_xtcu6_10 layout-component text-serif-m layout-normal text-serif-m layout-padded\"> \u2013 Men alt var greit.<\/p>\n<p><img alt=\"Claire Danes og Matthew Rhys i en scene fra \u00abThe Beast in Me.\u00bb  Foto: AP \/ NTB\" class=\"_image_qp4xg_65 layout-component layout-normal\" data-fullscreen- data-track-element-type=\"Article image fullscreen\" data-track-name=\"ImageFullscreen\" decoding=\"async\" loading=\"lazy\" height=\"1800\" itemprop=\"image\"  src=\"https:\/\/www.europesays.com\/no\/wp-content\/uploads\/2025\/11\/66eb62bb-6ece-4282-843b-9bc0a5b31a15\"  style=\"object-position:0% 0%\" width=\"2700\"\/>Claire Danes og Matthew Rhys i en scene fra \u00abThe Beast in Me.\u00bb  Foto: AP \/ NTB<\/p>\n<p class=\"_paragraph_o9xde_4 _paragraph_xtcu6_10 layout-component text-serif-m layout-normal text-serif-m layout-padded\">Den 46 \u00e5r gamle skuespilleren er aktuell med serien \u00abThe Beast in me\u00bb som n\u00e5 topper Netflix-listene, og filmen \u00abWicked: For Good\u00bb.<\/p>\n<p class=\"_paragraph_o9xde_4 _paragraph_xtcu6_10 layout-component text-serif-m layout-normal text-serif-m layout-padded\"><a href=\"https:\/\/www.vg.no\/rampelys\/i\/25Llqq\/serietips-netflix-thriller-i-toppsjiktet\" data-track-element-type=\"Link\" data-track-id=\"link:25Llqq\" class=\"_link_o9xde_39\" rel=\"nofollow noopener\" target=\"_blank\">En thriller i toppsjiktet<\/a>, skriver VGs Benjamin Brekken.<\/p>\n<p class=\"_paragraph_o9xde_4 _paragraph_xtcu6_10 layout-component text-serif-m layout-normal text-serif-m layout-padded\">Danes og ektemannen Hugh Dancy fikk datteren i juli 2023. De har ogs\u00e5 s\u00f8nnene Cyrus p\u00e5 12 \u00e5r og Rowan p\u00e5 7 \u00e5r.<\/p>\n<p>\u00abNaughty\u00bb<\/p>\n<p class=\"_paragraph_o9xde_4 _paragraph_xtcu6_10 layout-component text-serif-m layout-normal text-serif-m layout-padded\">Det var ikke bare sjokket over \u00e5 kunne bli gravid i s\u00e5 voksen alder som overrasket henne, ogs\u00e5 f\u00f8lelsene som dukket opp underveis i graviditeten var uventede, forteller hun.<\/p>\n<p class=\"_paragraph_o9xde_4 _paragraph_xtcu6_10 layout-component text-serif-m layout-normal text-serif-m layout-padded\">\u2013 Plutselig f\u00f8lte jeg en merkelig skam. Jeg var \u00abNaughty\u00bb. <\/p>\n<p class=\"_paragraph_o9xde_4 _paragraph_xtcu6_10 layout-component text-serif-m layout-normal text-serif-m layout-padded\">Eller rampete, som det heter p\u00e5 norsk.<\/p>\n<p class=\"_paragraph_o9xde_4 _paragraph_xtcu6_10 layout-component text-serif-m layout-normal text-serif-m layout-padded\">Skuespilleren f\u00f8lte hun hadde blitt tatt p\u00e5 fersken i \u00e5 ha sex, noe som ikke s\u00f8mmer seg i hennes alder, sier hun.<\/p>\n<p><img alt=\"Claire Danes og ektemannen Hugh Dancy p\u00e5 premieren til \u00abThe Beast in Me\u00bb tidligere i november.  Foto: Evan Agostini \/ AP \/ NTB\" class=\"_image_qp4xg_65 layout-component layout-normal\" data-fullscreen- data-track-element-type=\"Article image fullscreen\" data-track-name=\"ImageFullscreen\" decoding=\"async\" loading=\"lazy\" height=\"2426\" itemprop=\"image\"  src=\"https:\/\/www.europesays.com\/no\/wp-content\/uploads\/2025\/11\/ae634c1b-8348-4243-be55-719aac2aa6ec\"  style=\"object-position:0% 0%\" width=\"3500\"\/>Claire Danes og ektemannen Hugh Dancy p\u00e5 premieren til \u00abThe Beast in Me\u00bb tidligere i november.  Foto: Evan Agostini \/ AP \/ NTB<\/p>\n<p class=\"_paragraph_o9xde_4 _paragraph_xtcu6_10 layout-component text-serif-m layout-normal text-serif-m layout-padded\">\u2013 Det var rart, og det var som om jeg fant en grense som jeg ikke hadde v\u00e6rt helt bevisst p\u00e5, forklarer hun.<\/p>\n<p class=\"_paragraph_o9xde_4 _paragraph_xtcu6_10 layout-component text-serif-m layout-normal text-serif-m layout-padded\">\u2013 Det var vilt, sier hun.<\/p>\n<p class=\"_paragraph_o9xde_4 _paragraph_xtcu6_10 layout-component text-serif-m layout-normal text-serif-m layout-padded\">Det er fem \u00e5r mellom hver av de tre barne, og Emmy-vinneren synes hun er heldig som har b\u00e5de en ten\u00e5ring og et spedbarn samtidig.<\/p>\n","protected":false},"excerpt":{"rendered":"Skuespilleren sier hun var livredd. Claire Danes (46) p\u00e5 premieren for \u00abWicked: For Good\u00bb 17. november. Foto: Evan&hellip;\n","protected":false},"author":2,"featured_media":94874,"comment_status":"","ping_status":"","sticky":false,"template":"","format":"standard","meta":{"footnotes":""},"categories":[58],"tags":[12284,71,220,30,28,29,9163,72,46],"class_list":{"0":"post-94873","1":"post","2":"type-post","3":"status-publish","4":"format-standard","5":"has-post-thumbnail","7":"category-underholdning","8":"tag-claire-danes","9":"tag-entertainment","10":"tag-netflix","11":"tag-no","12":"tag-norge","13":"tag-norway","14":"tag-skam","15":"tag-underholdning","16":"tag-vgai"},"share_on_mastodon":{"url":"https:\/\/pubeurope.com\/@no\/115601273470628378","error":""},"_links":{"self":[{"href":"https:\/\/www.europesays.com\/no\/wp-json\/wp\/v2\/posts\/94873","targetHints":{"allow":["GET"]}}],"collection":[{"href":"https:\/\/www.europesays.com\/no\/wp-json\/wp\/v2\/posts"}],"about":[{"href":"https:\/\/www.europesays.com\/no\/wp-json\/wp\/v2\/types\/post"}],"author":[{"embeddable":true,"href":"https:\/\/www.europesays.com\/no\/wp-json\/wp\/v2\/users\/2"}],"replies":[{"embeddable":true,"href":"https:\/\/www.europesays.com\/no\/wp-json\/wp\/v2\/comments?post=94873"}],"version-history":[{"count":0,"href":"https:\/\/www.europesays.com\/no\/wp-json\/wp\/v2\/posts\/94873\/revisions"}],"wp:featuredmedia":[{"embeddable":true,"href":"https:\/\/www.europesays.com\/no\/wp-json\/wp\/v2\/media\/94874"}],"wp:attachment":[{"href":"https:\/\/www.europesays.com\/no\/wp-json\/wp\/v2\/media?parent=94873"}],"wp:term":[{"taxonomy":"category","embeddable":true,"href":"https:\/\/www.europesays.com\/no\/wp-json\/wp\/v2\/categories?post=94873"},{"taxonomy":"post_tag","embeddable":true,"href":"https:\/\/www.europesays.com\/no\/wp-json\/wp\/v2\/tags?post=94873"}],"curies":[{"name":"wp","href":"https:\/\/api.w.org\/{rel}","templated":true}]}}