{"id":94887,"date":"2025-11-23T22:29:24","date_gmt":"2025-11-23T22:29:24","guid":{"rendered":"https:\/\/www.europesays.com\/no\/94887\/"},"modified":"2025-11-23T22:29:24","modified_gmt":"2025-11-23T22:29:24","slug":"trakk-seg-fra-maskorama-ht-no","status":"publish","type":"post","link":"https:\/\/www.europesays.com\/no\/94887\/","title":{"rendered":"Trakk seg fra maskorama &#8211; ht.no"},"content":{"rendered":"<p>Helt i starten av sendingen trakk Orken seg fra sangkonkurransen. Der skjulte influencer Sophie Elise Isachsen seg.<\/p>\n<p>Isachsen sa at hun gjerne skulle v\u00e6rt med videre, man at hun hadde f\u00e5tt influensa.<\/p>\n<p>\u2013 Jeg har virkelig ikke lyst til \u00e5 begynne \u00e5 gr\u00e5te n\u00e5, sa Sophie Elise Isachsen p\u00e5 direkten.<\/p>\n<p><img decoding=\"async\" src=\"data:image\/gif;base64,R0lGODlhEAAJAIAAAP\/\/\/wAAACH5BAEAAAAALAAAAAAQAAkAAAIKhI+py+0Po5yUFQA7\" alt=\"\"\/><br \/>\n  Det viste seg at det var Sophie Elise som skjulte seg under Orken-drakten.<br \/>\n  <strong>Foto:<\/strong> Espen Solli<\/p>\n<p>Isachsen m\u00e5tte ogs\u00e5<a href=\"https:\/\/www.vg.no\/rampelys\/i\/8plPXE\/forraeder-sophie-elise-kom-ikke\" rel=\"noopener nofollow\" target=\"_blank\"> melde avbud t<\/a>il \u00abForr\u00e6der\u00bb-festen fredag p\u00e5 grunn av sykdom.<\/p>\n<p><strong>\u2013 Dette har aldri skjedd f\u00f8r, s\u00e5 jeg er veldig spent p\u00e5 reaksjonen til publikum og detektivene, uttalte programleder Silje Nordnes til <a href=\"https:\/\/www.nrk.no\/kultur\/store-endringer-i-kveldens-maskorama-sending-1.17663721\" rel=\"noopener nofollow\" target=\"_blank\">NRK f\u00f8r sendingen<\/a>&#8211; og at hun kun har f\u00e5tt vite et minimum for \u00e5 lede sendingen.<\/strong><\/p>\n<p><img decoding=\"async\" src=\"data:image\/gif;base64,R0lGODlhEAAJAIAAAP\/\/\/wAAACH5BAEAAAAALAAAAAAQAAkAAAIKhI+py+0Po5yUFQA7\" alt=\"\"\/><br \/>\n  Badeanda m\u00e5tte kaste maska i kveld. Bak maska var John Hammersmark, ogs\u00e5 kjent som Kapteinen i Kompani Lauritzen.<br \/>\n  <strong>Foto:<\/strong> Espen SolliBadeanda m\u00e5tte kaste masken<\/p>\n<p>\u2013 N\u00e5 har jeg plaget s\u00e5 mange at jeg tenkte at n\u00e5 f\u00e5r jeg by litt p\u00e5, og g\u00e5 langt utenfor komfortsonen selv, sa John Hammersmark, som er kjent som Kapteinen i Kompani Lauritzen, etter at masken hadde falt.<\/p>\n<p>Til VG sier Hammersmark at Maskorama har v\u00e6rt en kjempeg\u00f8y opplevelse.<\/p>\n<p>\u2013 Men det har v\u00e6rt en t\u00f8ff belastning med tanke p\u00e5 at jeg har gjort noe jeg absolutt ikke kan. Det har v\u00e6rt en skikkelig pr\u00f8velse, det skal jeg ikke legge skjul p\u00e5.<\/p>\n<p>\u2013 Har det v\u00e6rt vanskelig \u00e5 holde deltagelsen hemmelig?<\/p>\n<p>\u2013 Ja, det har v\u00e6rt ganske vanskelig, for jeg har v\u00e6rt ganske mye p\u00e5 farten. Jeg har dratt fra pr\u00f8ver og \u00f8vinger og rett til foredrag og m\u00f8ter der glitteret fra badeanda har hengt igjen og drysset rundt meg. Huset hjemme er fullt av glitter, ler han.<\/p>\n<p>Hammersmark skryter av produksjonen &#8211; og s\u00e6rlig av sangl\u00e6reren sin.<\/p>\n<p>\u2013 Han har vel ikke akkurat klart \u00e5 lage gull av gr\u00e5stein, men i hvertfall pusset p\u00e5 gr\u00e5steinen.<\/p>\n<p>\u2013 Hvordan blir resten av kvelden?<\/p>\n<p>\u2013 N\u00e5 skal jeg endelig snakke litt med folk og komme meg hjem og puste lettet ut. Ogs\u00e5 overrasker det meg ikke om jeg har f\u00e5tt 200\u2013300 meldinger fra tidligere kolleger i forsvaret som mener jeg har blitt gal. Jeg satser p\u00e5 at det hele blir en morsom historie.<\/p>\n<p>I kveld var det \u00e5rets tredje runde i gjetteleken Maskorama p\u00e5 NRK.<\/p>\n<p>Denne h\u00f8sten skal seerne gjette hvem som skjuler seg bak: Skrotnissen, Hundevalpen, Orken, Brokkolien, Badeanda, Hybelkaninen og Marionetten.<\/p>\n<p><img decoding=\"async\" src=\"data:image\/gif;base64,R0lGODlhEAAJAIAAAP\/\/\/wAAACH5BAEAAAAALAAAAAAQAAkAAAIKhI+py+0Po5yUFQA7\" alt=\"\"\/><br \/>\n  \u00c5rets dommerpanel<br \/>\n  <strong>Foto:<\/strong> Monster \/ NRK<\/p>\n<p>Detektivpanelet best\u00e5r av Tete Lidbom (39), Tone Damli (37) og Robert Stoltenberg (60).<\/p>\n<p><strong>NB! <\/strong>Har du enn\u00e5 ikke sett \u00ab<a href=\"https:\/\/www.vg.no\/tag\/maskorama?utm_source=vg-article&amp;utm_medium=auto-tagger&amp;utm_campaign=yEeVz2\" rel=\"noopener nofollow\" target=\"_blank\">Maskorama<\/a>\u00bb? Da m\u00e5 du belage deg p\u00e5 at denne saken kan inneholde avsl\u00f8ringer.<\/p>\n<p><strong>Konseptet er som f\u00f8r: <\/strong>Seks kjendiser synger og kommer med sm\u00e5 hint, mens seerne pr\u00f8ver \u00e5 finne ut hvem som skjuler seg bak maskene.<\/p>\n<p><strong>Hvem tror DU befinner seg bak maskene? Kj\u00f8r debatt i kommentarfeltet under artikkelen.<\/strong><\/p>\n<p>VGs anmelder Tor Martin B\u00f8e anmelder l\u00e5t for l\u00e5t og triller terning gjennom kvelden.<\/p>\n<p>Reddet av gongongen<\/p>\n<p>I forrige sending <a href=\"https:\/\/www.vg.no\/rampelys\/i\/wgyGEP\/maskorama-seks-skal-bli-til-fem\" rel=\"noopener nofollow\" target=\"_blank\">r\u00f8k Skrotnissen ut i noen nervepirrende minutter.<\/a> Men s\u00e5 slo detektiv Tone Damli plutselig p\u00e5 gongongen og reddet figuren videre i konkurransen.<\/p>\n<p>Det var alts\u00e5 ingen av deltagerne som r\u00f8k ut i forrige uke.<\/p>\n<p><img decoding=\"async\" src=\"data:image\/gif;base64,R0lGODlhEAAJAIAAAP\/\/\/wAAACH5BAEAAAAALAAAAAAQAAkAAAIKhI+py+0Po5yUFQA7\" alt=\"\"\/><br \/>\n  Skrotnissen ble reddet av gongongen sist. G\u00e5r hen videre i kveld?<br \/>\n  <strong>Foto:<\/strong> Monster \/ NRKKulturministeren r\u00f8yk ut f\u00f8rst<\/p>\n<p>I den f\u00f8rste sendingen ble til <a href=\"https:\/\/www.vg.no\/rampelys\/i\/yEeVz2\/maskorama-er-tilbake-befinner-meg-en-snau-mil-inn-i-nordmarka\" rel=\"noopener nofollow\" target=\"_blank\">manges overraskelse avsl\u00f8rt<\/a> at det var Norges kultur- og likestillingsminister Lubna Jaffery som skjulte seg bak masken til Hybelkaninen.<\/p>\n<p><img decoding=\"async\" src=\"data:image\/gif;base64,R0lGODlhEAAJAIAAAP\/\/\/wAAACH5BAEAAAAALAAAAAAQAAkAAAIKhI+py+0Po5yUFQA7\" alt=\"\"\/> <\/p>\n<p>  <strong>Foto:<\/strong> Monster \/ NRK<\/p>\n<p>Jaffery fikk\u00a0<a href=\"https:\/\/www.vg.no\/rampelys\/i\/yEeVz2\/maskorama-er-tilbake-befinner-meg-en-snau-mil-inn-i-nordmarka\" rel=\"noopener nofollow\" target=\"_blank\">terningkast 1<\/a>\u00a0av VGs Tor Martin B\u00f8e.<\/p>\n<p>\u2013 Det gj\u00f8r ingenting \u00e5 vende tilbake til mitt normale liv, sa en munter Jaffery til VG etter exiten.<\/p>\n","protected":false},"excerpt":{"rendered":"Helt i starten av sendingen trakk Orken seg fra sangkonkurransen. Der skjulte influencer Sophie Elise Isachsen seg. Isachsen&hellip;\n","protected":false},"author":2,"featured_media":94888,"comment_status":"","ping_status":"","sticky":false,"template":"","format":"standard","meta":{"footnotes":""},"categories":[5],"tags":[20,21,24,25,15,19,22,23,17,18,2693,13,30,28,29,14,16,2828,1444,26,27,943],"class_list":{"0":"post-94887","1":"post","2":"type-post","3":"status-publish","4":"format-standard","5":"has-post-thumbnail","7":"category-overskrifter","8":"tag-breaking-news","9":"tag-breakingnews","10":"tag-featured-news","11":"tag-featurednews","12":"tag-headlines","13":"tag-hovedoppslag","14":"tag-latest-news","15":"tag-latestnews","16":"tag-main-news","17":"tag-mainnews","18":"tag-maskorama","19":"tag-news","20":"tag-no","21":"tag-norge","22":"tag-norway","23":"tag-nyheter","24":"tag-overskrifter","25":"tag-sophie-elise","26":"tag-sophie-elise-isachsen","27":"tag-top-stories","28":"tag-topstories","29":"tag-vg"},"share_on_mastodon":{"url":"https:\/\/pubeurope.com\/@no\/115601379435799754","error":""},"_links":{"self":[{"href":"https:\/\/www.europesays.com\/no\/wp-json\/wp\/v2\/posts\/94887","targetHints":{"allow":["GET"]}}],"collection":[{"href":"https:\/\/www.europesays.com\/no\/wp-json\/wp\/v2\/posts"}],"about":[{"href":"https:\/\/www.europesays.com\/no\/wp-json\/wp\/v2\/types\/post"}],"author":[{"embeddable":true,"href":"https:\/\/www.europesays.com\/no\/wp-json\/wp\/v2\/users\/2"}],"replies":[{"embeddable":true,"href":"https:\/\/www.europesays.com\/no\/wp-json\/wp\/v2\/comments?post=94887"}],"version-history":[{"count":0,"href":"https:\/\/www.europesays.com\/no\/wp-json\/wp\/v2\/posts\/94887\/revisions"}],"wp:featuredmedia":[{"embeddable":true,"href":"https:\/\/www.europesays.com\/no\/wp-json\/wp\/v2\/media\/94888"}],"wp:attachment":[{"href":"https:\/\/www.europesays.com\/no\/wp-json\/wp\/v2\/media?parent=94887"}],"wp:term":[{"taxonomy":"category","embeddable":true,"href":"https:\/\/www.europesays.com\/no\/wp-json\/wp\/v2\/categories?post=94887"},{"taxonomy":"post_tag","embeddable":true,"href":"https:\/\/www.europesays.com\/no\/wp-json\/wp\/v2\/tags?post=94887"}],"curies":[{"name":"wp","href":"https:\/\/api.w.org\/{rel}","templated":true}]}}