{"id":94932,"date":"2025-11-24T00:26:09","date_gmt":"2025-11-24T00:26:09","guid":{"rendered":"https:\/\/www.europesays.com\/no\/94932\/"},"modified":"2025-11-24T00:26:09","modified_gmt":"2025-11-24T00:26:09","slug":"naeringsliv-asane-asane-butikken-er-karet-til-en-av-verdens-beste-arbeidsplasser-asane-tidende","status":"publish","type":"post","link":"https:\/\/www.europesays.com\/no\/94932\/","title":{"rendered":"N\u00e6ringsliv, \u00c5sane | \u00c5sane-butikken er k\u00e5ret til en av verdens beste arbeidsplasser &#8211; \u00c5sane Tidende"},"content":{"rendered":"<ol>\n<li><a href=\"https:\/\/news.google.com\/rss\/articles\/CBMiqgFBVV95cUxPTWN0OWZoem1zRWw1V28xT0x0MDhuRXIwQmlVOVctYVEtSktyYUVaZlpjLTF1V2M0TXNxZUo5Zl9qLVJhWVJ4VXJEUUhVTUxlbFo5NHVRcmJyMHNRb2U5cjYwdGJjUDBZSHpyazFFSWI1SWJxUTZ2cVl6UFd4eHFPN2pqazRDQlBfXzE3YnZXQ0JxakZCNXB3LXJHdFVSSEZUVzNoOWJ4ZWFtZw?oc=5\" target=\"_blank\" rel=\"nofollow noopener\">N\u00e6ringsliv, \u00c5sane | \u00c5sane-butikken er k\u00e5ret til en av verdens beste arbeidsplasser<\/a>&nbsp;&nbsp;\u00c5sane Tidende<\/li>\n<li><a href=\"https:\/\/news.google.com\/rss\/articles\/CBMirgFBVV95cUxOVzBxWE1CRHBzOWFXZWdmZmthRHZfb0VmX1J3eV84bEw5anFBeGIyNkQwNmNud0xDN1NsQkgyM05tUTg1OG40UHdLWlpucjFWbk9SeVNTUDNvRFgwWi1iTnVBb0NLQ1BpNmo3Q2lKNUZvLUdZbHdacmZKRWI5Ym9jRnVrTmRMM2ptYUhaQlpFQVloZEY3OXQ4S2EwTmtmcXVrclluWElUSzdKV2dyYWc?oc=5\" target=\"_blank\" rel=\"nofollow noopener\">Arbeidsliv, Sentrum | K\u00e5ret til en av verdens beste arbeidsplasser: \u2013 Et godt smil er smittsomt<\/a>&nbsp;&nbsp;iHarstad<\/li>\n<li><a href=\"https:\/\/news.google.com\/rss\/articles\/CBMic0FVX3lxTE9iV0RKQ3FKTTRjZTRXMzVSU1VtUDFNTkVGakx1dVpfLU0zLU9GRXNLeEp1Q0g3VFdJbDBfcFZmeElDM3M1cGpZQ29jWEpwNGtueklEX19ZbGJTS3NMcUdsWGFReXExRFVxQjFXX0kxbXlxR0U?oc=5\" target=\"_blank\" rel=\"nofollow noopener\">Specsavers k\u00e5ret til en av verdens beste arbeidsplasser<\/a>&nbsp;&nbsp;HandelsWatch<\/li>\n<li><a href=\"https:\/\/news.google.com\/rss\/articles\/CBMitAFBVV95cUxPZFdKNjd2ZS1XTzVZMnlWS2tiSG4tRmw5U3JvdkFNOFJHSHp0Z092UlhCcktudjE3WWc3aUxnbWF0cXZ4REJFanUxVmloeFAwUk1qNzZoY2VRSHdlUmNtc1VVZ1dsOE1tRUcxR2N4d1F1eWFWejBPSlFfZUVNbmNiLWRRZ3hoVEE2bmh3UHNBRDVoaERBZGc0MkowMm9wYjdyUll6T2JPd3h1U09TMEd1d2llWGE?oc=5\" target=\"_blank\" rel=\"nofollow noopener\">(+) Kjetil styrer en av verdens beste arbeidsplasser: \u2013 Det er veldig givende<\/a>&nbsp;&nbsp;folkebladet.no<\/li>\n<\/ol>\n","protected":false},"excerpt":{"rendered":"N\u00e6ringsliv, \u00c5sane | \u00c5sane-butikken er k\u00e5ret til en av verdens beste arbeidsplasser&nbsp;&nbsp;\u00c5sane Tidende Arbeidsliv, Sentrum | K\u00e5ret til&hellip;\n","protected":false},"author":2,"featured_media":94933,"comment_status":"","ping_status":"","sticky":false,"template":"","format":"standard","meta":{"footnotes":""},"categories":[56],"tags":[60,61,62,30,28,29],"class_list":{"0":"post-94932","1":"post","2":"type-post","3":"status-publish","4":"format-standard","5":"has-post-thumbnail","7":"category-naeringsliv","8":"tag-business","9":"tag-economy","10":"tag-naeringsliv","11":"tag-no","12":"tag-norge","13":"tag-norway"},"share_on_mastodon":{"url":"https:\/\/pubeurope.com\/@no\/115601839480576910","error":""},"_links":{"self":[{"href":"https:\/\/www.europesays.com\/no\/wp-json\/wp\/v2\/posts\/94932","targetHints":{"allow":["GET"]}}],"collection":[{"href":"https:\/\/www.europesays.com\/no\/wp-json\/wp\/v2\/posts"}],"about":[{"href":"https:\/\/www.europesays.com\/no\/wp-json\/wp\/v2\/types\/post"}],"author":[{"embeddable":true,"href":"https:\/\/www.europesays.com\/no\/wp-json\/wp\/v2\/users\/2"}],"replies":[{"embeddable":true,"href":"https:\/\/www.europesays.com\/no\/wp-json\/wp\/v2\/comments?post=94932"}],"version-history":[{"count":0,"href":"https:\/\/www.europesays.com\/no\/wp-json\/wp\/v2\/posts\/94932\/revisions"}],"wp:featuredmedia":[{"embeddable":true,"href":"https:\/\/www.europesays.com\/no\/wp-json\/wp\/v2\/media\/94933"}],"wp:attachment":[{"href":"https:\/\/www.europesays.com\/no\/wp-json\/wp\/v2\/media?parent=94932"}],"wp:term":[{"taxonomy":"category","embeddable":true,"href":"https:\/\/www.europesays.com\/no\/wp-json\/wp\/v2\/categories?post=94932"},{"taxonomy":"post_tag","embeddable":true,"href":"https:\/\/www.europesays.com\/no\/wp-json\/wp\/v2\/tags?post=94932"}],"curies":[{"name":"wp","href":"https:\/\/api.w.org\/{rel}","templated":true}]}}