{"id":94934,"date":"2025-11-24T00:29:26","date_gmt":"2025-11-24T00:29:26","guid":{"rendered":"https:\/\/www.europesays.com\/no\/94934\/"},"modified":"2025-11-24T00:29:26","modified_gmt":"2025-11-24T00:29:26","slug":"hylles-etter-tordentale-ikke-sinte-nok","status":"publish","type":"post","link":"https:\/\/www.europesays.com\/no\/94934\/","title":{"rendered":"Hylles etter tordentale: &#8211; Ikke sinte nok"},"content":{"rendered":"<p>Tidligere denne uka gikk TV-profil og influenser Fetisha Williams hardt ut mot dagligvaregigantene, og erkl\u00e6rte seg \u00abnorsketarianer\u00bb for en m\u00e5ned.<\/p>\n<p class=\"bold m-bold\" data-lab-font_weight=\"bold\"><a href=\"https:\/\/www.tv2.no\/underholdning\/norsketarianer-blodet-mitt-kokte\/18308858\/\" rel=\"nofollow noopener\" target=\"_blank\">Det betyr at hun boikotter de store kjedene<\/a>, og skaffer seg mat direkte fra produsenten, eksempelvis bonden selv.\u00a0<\/p>\n<p>Boikottmeldingen kom rett etter at SSB publiserte inflasjonstall som viste at matvareprisene det siste \u00e5ret har steget nesten dobbelt s\u00e5 mye som prisene ellers.<\/p>\n<p>\u2013 Det handler ikke bare om \u00e5 spise norsk mat, men ogs\u00e5 \u00e5 st\u00f8tte n\u00e6rmilj\u00f8et. Jeg er drita lei av \u00e5 g\u00e5 p\u00e5 Gr\u00fcnerl\u00f8kka og se alle kjedene. Hvis jeg ser en Coop til, s\u00e5 spyr jeg. Jeg vil at vi skal ha et matvaremarked som er konkurransedyktig, hvor ogs\u00e5 vanlige folk kan komme inn og drive business, tordnet hun da hun gjestet \u00abNyhetskompaniet\u00bb p\u00e5 TV 2.<\/p>\n<p>        <img class=\"image__img lazyload\" itemprop=\"image\" title=\"Foto: Aleksander Myklebust \/ TV 2\" alt=\"IKKE \u00abNORSKITARIANER\u00bb: M\u00edmir Kristj\u00e1nsson sier han selv ikke har tid til det samme prosjektet som Williams, men hyller initiativet. Foto: Aleksander Myklebust \/ TV 2\" width=\"675\" height=\"439\" bad-src=\"https:\/\/www.europesays.com\/no\/wp-content\/uploads\/2025\/11\/16795225.webp\" fetchpriority=\"auto\" \/><\/p>\n<p>      IKKE \u00abNORSKITARIANER\u00bb: M\u00edmir Kristj\u00e1nsson sier han selv ikke har tid til det samme prosjektet som Williams, men hyller initiativet.<br \/>\n         Foto: Aleksander Myklebust \/ TV 2<\/p>\n<p>Williams&#8217; prosjekt og budskap applauderes av M\u00edmir Kristj\u00e1nsson, stortingsrepresentant for R\u00f8dt.\u00a0<\/p>\n<p>\u2013\u00a0 Jeg tenkte at hun har 100 prosent rett i kritikken av dagligvarekjedene. Nordmenn er ikke sinte nok p\u00e5 kjedene. Matvareprisene har steget dobbelt s\u00e5 mye som andre priser. De pengene man betaler i butikken, g\u00e5r ikke rett i lomma p\u00e5 bonden eller butikkansatte, men til de rike familiene i Norgesfamilien, Rema 1000 og Coop, sier han til TV 2.<\/p>\n<p>Det har i lang tid v\u00e6rt uttrykt bekymring for at de tre kjedene st\u00e5r for 95 prosent av dagligvaremarkedet &#8211; og dominerer grossist- og distribusjonsleddene.\u00a0<\/p>\n<p>Dette har v\u00e6rt oppe til politisk diskusjon en rekke ganger. For to \u00e5r siden gikk dav\u00e6rende n\u00e6ringsminister Jan Christian Vestre (Ap) hardt ut med en tipunktsplan for \u00e5 bedre konkurransevilk\u00e5rene i bransjen.\u00a0<\/p>\n<p>Politiker-refs: \u2013 Skuespill<\/p>\n<p>Kristj\u00e1nsson er lite imponert over de politiske virkemidlene som er benyttet hittil.<\/p>\n<p>\u2013 Jeg synes det er litt flaut at en influenser\u00a0har skj\u00f8nt mer om dette enn vi som sitter p\u00e5 Stortinget, sier han, og fortsetter:<\/p>\n<p>\u2013 Regjeringen kaller inn til skuespillaktige m\u00f8ter, for \u00e5 gi dagligvarekjedene en skjennepreken slik at det ser ut som de gj\u00f8r noe. Selv Ole Robert Reitan gidder ikke \u00e5 m\u00f8te lenger.<\/p>\n<p>Rema 1000-sjefen gikk <a href=\"https:\/\/www.tv2.no\/nyheter\/innenriks\/reitan-freser-mot-regjeringen-de-er-ikke-interessert\/18278823\/\" rel=\"nofollow noopener\" target=\"_blank\">tidligere denne m\u00e5neden ut med kritikk av regjeringen.\u00a0<\/a><\/p>\n<p> \u2013 De er mest opptatt av \u00e5 ha hatt m\u00f8ter, og \u00e5 kunne si at de har kalt oss inn p\u00e5 teppet. Det er ingen politikere som har vist meg at de faktisk er interessert i \u00e5 forst\u00e5 hvordan bransjen fungerer, sa han i \u00abNyhetskompaniet\u00bb, og avsl\u00f8rte samtidig at han sto over det seneste m\u00f8tet han ble invitert til.<\/p>\n<p>\u2013 Helt ko-ko<\/p>\n<p>R\u00f8dt-Kristj\u00e1nsson mener det viktigste grepet er \u00e5 s\u00f8rge for at lokale produsenter f\u00e5r plass i dagligvarehyllene, uten \u00e5 gjemt bort bak kjedenes egne merker.<\/p>\n<p>\u2013 Det som er helt ko-ko i Norge hvor vanskelig det er for en liten, uavhengig produsent \u00e5 f\u00e5 solgt produktene sine i sin lokale Rema-butikk, og hvor vanskelig det er for en uavhengig butikk \u00e5 etablere seg i konkurranse med de store kjedene. Det er veldig komplisert, og hovedgrepet m\u00e5 v\u00e6re \u00e5 endre det, sier han.<\/p>\n<p class=\"italic m-italic\" data-lab-italic=\"italic\">TV 2 har sendt en henvendelse om tilsvar til Rema 1000 s\u00f8ndag ettermiddag, som forel\u00f8pig ikke er besvart.<\/p>\n<p>Selv synes\u00a0Kristj\u00e1nsson det er imponerende av Williams \u00e5 g\u00e5 rett til kilden for produkter, noe som krever b\u00e5de tid og planlegging mange kanskje ikke har kapasitet til.<\/p>\n<p>\u2013 Jeg har selv ikke tid i livet mitt til \u00e5 v\u00e6re norsketarianer, jeg g\u00e5r i butikken der jeg bor og kj\u00f8per mat. Jeg heier p\u00e5 Fetisha, og h\u00e5per andre influensere blir med p\u00e5 den bevegelsen. S\u00e6rlig mat-influensere b\u00f8r kjenne sin bes\u00f8kelsestid og v\u00e6re opptatt av hvem som bestemmer!<\/p>\n","protected":false},"excerpt":{"rendered":"Tidligere denne uka gikk TV-profil og influenser Fetisha Williams hardt ut mot dagligvaregigantene, og erkl\u00e6rte seg \u00abnorsketarianer\u00bb for&hellip;\n","protected":false},"author":2,"featured_media":94935,"comment_status":"","ping_status":"","sticky":false,"template":"","format":"standard","meta":{"footnotes":""},"categories":[5],"tags":[20,21,24,25,15,19,22,23,17,18,13,30,28,29,14,16,26,27],"class_list":{"0":"post-94934","1":"post","2":"type-post","3":"status-publish","4":"format-standard","5":"has-post-thumbnail","7":"category-overskrifter","8":"tag-breaking-news","9":"tag-breakingnews","10":"tag-featured-news","11":"tag-featurednews","12":"tag-headlines","13":"tag-hovedoppslag","14":"tag-latest-news","15":"tag-latestnews","16":"tag-main-news","17":"tag-mainnews","18":"tag-news","19":"tag-no","20":"tag-norge","21":"tag-norway","22":"tag-nyheter","23":"tag-overskrifter","24":"tag-top-stories","25":"tag-topstories"},"share_on_mastodon":{"url":"https:\/\/pubeurope.com\/@no\/115601851278120590","error":""},"_links":{"self":[{"href":"https:\/\/www.europesays.com\/no\/wp-json\/wp\/v2\/posts\/94934","targetHints":{"allow":["GET"]}}],"collection":[{"href":"https:\/\/www.europesays.com\/no\/wp-json\/wp\/v2\/posts"}],"about":[{"href":"https:\/\/www.europesays.com\/no\/wp-json\/wp\/v2\/types\/post"}],"author":[{"embeddable":true,"href":"https:\/\/www.europesays.com\/no\/wp-json\/wp\/v2\/users\/2"}],"replies":[{"embeddable":true,"href":"https:\/\/www.europesays.com\/no\/wp-json\/wp\/v2\/comments?post=94934"}],"version-history":[{"count":0,"href":"https:\/\/www.europesays.com\/no\/wp-json\/wp\/v2\/posts\/94934\/revisions"}],"wp:featuredmedia":[{"embeddable":true,"href":"https:\/\/www.europesays.com\/no\/wp-json\/wp\/v2\/media\/94935"}],"wp:attachment":[{"href":"https:\/\/www.europesays.com\/no\/wp-json\/wp\/v2\/media?parent=94934"}],"wp:term":[{"taxonomy":"category","embeddable":true,"href":"https:\/\/www.europesays.com\/no\/wp-json\/wp\/v2\/categories?post=94934"},{"taxonomy":"post_tag","embeddable":true,"href":"https:\/\/www.europesays.com\/no\/wp-json\/wp\/v2\/tags?post=94934"}],"curies":[{"name":"wp","href":"https:\/\/api.w.org\/{rel}","templated":true}]}}