{"id":94942,"date":"2025-11-24T01:02:10","date_gmt":"2025-11-24T01:02:10","guid":{"rendered":"https:\/\/www.europesays.com\/no\/94942\/"},"modified":"2025-11-24T01:02:10","modified_gmt":"2025-11-24T01:02:10","slug":"krigen-i-ukraina-fredsplan-for-russland-og-ukraina","status":"publish","type":"post","link":"https:\/\/www.europesays.com\/no\/94942\/","title":{"rendered":"Krigen i Ukraina, Fredsplan for Russland og Ukraina"},"content":{"rendered":"\n<p>En framtidig fredsplan for Ukraina m\u00e5 fullt ut opprettholde Ukrainas suverenitet, if\u00f8lge en felles uttalelse fra USA og Ukraina.<\/p>\n<p>Forhandlere fra USA og Ukraina, i tillegg til europeiske land, er i Gen\u00e8ve i Sveits for \u00e5 diskutere USAs forslag til en fredsplan for Ukraina.<\/p>\n<p>\u2013 Samtalene var konstruktive, fokuserte og respektfulle, og understreket den felles forpliktelsen til \u00e5 oppn\u00e5 en rettferdig og varig fred, opplyser Det hvite hus i en <a rel=\"noopener nofollow\" href=\"https:\/\/www.whitehouse.gov\/briefings-statements\/2025\/11\/joint-statement-on-united-states-ukraine-meeting\/\" target=\"_blank\">felles uttalelse<\/a> fra Ukraina og USA.<\/p>\n<p>I uttalelsen heter det at enhver framtidig avtale fullt ut m\u00e5 opprettholde Ukrainas suverenitet. Partene har utarbeidet et oppdatert og forbedret fredsrammeverk.<\/p>\n<p>Fortsetter arbeidet med felles forslag<\/p>\n<p>Ukraina og USA er enige om \u00e5 fortsette arbeidet med et felles forslag i de kommende dagene. If\u00f8lge Det hvite hus har ukrainske representanter uttalt at det n\u00e5v\u00e6rende utkastet gjenspeiler deres nasjonale interesser, skriver nyhetsbyr\u00e5et Reuters.<\/p>\n<p>Tidligere s\u00f8ndag roste b\u00e5de USAs utenriksminister og Ukrainas forhandlingsleder framgangen i samtalene i Gen\u00e8ve.<\/p>\n<p>\u2013 Jeg synes vi har hatt veldig stor framgang, sa USAs utenriksminister Marco Rubio til pressen s\u00f8ndag kveld.<\/p>\n<p>\u2013 Fristen er at vi vil f\u00e5 dette gjort s\u00e5 fort som mulig, jeg vil gjerne at det blir torsdag, sa Rubio, som understreket at han er veldig optimistisk.<\/p>\n<p>M\u00f8tt med skepsis<\/p>\n<p>USAs president Donald Trumps plan p\u00e5 28 punkter for \u00e5 skape fred i Ukraina har blitt m\u00f8tt med skepsis fra flere hold, deriblant europeiske ledere. I forbindelse med forhandlingene la europeiske land fram et motforslag til planen, som tar utgangspunkt i USAs forslag med endringer.<\/p>\n<p>Ukrainas president Volodymyr Zelenskyj sier det er bra at ukrainske og amerikanske representanter er i dialog s\u00f8ndag, og bemerker seg at det er tegn p\u00e5 at Trump lytter til Ukraina.<\/p>\n<p>USAs utenriksminister understreker at Russland ogs\u00e5 m\u00e5 si seg enig i det som forhandles fram i Gen\u00e8ve.<\/p>\n","protected":false},"excerpt":{"rendered":"En framtidig fredsplan for Ukraina m\u00e5 fullt ut opprettholde Ukrainas suverenitet, if\u00f8lge en felles uttalelse fra USA og&hellip;\n","protected":false},"author":2,"featured_media":94943,"comment_status":"","ping_status":"","sticky":false,"template":"","format":"standard","meta":{"footnotes":""},"categories":[12],"tags":[20,21,24,25,15,22,23,13,30,28,29,14,16,26,27,42,43,44,45],"class_list":{"0":"post-94942","1":"post","2":"type-post","3":"status-publish","4":"format-standard","5":"has-post-thumbnail","7":"category-verden","8":"tag-breaking-news","9":"tag-breakingnews","10":"tag-featured-news","11":"tag-featurednews","12":"tag-headlines","13":"tag-latest-news","14":"tag-latestnews","15":"tag-news","16":"tag-no","17":"tag-norge","18":"tag-norway","19":"tag-nyheter","20":"tag-overskrifter","21":"tag-top-stories","22":"tag-topstories","23":"tag-verden","24":"tag-world","25":"tag-world-news","26":"tag-worldnews"},"share_on_mastodon":{"url":"https:\/\/pubeurope.com\/@no\/115601981074560640","error":""},"_links":{"self":[{"href":"https:\/\/www.europesays.com\/no\/wp-json\/wp\/v2\/posts\/94942","targetHints":{"allow":["GET"]}}],"collection":[{"href":"https:\/\/www.europesays.com\/no\/wp-json\/wp\/v2\/posts"}],"about":[{"href":"https:\/\/www.europesays.com\/no\/wp-json\/wp\/v2\/types\/post"}],"author":[{"embeddable":true,"href":"https:\/\/www.europesays.com\/no\/wp-json\/wp\/v2\/users\/2"}],"replies":[{"embeddable":true,"href":"https:\/\/www.europesays.com\/no\/wp-json\/wp\/v2\/comments?post=94942"}],"version-history":[{"count":0,"href":"https:\/\/www.europesays.com\/no\/wp-json\/wp\/v2\/posts\/94942\/revisions"}],"wp:featuredmedia":[{"embeddable":true,"href":"https:\/\/www.europesays.com\/no\/wp-json\/wp\/v2\/media\/94943"}],"wp:attachment":[{"href":"https:\/\/www.europesays.com\/no\/wp-json\/wp\/v2\/media?parent=94942"}],"wp:term":[{"taxonomy":"category","embeddable":true,"href":"https:\/\/www.europesays.com\/no\/wp-json\/wp\/v2\/categories?post=94942"},{"taxonomy":"post_tag","embeddable":true,"href":"https:\/\/www.europesays.com\/no\/wp-json\/wp\/v2\/tags?post=94942"}],"curies":[{"name":"wp","href":"https:\/\/api.w.org\/{rel}","templated":true}]}}