{"id":94946,"date":"2025-11-24T01:09:16","date_gmt":"2025-11-24T01:09:16","guid":{"rendered":"https:\/\/www.europesays.com\/no\/94946\/"},"modified":"2025-11-24T01:09:16","modified_gmt":"2025-11-24T01:09:16","slug":"ukraina-ligger-an-til-a-tape-krigen","status":"publish","type":"post","link":"https:\/\/www.europesays.com\/no\/94946\/","title":{"rendered":"\u2013 Ukraina ligger an til \u00e5 tape krigen"},"content":{"rendered":"<p><strong>Donald Trump hevder Ukraina taper p\u00e5 slagmarken, og det tror ogs\u00e5 major og l\u00e6rer ved Krigsskolen, Amund Osflaten.<\/strong> <\/p>\n<p>I en samtale med Ole Asbj\u00f8rn Ness spilt inn s\u00f8ndag kveld mens <a href=\"https:\/\/inyheter.no\/21\/11\/2025\/dette-er-trumps-28-punkts-fredsplan-for-ukraina-og-russland\/\" rel=\"nofollow noopener\" target=\"_blank\">Trumps 28. punktsplan<\/a> <a href=\"https:\/\/inyheter.no\/23\/11\/2025\/trump-ukrainas-lederskap-har-vist-null-takknemlighet\/\" rel=\"nofollow noopener\" target=\"_blank\">diskuteres i Geneve<\/a>, gir Osflaten et \u00e6rlig og usminket bilde av sitt syn p\u00e5 den milit\u00e6re situasjonen fra taktisk til strategisk niv\u00e5.<\/p>\n<p>\u2013 Jeg har allerede i flere m\u00e5neder sagt at det g\u00e5r d\u00e5rlig for Ukraina i krigen, sier han. <\/p>\n<p>\u2013 Det er en utmattelseskrig. Den handler om ressurser.<\/p>\n<p>Amund Osflaten mener den milit\u00e6re og politiske situasjonen i Ukraina n\u00e5 peker i \u00e9n retning: Ukraina taper, dersom krigen fortsetter p\u00e5 dagens premisser. Han beskriver en front som gradvis presses tilbake, et luftvern som svekkes, og en ukrainsk h\u00e6r som p\u00e5f\u00f8res tap den ikke lenger klarer \u00e5 erstatte.<\/p>\n<p>Osflaten har tatt doktorgrad p\u00e5 russisk krigf\u00f8ring.<\/p>\n<p>Han forklarer at de avgj\u00f8rende beslutningene som kunne endret dagens situasjon, m\u00e5tte v\u00e6rt tatt for lenge siden. Etter hans vurdering kom det vestlige l\u00f8ftet om produksjon og st\u00f8tte altfor sent.<\/p>\n<p>\u2013 De beslutningene m\u00e5tte ha v\u00e6rt tatt m\u00e5neder, kanskje \u00e5r tidligere. Det er de lange linjene som er viktige.<\/p>\n<p>En av hoved\u00e5rsakene til at han mener Ukraina er p\u00e5 defensiven, er den gradvise, men vedvarende russiske fremrykningen.<\/p>\n<p>\u2013 Ukraina har i mange m\u00e5neder og \u00e5r blitt presset bakover. Det er klare tegn p\u00e5 svakhet, sier han.<\/p>\n<p><strong>Situasjonen i omr\u00e5det rundt Pokrovsk<\/strong> beskriver han som et av flere alvorlige tegn.<\/p>\n<p>\u2013 Pokrovsk er en av mange steder der Ukraina blir presset. Det er vanskelig \u00e5 si helt sikkert, men sannsynligvis er ukrainske styrker i ferd med \u00e5 bli \u00f8delagt der.<\/p>\n<p>Han understreker samtidig at utviklingen ikke b\u00f8r m\u00e5les i hvor mange kvadratkilometer som skifter kontroll.<\/p>\n<p>\u2013 Mange bruker det som m\u00e5l, men det er misvisende. Dette er en utmattelseskrig, ikke en man\u00f8vrekrig fra uke til uke.<\/p>\n<p>Et annet utviklingstrekk som bekymrer ham, er hvordan russiske missiler, droner og presisjonsv\u00e5pen i stadig st\u00f8rre grad sl\u00e5r gjennom det ukrainske luftvernet.<\/p>\n<p>\u2013 Det er stadig flere v\u00e5pen som klarer \u00e5 trenge gjennom. Russene bruker flere, og det ukrainske luftvernet klarer ikke \u00e5 holde tritt med utviklingen, sier han.<\/p>\n<p>N\u00e5r han vurderer krigens videre forl\u00f8p, legger han stor vekt p\u00e5 ressurssiden: ammunisjon, industriell kapasitet og personell.<\/p>\n<p>Han mener Vesten ikke klarte \u00e5 omsette sitt \u00f8konomiske og teknologiske fortrinn til faktisk milit\u00e6r kapasitet ved fronten.<\/p>\n<p>\u2013 Det potensialet betyr ingenting hvis det ikke omdannes til noe ukrainerne kan bruke ved fronten. Der har vi mislyktes.<\/p>\n<p>If\u00f8lge Osflaten var det f\u00f8rst i 2024 at NATO-land begynte \u00e5 n\u00e6rme seg russisk produksjon av artilleriammunisjon.<\/p>\n<p>Men selv om produksjonen n\u00e5 \u00f8ker, mener han slaget om tid allerede er tapt.<\/p>\n<p>\u2013 N\u00e5 begynner artilleriammunisjon \u00e5 bli mindre viktig. Det er andre faktorer som teller, og der sliter Ukraina mye mer. Spesielt personell.<\/p>\n<p>Han peker p\u00e5 at Ukraina b\u00e5de mangler soldater og mister stadig flere erfarne tropper i defensive kamper.<\/p>\n<p>\u2013 Du kan ikke produsere nytt personell uten videre. Det er tapt. Ukraina har store problemer med \u00e5 rekruttere og beholde nok personell.<\/p>\n<p>N\u00e5r det gjelder russiske tapstall, mener han den offentlige debatten i Vesten er blitt misforst\u00e5tt. Han viser til at mange tall bygger p\u00e5 ukrainsk rapportering som ogs\u00e5 har propagandahensyn.<\/p>\n<p><strong>Ukraina kan ha flere drepte soldater<\/strong><\/p>\n<p>Hans egen vurdering er at tapene p\u00e5 begge sider har v\u00e6rt mer like enn mange i Vesten har trodd.<\/p>\n<p>\u2013 I november i fjor anslo jeg at de russiske tapene var rundt 120 000 drepte. P\u00e5 ukrainsk side rundt 80 000. Tapstallene er sammenlignbare. Jeg antar at de ukrainske tapene kan ha g\u00e5tt forbi de russiske det siste \u00e5ret.<\/p>\n<p>Det er dette forholdet \u2013 h\u00f8ye ukrainske tap og begrenset tilgang p\u00e5 nye soldater \u2013 som gj\u00f8r at han mener utviklingen ikke kan snus gjennom mer penger eller v\u00e5pen alene.<\/p>\n<p>\u2013 Hvis Ukraina hadde v\u00e6rt i stand til \u00e5 st\u00e5 imot, hadde de holdt linjene. Det er ingen grunn til \u00e5 trekke seg tilbake hvis du klarer \u00e5 holde stand. At de m\u00e5 trekke seg, er et klart svakhetstegn.<\/p>\n<p><strong>Brekkpunkt<\/strong><\/p>\n<p>Samtidig mener han at den \u00f8kende russiske kapasiteten til \u00e5 ramme kritisk ukrainsk infrastruktur kan f\u00e5 store konsekvenser.<\/p>\n<p>\u2013 P\u00e5 et tidspunkt kan Russland ramme s\u00e5 mye av den kritiske infrastrukturen at det vil p\u00e5virke evnen til \u00e5 forsvare seg.<\/p>\n<p>Men hvor langt unna Ukraina er dette punktet, mener han egentlig er et feil sp\u00f8rsm\u00e5l.<\/p>\n<p>\u2013 Det punktet er ikke s\u00e5 interessant i seg selv. Du m\u00e5 tenke bakover i tid: N\u00e5r m\u00e5tte beslutningene tas for at det ikke skulle skje? Da snakker vi 2022 og tidlig 2023, sier han.<\/p>\n<p>Og det er her han konkluderer:<\/p>\n<p>\u2013 Jeg vil si at gitt forutsetningene i dag, er det overveiende sannsynlig at Ukraina taper krigen.<\/p>\n<p>Han legger til at ekstraordin\u00e6re hendelser kan endre bildet, men at man m\u00e5 forholde seg til det mest sannsynlige utfallet.<\/p>\n<p>\u2013 Det kan skje ting i Russland internt. Men gitt situasjonen n\u00e5, er det sv\u00e6rt sannsynlig at Ukraina taper.<\/p>\n<p>Podkasten med Osflaten blir publisert tirsdag morgen.<\/p>\n","protected":false},"excerpt":{"rendered":"Donald Trump hevder Ukraina taper p\u00e5 slagmarken, og det tror ogs\u00e5 major og l\u00e6rer ved Krigsskolen, Amund Osflaten.&hellip;\n","protected":false},"author":2,"featured_media":94947,"comment_status":"","ping_status":"","sticky":false,"template":"","format":"standard","meta":{"footnotes":""},"categories":[12],"tags":[12290,20,21,24,25,15,22,23,233,13,30,28,29,14,16,188,26,27,489,42,43,44,45],"class_list":{"0":"post-94946","1":"post","2":"type-post","3":"status-publish","4":"format-standard","5":"has-post-thumbnail","7":"category-verden","8":"tag-amund-osflaten","9":"tag-breaking-news","10":"tag-breakingnews","11":"tag-featured-news","12":"tag-featurednews","13":"tag-headlines","14":"tag-latest-news","15":"tag-latestnews","16":"tag-nato","17":"tag-news","18":"tag-no","19":"tag-norge","20":"tag-norway","21":"tag-nyheter","22":"tag-overskrifter","23":"tag-russland","24":"tag-top-stories","25":"tag-topstories","26":"tag-ukraina","27":"tag-verden","28":"tag-world","29":"tag-world-news","30":"tag-worldnews"},"share_on_mastodon":{"url":"https:\/\/pubeurope.com\/@no\/115602008574520149","error":""},"_links":{"self":[{"href":"https:\/\/www.europesays.com\/no\/wp-json\/wp\/v2\/posts\/94946","targetHints":{"allow":["GET"]}}],"collection":[{"href":"https:\/\/www.europesays.com\/no\/wp-json\/wp\/v2\/posts"}],"about":[{"href":"https:\/\/www.europesays.com\/no\/wp-json\/wp\/v2\/types\/post"}],"author":[{"embeddable":true,"href":"https:\/\/www.europesays.com\/no\/wp-json\/wp\/v2\/users\/2"}],"replies":[{"embeddable":true,"href":"https:\/\/www.europesays.com\/no\/wp-json\/wp\/v2\/comments?post=94946"}],"version-history":[{"count":0,"href":"https:\/\/www.europesays.com\/no\/wp-json\/wp\/v2\/posts\/94946\/revisions"}],"wp:featuredmedia":[{"embeddable":true,"href":"https:\/\/www.europesays.com\/no\/wp-json\/wp\/v2\/media\/94947"}],"wp:attachment":[{"href":"https:\/\/www.europesays.com\/no\/wp-json\/wp\/v2\/media?parent=94946"}],"wp:term":[{"taxonomy":"category","embeddable":true,"href":"https:\/\/www.europesays.com\/no\/wp-json\/wp\/v2\/categories?post=94946"},{"taxonomy":"post_tag","embeddable":true,"href":"https:\/\/www.europesays.com\/no\/wp-json\/wp\/v2\/tags?post=94946"}],"curies":[{"name":"wp","href":"https:\/\/api.w.org\/{rel}","templated":true}]}}