{"id":94950,"date":"2025-11-24T01:17:34","date_gmt":"2025-11-24T01:17:34","guid":{"rendered":"https:\/\/www.europesays.com\/no\/94950\/"},"modified":"2025-11-24T01:17:34","modified_gmt":"2025-11-24T01:17:34","slug":"na-kan-bade-roros-og-holtalen-fa-ny-nasjonal-status-arbeidets-rett","status":"publish","type":"post","link":"https:\/\/www.europesays.com\/no\/94950\/","title":{"rendered":"N\u00e5 kan b\u00e5de R\u00f8ros og Holt\u00e5len f\u00e5 ny nasjonal status &#8211; Arbeidets Rett"},"content":{"rendered":"<ol>\n<li><a href=\"https:\/\/news.google.com\/rss\/articles\/CBMikgFBVV95cUxNOThFQkRCLTlESlE3SzRFdUVlbFAxUWdLTW5BVnRWMWpxbXFDTVJ2TURlVTFxZ1I4SUZGMG5qWHBmeUhPVkIza0phM3IzRGdFU0hHNTNYZmU2ZzlTQXQ0SWlnS25abHhWekJWNnVMYWtjM0l5dGhrRWRsbEdNa0M2d3JVdTFNekN1V2g3R2d4NmUwUQ?oc=5\" target=\"_blank\" rel=\"nofollow noopener\">N\u00e5 kan b\u00e5de R\u00f8ros og Holt\u00e5len f\u00e5 ny nasjonal status<\/a>&nbsp;&nbsp;Arbeidets Rett<\/li>\n<li><a href=\"https:\/\/news.google.com\/rss\/articles\/CBMingFBVV95cUxQRWc1NzQyU3FRNlRlUHI1c2VSX2FjZmJaYUd4NU1KQzhoYzFaZ3ZCVVBtN2QzNUZXRnVSbHVPX0dnbDZfNHhVNnBsMEtPeGlLVUNUR04tUUtXd3NydHpHRHFCVFU2TWFBSmkxRFVVVl9lRlVsZm1WN2M1a2pKc195c25iMmEtTVpUOU9DNjZGOW5RcnZhNy1KWUE3QzBLZw?oc=5\" target=\"_blank\" rel=\"nofollow noopener\">Dette landskapet har nasjonal interesse<\/a>&nbsp;&nbsp;vigga.no<\/li>\n<li><a href=\"https:\/\/news.google.com\/rss\/articles\/CBMinAFBVV95cUxNd2N4U094MnE4MnJNck9LT1JJMi1tenRVcDAwazdPUkJ1aTBPRzM3LVdsYVpMUEozdE1aZXFONF9iRTVlcmFQMmxZclRCMUdSclpZTXYzQW5QNUxibm1MQVAzQUtNZ2NpUkNzYkFpd21sNFBJUFBpTzVIcFhxaWdES2xRWVZHTFcybjA5MTFMX3ZMMHlxOEJvOWU2SXk?oc=5\" target=\"_blank\" rel=\"nofollow noopener\">Bygda kan havne p\u00e5 eksklusiv liste: \u2013 Har nasjonal interesse<\/a>&nbsp;&nbsp;bladet.no<\/li>\n<li><a href=\"https:\/\/news.google.com\/rss\/articles\/CBMiiwFBVV95cUxPNXQtdFFiNnJnQmdGUkdxd2hoNE94dkdFNmd5Q3htay1ZVzNXVVdydEJqM3lGYW9rLVhLUEJUaDMwczYwbm5UNzRnSTRMVGtFZmI1VVc3VWxFZVlBMWtoenByZzBEU3JlVmtUQlJBTWl3d1RxUC1hYlNjTTh2eE1aaE83QTR5bU9VX0Nn?oc=5\" target=\"_blank\" rel=\"nofollow noopener\">Disse omr\u00e5dene kan f\u00e5 nasjonal status<\/a>&nbsp;&nbsp;fosna-folket.no<\/li>\n<li><a href=\"https:\/\/news.google.com\/rss\/articles\/CBMipgFBVV95cUxQU0kzSUdTV3BKbG9haUgyVVM4YmZ1TGpHbXlaTEs1cmlvelNQdDY5R1JGNEd2bURDTjYyOWtPZjI4N2htM1lrQUNtVDlzUHRBT3lDUUVZbWtLcHE2emJBX2FyUm4tdjRUTHp4Vmo4am9rYWc1Y056M3ZrcjBlRXk5YjZDdk1rZ0VzMlFlaVBYRUhxRG54SDJoNUczQjZNTC1UekxMQXB3?oc=5\" target=\"_blank\" rel=\"nofollow noopener\">Kan f\u00e5 nasjonal status \u2013 omtales som bronsealderens jordbrukslandskap<\/a>&nbsp;&nbsp;s-n.no<\/li>\n<\/ol>\n","protected":false},"excerpt":{"rendered":"N\u00e5 kan b\u00e5de R\u00f8ros og Holt\u00e5len f\u00e5 ny nasjonal status&nbsp;&nbsp;Arbeidets Rett Dette landskapet har nasjonal interesse&nbsp;&nbsp;vigga.no Bygda kan&hellip;\n","protected":false},"author":2,"featured_media":94951,"comment_status":"","ping_status":"","sticky":false,"template":"","format":"standard","meta":{"footnotes":""},"categories":[10],"tags":[20,21,24,25,15,22,23,13,30,28,29,14,16,26,27],"class_list":{"0":"post-94950","1":"post","2":"type-post","3":"status-publish","4":"format-standard","5":"has-post-thumbnail","7":"category-norge","8":"tag-breaking-news","9":"tag-breakingnews","10":"tag-featured-news","11":"tag-featurednews","12":"tag-headlines","13":"tag-latest-news","14":"tag-latestnews","15":"tag-news","16":"tag-no","17":"tag-norge","18":"tag-norway","19":"tag-nyheter","20":"tag-overskrifter","21":"tag-top-stories","22":"tag-topstories"},"share_on_mastodon":{"url":"https:\/\/pubeurope.com\/@no\/115602039974530461","error":""},"_links":{"self":[{"href":"https:\/\/www.europesays.com\/no\/wp-json\/wp\/v2\/posts\/94950","targetHints":{"allow":["GET"]}}],"collection":[{"href":"https:\/\/www.europesays.com\/no\/wp-json\/wp\/v2\/posts"}],"about":[{"href":"https:\/\/www.europesays.com\/no\/wp-json\/wp\/v2\/types\/post"}],"author":[{"embeddable":true,"href":"https:\/\/www.europesays.com\/no\/wp-json\/wp\/v2\/users\/2"}],"replies":[{"embeddable":true,"href":"https:\/\/www.europesays.com\/no\/wp-json\/wp\/v2\/comments?post=94950"}],"version-history":[{"count":0,"href":"https:\/\/www.europesays.com\/no\/wp-json\/wp\/v2\/posts\/94950\/revisions"}],"wp:featuredmedia":[{"embeddable":true,"href":"https:\/\/www.europesays.com\/no\/wp-json\/wp\/v2\/media\/94951"}],"wp:attachment":[{"href":"https:\/\/www.europesays.com\/no\/wp-json\/wp\/v2\/media?parent=94950"}],"wp:term":[{"taxonomy":"category","embeddable":true,"href":"https:\/\/www.europesays.com\/no\/wp-json\/wp\/v2\/categories?post=94950"},{"taxonomy":"post_tag","embeddable":true,"href":"https:\/\/www.europesays.com\/no\/wp-json\/wp\/v2\/tags?post=94950"}],"curies":[{"name":"wp","href":"https:\/\/api.w.org\/{rel}","templated":true}]}}