{"id":94961,"date":"2025-11-24T02:48:37","date_gmt":"2025-11-24T02:48:37","guid":{"rendered":"https:\/\/www.europesays.com\/no\/94961\/"},"modified":"2025-11-24T02:48:37","modified_gmt":"2025-11-24T02:48:37","slug":"donerte-svimlende-sum","status":"publish","type":"post","link":"https:\/\/www.europesays.com\/no\/94961\/","title":{"rendered":"Donerte svimlende sum"},"content":{"rendered":"<p class=\"kicker \" style=\"\">Isabel Raad:\u00a0<\/p>\n<p>  Barn i indisk landsby f\u00e5r ny skole takket v\u00e6re stor donasjon fra den norske influenseren.<\/p>\n<p>\n    DONERTE EN MILLION: Den popul\u00e6re influenseren donerte en million kroner for \u00e5 bygge ny skole i India. Foto: Instagram \/ @isabelraad\n  <\/p>\n<p>Influenser og tidligere \u00abParadise Hotel\u00bb-profill Isabel Raad (31) har gitt \u00e9n million kroner av egen lomme for \u00e5 bygge en ny skole i en indisk landsby. Det bekrefter hun til <a href=\"https:\/\/www.vg.no\/rampelys\/i\/Wvl7La\/isabel-raad-donerer-en-million-kroner-til-skole-i-india\" rel=\"nofollow noopener\" target=\"_blank\">VG<\/a>.\u00a0<\/p>\n<p>    <a itemprop=\"url\" href=\"https:\/\/www.seher.no\/kjendis\/starmer-bor-sta-fram\/83889445\" rel=\"nofollow noopener\" target=\"_blank\"><\/p>\n<p>      <img loading=\"lazy\" decoding=\"async\" src=\"https:\/\/www.europesays.com\/no\/wp-content\/uploads\/2025\/11\/1763952517_831_83889357.webp\" width=\"980\" height=\"441\" title=\"Starmer: - B\u00f8r st\u00e5 fram\" alt=\"\" class=\"lazyload\" style=\"--aspect-ratio-image: 2.22; \"\/><\/p>\n<p>        Starmer: &#8211; B\u00f8r st\u00e5 fram<\/p>\n<p>    <\/a><\/p>\n<p>31-\u00e5ringen, som har markert seg som en av Norges mest popul\u00e6re influensere, ble inspirert til prosjektet da hun bes\u00f8kte landsbyen Chandelao for et \u00e5r siden.\u00a0<\/p>\n<p>Hun s\u00e5 barn som satt p\u00e5 bakken og fikk undervisning under d\u00e5rlige forhold, med minimalt lys.<\/p>\n<p>&#8211; Jeg s\u00e5 skolen og hvordan forholdene var. Der og da bestemte jeg meg for \u00e5 bidra, forteller hun til avisen.<\/p>\n<p>    <a itemprop=\"url\" href=\"https:\/\/www.seher.no\/kjendis\/roper-sykdom\/83889322\" rel=\"nofollow noopener\" target=\"_blank\"><\/p>\n<p>      <img loading=\"lazy\" decoding=\"async\" src=\"https:\/\/www.europesays.com\/no\/wp-content\/uploads\/2025\/11\/83889327.webp\" width=\"980\" height=\"441\" title=\"R\u00f8per sykdom\" alt=\"\" class=\"lazyload\" style=\"--aspect-ratio-image: 2.22; \"\/><\/p>\n<p>        R\u00f8per sykdom <\/p>\n<p>    <\/a><\/p>\n<p>Sammen med Kristin G. Andresen, som har drevet bistandsprosjekter i India i mange \u00e5r, har hun n\u00e5 st\u00e5tt for \u00e5pningen av et helt nytt skolebygg med plass til 240 elever.\u00a0<\/p>\n<p>          <img loading=\"lazy\" decoding=\"async\" src=\"https:\/\/www.europesays.com\/no\/wp-content\/uploads\/2025\/11\/83889600.webp\" width=\"686\" height=\"755\" title=\"T\u00c5REV\u00c5TT \u00d8YEBLIKK: Isabel Raad ble m\u00f8tt med en storsl\u00e5tt seremoni av skolens elever og l\u00e6rere - en sv\u00e6rt emosjonell opplevelse if\u00f8lge henne selv. Foto: Instagram \/ @isabelraad\" alt=\"\" class=\"\" style=\"--aspect-ratio-image: 0.91; \"\/><\/p>\n<p>\n          T\u00c5REV\u00c5TT \u00d8YEBLIKK: Isabel Raad ble m\u00f8tt med en storsl\u00e5tt seremoni av skolens elever og l\u00e6rere &#8211; en sv\u00e6rt emosjonell opplevelse if\u00f8lge henne selv. Foto: Instagram \/ @isabelraad\n      <\/p>\n<p>&#8211; For meg er dette et \u00abfull circle moment\u00bb. \u00c5 kunne hjelpe barn og gi dem en lysere fremtid betyr enormt mye, sier hun.<\/p>\n<p>Selv om hun vanligvis viser frem livet sitt i Dubai, har denne turen v\u00e6rt preget av et helt annet fokus: \u00e5 bidra til noe st\u00f8rre enn seg selv.<\/p>\n<p>&#8211; Jeg er s\u00e5 takknemlig for f\u00f8lgerne mine, som gj\u00f8r at jeg kan tjene penger p\u00e5 sosiale medier. Det gj\u00f8r det mulig for meg \u00e5 donere store bel\u00f8p og bidra til prosjekter som dette, sier hun.<\/p>\n","protected":false},"excerpt":{"rendered":"Isabel Raad:\u00a0 Barn i indisk landsby f\u00e5r ny skole takket v\u00e6re stor donasjon fra den norske influenseren. DONERTE&hellip;\n","protected":false},"author":2,"featured_media":94962,"comment_status":"","ping_status":"","sticky":false,"template":"","format":"standard","meta":{"footnotes":""},"categories":[10],"tags":[20,21,24,25,15,2830,479,2543,22,23,13,30,28,29,14,16,26,27],"class_list":{"0":"post-94961","1":"post","2":"type-post","3":"status-publish","4":"format-standard","5":"has-post-thumbnail","7":"category-norge","8":"tag-breaking-news","9":"tag-breakingnews","10":"tag-featured-news","11":"tag-featurednews","12":"tag-headlines","13":"tag-isabel-raad","14":"tag-kjendis","15":"tag-kjendisdesken","16":"tag-latest-news","17":"tag-latestnews","18":"tag-news","19":"tag-no","20":"tag-norge","21":"tag-norway","22":"tag-nyheter","23":"tag-overskrifter","24":"tag-top-stories","25":"tag-topstories"},"share_on_mastodon":{"url":"https:\/\/pubeurope.com\/@no\/115602398084121770","error":""},"_links":{"self":[{"href":"https:\/\/www.europesays.com\/no\/wp-json\/wp\/v2\/posts\/94961","targetHints":{"allow":["GET"]}}],"collection":[{"href":"https:\/\/www.europesays.com\/no\/wp-json\/wp\/v2\/posts"}],"about":[{"href":"https:\/\/www.europesays.com\/no\/wp-json\/wp\/v2\/types\/post"}],"author":[{"embeddable":true,"href":"https:\/\/www.europesays.com\/no\/wp-json\/wp\/v2\/users\/2"}],"replies":[{"embeddable":true,"href":"https:\/\/www.europesays.com\/no\/wp-json\/wp\/v2\/comments?post=94961"}],"version-history":[{"count":0,"href":"https:\/\/www.europesays.com\/no\/wp-json\/wp\/v2\/posts\/94961\/revisions"}],"wp:featuredmedia":[{"embeddable":true,"href":"https:\/\/www.europesays.com\/no\/wp-json\/wp\/v2\/media\/94962"}],"wp:attachment":[{"href":"https:\/\/www.europesays.com\/no\/wp-json\/wp\/v2\/media?parent=94961"}],"wp:term":[{"taxonomy":"category","embeddable":true,"href":"https:\/\/www.europesays.com\/no\/wp-json\/wp\/v2\/categories?post=94961"},{"taxonomy":"post_tag","embeddable":true,"href":"https:\/\/www.europesays.com\/no\/wp-json\/wp\/v2\/tags?post=94961"}],"curies":[{"name":"wp","href":"https:\/\/api.w.org\/{rel}","templated":true}]}}