{"id":94991,"date":"2025-11-24T05:33:31","date_gmt":"2025-11-24T05:33:31","guid":{"rendered":"https:\/\/www.europesays.com\/no\/94991\/"},"modified":"2025-11-24T05:33:31","modified_gmt":"2025-11-24T05:33:31","slug":"reaksjonene-hagler-ufattelig-dumt","status":"publish","type":"post","link":"https:\/\/www.europesays.com\/no\/94991\/","title":{"rendered":"Reaksjonene hagler: &#8211; Ufattelig dumt"},"content":{"rendered":"<p>        Saken oppsummert<\/p>\n<ul lang=\"nb-NO\">\n<li>Kristine Stav\u00e5s Skistad pr\u00f8vde \u00e5 f\u00e5 et gult kort med vilje under et renn p\u00e5 Beitost\u00f8len. <\/li>\n<li>Planen var \u00e5 slette et tidligere gult kort f\u00f8r verdenscupen i Finland, men hun endte med r\u00f8dt kort og diskvalifikasjon. <\/li>\n<li>Flere, inkludert Petter Northug, kritiserte Skistads \u00e5penhet om taktikken, noe som f\u00f8rte til diskusjon om reglene for gule kort. <\/li>\n<li>Det er enighet om at gule kort fra nasjonale renn ikke b\u00f8r p\u00e5virke verdenscupen, og dette b\u00f8r diskuteres videre.<\/li>\n<\/ul>\n<p class=\"italic ai-disclaimer\" data-lab-italic=\"italic\">Oppsummeringen er laget med kunstig intelligens (KI) fra OpenAI. Innholdet er kvalitetssikret av TV 2s journalister. <a target=\"_blank\" href=\"https:\/\/hjelp.tv2.no\/info\/artikkel\/slik-jobber-vi-med-ki-i-tv-2\" title=\"Les om hvordan vi jobber med KI\" rel=\"nofollow noopener\">Les om hvordan vi jobber med KI<\/a><\/p>\n<p>Fredag gikk Kristine Stav\u00e5s Skistad inn til en oppskriftsmessig sprintseier under den nasjonale \u00e5pningen p\u00e5 Beitost\u00f8len.\u00a0<\/p>\n<p>26-\u00e5ringen viste at hun er i rute til \u00e5 m\u00e5le krefter mot de svenske stjernene n\u00e5r verdenscupen \u00e5pner i Finland kommende helg.\u00a0<\/p>\n<p>Men, underveis i konkurransen p\u00e5dro skil\u00f8peren fra Konnerud seg et gult kort. Etterp\u00e5 annonserte hun det som p\u00e5 dav\u00e6rende tidspunkt h\u00f8rtes ut som en god plan. <\/p>\n<p>\u2013 Jeg f\u00e5r pr\u00f8ve \u00e5 f\u00e5 meg et gult kort i morgen, tenker jeg, sa Skistad til TV 2.\u00a0<\/p>\n<p class=\"italic m-italic\" data-lab-italic=\"italic\">\u2013 Taktikken er \u00e5 p\u00e5dra seg et gult kort med vilje, for \u00e5 slette det du allerede har?\u00a0<\/p>\n<p class=\"no_italic m-no_italic\" data-lab-italic=\"\">\u2013 Ja. Jeg kan ikke risikere \u00e5 f\u00e5 det neste helg, s\u00e5 jeg m\u00e5 pr\u00f8ve \u00e5 finne ut hvordan jeg kan f\u00e5 til det, sa Skistad.\u00a0<\/p>\n<p>Frar\u00e5det fors\u00f8ket\u00a0<\/p>\n<p>P\u00e5 den m\u00e5ten kunne Norges beste sprinter reise til Ruka uten \u00e5 bekymre seg for at en tyvstart skulle f\u00f8re til disk der, i det som tross alt er et mye viktigere renn.\u00a0<\/p>\n<p>Men, i fors\u00f8ket p\u00e5 \u00e5 p\u00e5dra seg et gult kort ved \u00e5 sk\u00f8yte mot slutten av l\u00f8ypa, endte juryen med \u00e5 gi Skistad r\u00f8dt kort.\u00a0<\/p>\n<p class=\"italic m-italic\" data-lab-italic=\"italic\">Se de spesielle bildene her:\u00a0<\/p>\n<p>Dermed ble 26-\u00e5ringen b\u00e5de disket fra dagens l\u00f8p, og sittende igjen med et gult kort som f\u00f8lger henne n\u00e5r hun reiser til verdenscupen.\u00a0<\/p>\n<p data-lab-font_weight=\"\">\u2013 Det var kanskje ikke mitt smarteste trekk, sier Skistad.\u00a0<\/p>\n<p>Overfor TV 2 avsl\u00f8rer teknisk delegat og jurymedlem Torbj\u00f8rn Broks Pettersen at han hadde gitt tydelig beskjed kvelden i forveien.\u00a0<\/p>\n<p>        <img class=\"image__img lazyload\" itemprop=\"image\" title=\"Foto: Terje Pedersen \/ NTB\" alt=\"TYDELIG: Broks Pettersen frar\u00e5det Skistad \u00e5 fors\u00f8ke og bli disket l\u00f8rdag. Foto: Terje Pedersen \/ NTB\" width=\"675\" height=\"453\" bad-src=\"https:\/\/www.europesays.com\/no\/wp-content\/uploads\/2025\/11\/18314608.webp\" fetchpriority=\"auto\" \/><\/p>\n<p>      TYDELIG: Broks Pettersen frar\u00e5det Skistad \u00e5 fors\u00f8ke og bli disket l\u00f8rdag.<br \/>\n         Foto: Terje Pedersen \/ NTB<\/p>\n<p class=\"bold m-bold\" data-lab-font_weight=\"bold\">\u2013\u00a0Jeg pratet med dem i g\u00e5r, og jeg frar\u00e5det det jo, for det er \u00e5 balansere p\u00e5 en knivsegg \u00e5 holde p\u00e5 s\u00e5nn. Denne gangen ble det for mye, sier Broks.\u00a0<\/p>\n<p>Flere av de andre l\u00f8perne p\u00e5 stadion har f\u00e5tt med seg oppstyret rundt det gule kortet og er enige om at fremgangsm\u00e5ten ikke var spesielt imponerende.\u00a0<\/p>\n<p>\u2013\u00a0Grunntanken med \u00e5 slette et kort er for s\u00e5 vidt greit, men \u00e5 bomme s\u00e5pass at du f\u00e5r r\u00f8dt: Da ville jeg kanskje lest meg opp litt bedre. Det var voldsomt, sier Harald \u00d8stberg Amundsen til TV 2.\u00a0<\/p>\n<p>\u2013\u00a0Et gult kort er kjipt \u00e5 dra med seg. En tyvstart i kvartfinalen i Finland, s\u00e5 ryker du rett ut, s\u00e5 man vil jo helst ha f\u00e6rrest mulig gule kort. Men f\u00f8rste tips er \u00e5 ikke fortelle om det p\u00e5 forh\u00e5nd. Det er et d\u00e5rlig triks, sier Johannes H\u00f8sflot Kl\u00e6bo.\u00a0<\/p>\n<p>        <img class=\"image__img lazyload\" itemprop=\"image\" title=\"Foto: Terje Pedersen \/ NTB\" alt=\"REAGERER: Johannes H\u00f8sflot Kl\u00e6bo har selvsagt f\u00e5tt med seg episoden som ble den store snakkisen p\u00e5 Beitost\u00f8len l\u00f8rdag. Foto: Terje Pedersen \/ NTB\" width=\"675\" height=\"493\" bad-src=\"https:\/\/www.europesays.com\/no\/wp-content\/uploads\/2025\/11\/1763962409_376_18314161.webp\" fetchpriority=\"auto\" \/><\/p>\n<p>      REAGERER: Johannes H\u00f8sflot Kl\u00e6bo har selvsagt f\u00e5tt med seg episoden som ble den store snakkisen p\u00e5 Beitost\u00f8len l\u00f8rdag.<br \/>\n         Foto: Terje Pedersen \/ NTB<\/p>\n<p class=\"bold m-bold\" data-lab-font_weight=\"bold\">\u2013\u00a0Det var jo ufattelig dumt \u00e5 si det i g\u00e5r. Hvis hun ikke hadde sagt det, s\u00e5 hadde hun sikkert f\u00e5tt ett gult kort i dag, og ikke r\u00f8dt, sier Erik Valnes.\u00a0<\/p>\n<p>Ogs\u00e5 Petter Northug, som har sett helgens renn p\u00e5 TV, har f\u00e5tt med seg oppstyret og er mindre imponert over gjennomf\u00f8ringen.\u00a0<\/p>\n<p>\u2013 Hun\u00a0m\u00e5 jo ikke dele det med hele verden. Skistad vet hvor det er kameraer, s\u00e5 hun kunne bare ha sk\u00f8ytet der og f\u00e5tt gult kort.\u00a0<\/p>\n<p>\u2013 N\u00e5r du g\u00e5r ut p\u00e5 forh\u00e5nd og melder om\u00a0at du skal ta et gult kort med vilje, s\u00e5 avsl\u00f8rer du jo deg selv. Hun kan jo ikke si det. Kristine m\u00e5 v\u00e6re mer kynisk, sier Northug til TV 2.\u00a0<\/p>\n<p>Rennleder Broks bekrefter mer eller mindre at Skistad kunne kommet unna med taktikken, dersom hun ikke hadde offentliggjort planen.\u00a0<\/p>\n<p class=\"bold m-bold\" data-lab-font_weight=\"bold\">\u2013 Det var nok ikke s\u00e5 lurt \u00e5 v\u00e6re s\u00e5pass \u00e5pen om det. Hun hadde blitt disket uansett i dag, men n\u00e5r juryen lander p\u00e5 r\u00f8dt kort, s\u00e5 er det fordi det gj\u00f8res opplagt og bevisst, og det er ikke i tr\u00e5d med sportens \u00e5nd, sier Broks.\u00a0<\/p>\n<p>\u2013 J\u00e6vlig d\u00e5rlig\u00a0<\/p>\n<p>I Sverige ble det ogs\u00e5 oppstyr rundt et gult kort fredag, etter at Alvar Myhlback ble disket under sprinten i G\u00e4llivare.\u00a0<\/p>\n<p>\u00c5rsaken: Langrennsl\u00f8peren hadde p\u00e5dratt seg et gult kort under et rulleskirenn i sommer fordi han ikke hadde hatt p\u00e5 seg solbriller.\u00a0<\/p>\n<p>Da han tyvstartet i semifinalen i G\u00e4llivare, var dermed konkurransen over.\u00a0<\/p>\n<p>        <img class=\"image__img lazyload\" itemprop=\"image\" title=\"Foto: Maxim Thore \/ BILDBYR\u00c5N\" alt=\"FORBANNET: Alvar Myhlback raste over disken som f\u00f8lge av et gult kort fra sommeren. Foto: Maxim Thore \/ BILDBYR\u00c5N\" width=\"675\" height=\"453\" bad-src=\"https:\/\/www.europesays.com\/no\/wp-content\/uploads\/2025\/11\/18314627.webp\" fetchpriority=\"auto\" \/><\/p>\n<p>      FORBANNET: Alvar Myhlback raste over disken som f\u00f8lge av et gult kort fra sommeren.<br \/>\n         Foto: Maxim Thore \/ BILDBYR\u00c5N<\/p>\n<p>\u2013\u00a0Seri\u00f8st? Det er jo helt utrolig. Det synes jeg er j\u00e6vlig d\u00e5rlig. Rulleski og ski er to ulike sesonger.\u00a0Faen, det er helt utrolig. Det er faen meg en prestasjon \u00e5 f\u00e5 til det, sa Myhlback til<a href=\"https:\/\/www.aftonbladet.se\/sportbladet\/a\/L4p3VJ\/alvar-myhlback-diskad-i-semifinalen\" target=\"_blank\" rel=\"nofollow noopener\">\u00a0Aftonbladet etter disken.<\/a><\/p>\n<p>Helgens hendelser har startet en diskusjon rundt hvorvidt gule kort fra nasjonale renn b\u00f8r henge med inn i verdenscupen.\u00a0<\/p>\n<p>\u2013 Det er jo kjempedumt \u00e5 f\u00e5 et gult kort for det, og at det rammer Alvar s\u00e5 hardt n\u00e5 er synd. Men, det er et regelsp\u00f8rsm\u00e5l som forh\u00e5pentligvis endres i framtiden \u2013 at det ikke f\u00f8lger med inn i sesongen, sa landslagssjef Anders Bystr\u00f8m til Aftonbladet.\u00a0<\/p>\n<p>        <img class=\"image__img lazyload\" itemprop=\"image\" title=\"Foto: Maxim Thore \/ BILDBYR\u00c5N\" alt=\"REVANSJ: Dagen etter disken var Myhlback p\u00e5 pallen p\u00e5 10 kilometer klassisk. Foto: Maxim Thore \/ BILDBYR\u00c5N\" width=\"675\" height=\"453\" bad-src=\"https:\/\/www.europesays.com\/no\/wp-content\/uploads\/2025\/11\/18314651.webp\" fetchpriority=\"auto\" \/><\/p>\n<p>      REVANSJ: Dagen etter disken var Myhlback p\u00e5 pallen p\u00e5 10 kilometer klassisk.<br \/>\n         Foto: Maxim Thore \/ BILDBYR\u00c5N<\/p>\n<p>Ogs\u00e5 i Norge er flere enige i at det er p\u00e5 tide \u00e5 se p\u00e5 rutinene for gule kort.\u00a0<\/p>\n<p>\u2013 Vi b\u00f8r prate om at hvor dumt det er \u00e5 ta med seg gule kort inn i verdenscupsesongen. Det synes jeg er litt tullete.\u00a0Verdenscupen b\u00f8r st\u00e5 for seg selv n\u00e5r det kommer til gule kort, sier Erik Valnes.\u00a0<\/p>\n<p>\u2013 Det er en vanskelig situasjon og et hett diskusjonstema. Jeg skj\u00f8nner frustrasjonen og tenker at det godt kan diskuteres om man b\u00f8r starte med blanke ark i verdenscupen, sier Petter Northug.\u00a0<\/p>\n","protected":false},"excerpt":{"rendered":"Saken oppsummert Kristine Stav\u00e5s Skistad pr\u00f8vde \u00e5 f\u00e5 et gult kort med vilje under et renn p\u00e5 Beitost\u00f8len.&hellip;\n","protected":false},"author":2,"featured_media":94992,"comment_status":"","ping_status":"","sticky":false,"template":"","format":"standard","meta":{"footnotes":""},"categories":[5],"tags":[20,21,24,25,15,19,22,23,17,18,13,30,28,29,14,16,26,27],"class_list":{"0":"post-94991","1":"post","2":"type-post","3":"status-publish","4":"format-standard","5":"has-post-thumbnail","7":"category-overskrifter","8":"tag-breaking-news","9":"tag-breakingnews","10":"tag-featured-news","11":"tag-featurednews","12":"tag-headlines","13":"tag-hovedoppslag","14":"tag-latest-news","15":"tag-latestnews","16":"tag-main-news","17":"tag-mainnews","18":"tag-news","19":"tag-no","20":"tag-norge","21":"tag-norway","22":"tag-nyheter","23":"tag-overskrifter","24":"tag-top-stories","25":"tag-topstories"},"share_on_mastodon":{"url":"https:\/\/pubeurope.com\/@no\/115603046761391255","error":""},"_links":{"self":[{"href":"https:\/\/www.europesays.com\/no\/wp-json\/wp\/v2\/posts\/94991","targetHints":{"allow":["GET"]}}],"collection":[{"href":"https:\/\/www.europesays.com\/no\/wp-json\/wp\/v2\/posts"}],"about":[{"href":"https:\/\/www.europesays.com\/no\/wp-json\/wp\/v2\/types\/post"}],"author":[{"embeddable":true,"href":"https:\/\/www.europesays.com\/no\/wp-json\/wp\/v2\/users\/2"}],"replies":[{"embeddable":true,"href":"https:\/\/www.europesays.com\/no\/wp-json\/wp\/v2\/comments?post=94991"}],"version-history":[{"count":0,"href":"https:\/\/www.europesays.com\/no\/wp-json\/wp\/v2\/posts\/94991\/revisions"}],"wp:featuredmedia":[{"embeddable":true,"href":"https:\/\/www.europesays.com\/no\/wp-json\/wp\/v2\/media\/94992"}],"wp:attachment":[{"href":"https:\/\/www.europesays.com\/no\/wp-json\/wp\/v2\/media?parent=94991"}],"wp:term":[{"taxonomy":"category","embeddable":true,"href":"https:\/\/www.europesays.com\/no\/wp-json\/wp\/v2\/categories?post=94991"},{"taxonomy":"post_tag","embeddable":true,"href":"https:\/\/www.europesays.com\/no\/wp-json\/wp\/v2\/tags?post=94991"}],"curies":[{"name":"wp","href":"https:\/\/api.w.org\/{rel}","templated":true}]}}