{"id":95109,"date":"2025-11-24T08:28:26","date_gmt":"2025-11-24T08:28:26","guid":{"rendered":"https:\/\/www.europesays.com\/no\/95109\/"},"modified":"2025-11-24T08:28:26","modified_gmt":"2025-11-24T08:28:26","slug":"nyheter-trafikk-advares-om-ekstremt-vanskelige-kjoreforhold","status":"publish","type":"post","link":"https:\/\/www.europesays.com\/no\/95109\/","title":{"rendered":"Nyheter, Trafikk | Advares om ekstremt vanskelige kj\u00f8reforhold"},"content":{"rendered":"\n<p>\u2013 Det er spesielt Innlandet som har merka glatte veier der det regner p\u00e5 minusgrader i bakken, seier trafikkoperat\u00f8r Barbro Evensen Venhagen i Vegtrafikksentralen Aust til <a rel=\"Follow nofollow noopener\" href=\"https:\/\/www.nrk.no\/norge\/vanskelege-koyreforhold-fleire-stader-pa-austlandet-1.17664027\" target=\"_blank\">NRK<\/a>.<\/p>\n<p>Etter en kuldeperiode har v\u00e6ret blitt mildere mange steder. Det f\u00f8rer til regn p\u00e5 iskald bakke, som dermed danner is.<\/p>\n<p>\u2013 Det er s\u00e5pass glatt at det ikke er snakk om stor fart p\u00e5 veiene, s\u00e5 hittil er det stort sett sm\u00e5kollisjoner eller at de kj\u00f8rer seg fast, eller sklir sidelengs av veien, sier Venhangen til <a rel=\"Follow nofollow noopener\" href=\"https:\/\/www.vg.no\/nyheter\/i\/8plEqw\/underkjoelt-regn-skaper-problemer-biler-sklir-sidelengs-av-veien\" target=\"_blank\">VG<\/a>.<\/p>\n<p>Natt til s\u00f8ndag jobbet b\u00e5de salt- og str\u00f8biler p\u00e5 for fullt, men med lite trafikk holder ikke saltet lenge. Samtidig gj\u00f8r regnet det vanskelig for stedene hvor det er str\u00f8dd.<\/p>\n<p>            Alle webkamera fra Statens vegvesen<br \/>\n            E6 Mj\u00f8sbrua<\/p>\n<p>E6 Vingnes<\/p>\n<p>E6 F\u00e5berg<\/p>\n<p>E6 Tingberg<\/p>\n<p>E6 Frya<\/p>\n<p>E6 Rosten<\/p>\n<p>E6 Fokstugu<\/p>\n<p>E6 Hjerkinn<\/p>\n<p>Rv 15 Lom<\/p>\n<p>Rv 15 Billingen<\/p>\n<p>Rv 15 Eidefossen<\/p>\n<p>Rv 15 Grotli<\/p>\n<p>E136 Lora<\/p>\n<p>E136 Bjorli<\/p>\n<p>Fv 51 Valdresflye<\/p>\n<p>Fv 55 Sognefjellet<\/p>\n<p>Fv 250 Vingrom\u00e5sen<\/p>\n<p>Politiet i Innlandet meldte om en bilulykke ved Stensengdalen i g\u00e5r kveld. Ingen personer i bilen kom til skade. Det samme gjaldt et sammenst\u00f8t mellom personbil og buss p\u00e5 Hamar l\u00f8rdag kveld..<\/p>\n<p>Fredag ettermiddag sendte Meteorologisk Institutt ut farevarsel for is fram til s\u00f8ndag morgen. Det har v\u00e6rt mildt natt til s\u00f8ndag, og det er fortsatt glatte veger i distriktet.<\/p>\n<p>\u2013 Det er fare for h\u00e5lkef\u00f8re. V\u00e6r oppmerksom p\u00e5 at isen kan v\u00e6re vanskelig \u00e5 se, skrev meteorologene i varselet.<\/p>\n","protected":false},"excerpt":{"rendered":"\u2013 Det er spesielt Innlandet som har merka glatte veier der det regner p\u00e5 minusgrader i bakken, seier&hellip;\n","protected":false},"author":2,"featured_media":95110,"comment_status":"","ping_status":"","sticky":false,"template":"","format":"standard","meta":{"footnotes":""},"categories":[5],"tags":[36,20,21,3759,24,25,15,19,22,23,17,18,13,30,28,29,14,16,1510,26,27,224],"class_list":{"0":"post-95109","1":"post","2":"type-post","3":"status-publish","4":"format-standard","5":"has-post-thumbnail","7":"category-overskrifter","8":"tag-art","9":"tag-breaking-news","10":"tag-breakingnews","11":"tag-brumunddal","12":"tag-featured-news","13":"tag-featurednews","14":"tag-headlines","15":"tag-hovedoppslag","16":"tag-latest-news","17":"tag-latestnews","18":"tag-main-news","19":"tag-mainnews","20":"tag-news","21":"tag-no","22":"tag-norge","23":"tag-norway","24":"tag-nyheter","25":"tag-overskrifter","26":"tag-story","27":"tag-top-stories","28":"tag-topstories","29":"tag-trafikk"},"share_on_mastodon":{"url":"https:\/\/pubeurope.com\/@no\/115603734771588588","error":""},"_links":{"self":[{"href":"https:\/\/www.europesays.com\/no\/wp-json\/wp\/v2\/posts\/95109","targetHints":{"allow":["GET"]}}],"collection":[{"href":"https:\/\/www.europesays.com\/no\/wp-json\/wp\/v2\/posts"}],"about":[{"href":"https:\/\/www.europesays.com\/no\/wp-json\/wp\/v2\/types\/post"}],"author":[{"embeddable":true,"href":"https:\/\/www.europesays.com\/no\/wp-json\/wp\/v2\/users\/2"}],"replies":[{"embeddable":true,"href":"https:\/\/www.europesays.com\/no\/wp-json\/wp\/v2\/comments?post=95109"}],"version-history":[{"count":0,"href":"https:\/\/www.europesays.com\/no\/wp-json\/wp\/v2\/posts\/95109\/revisions"}],"wp:featuredmedia":[{"embeddable":true,"href":"https:\/\/www.europesays.com\/no\/wp-json\/wp\/v2\/media\/95110"}],"wp:attachment":[{"href":"https:\/\/www.europesays.com\/no\/wp-json\/wp\/v2\/media?parent=95109"}],"wp:term":[{"taxonomy":"category","embeddable":true,"href":"https:\/\/www.europesays.com\/no\/wp-json\/wp\/v2\/categories?post=95109"},{"taxonomy":"post_tag","embeddable":true,"href":"https:\/\/www.europesays.com\/no\/wp-json\/wp\/v2\/tags?post=95109"}],"curies":[{"name":"wp","href":"https:\/\/api.w.org\/{rel}","templated":true}]}}