{"id":95177,"date":"2025-11-24T09:58:11","date_gmt":"2025-11-24T09:58:11","guid":{"rendered":"https:\/\/www.europesays.com\/no\/95177\/"},"modified":"2025-11-24T09:58:11","modified_gmt":"2025-11-24T09:58:11","slug":"mest-kraftfulle-siden-obama","status":"publish","type":"post","link":"https:\/\/www.europesays.com\/no\/95177\/","title":{"rendered":"&#8211; Mest kraftfulle siden Obama"},"content":{"rendered":"<p>  Fox News-vert advarer republikanerne om at Alexandria Ocasio-Cortez posisjonerer seg for \u00e5 stille som presidentkandidat i 2028.<\/p>\n<p>\n    FEIRET: Kongressrepresentant Alexandria Ocasio-Cortez avbildet p\u00e5 feiringen til New Yorks ferske ordf\u00f8rer Zohran Mamdani i starten av november. Foto: Angela Weiss \/ AFP \/NTB\n  <\/p>\n<p>    Kort fortalt<\/p>\n<ul lang=\"nb-NO\">\n<li>Alexandria Ocasio-Cortez, kjent som AOC, bygger en sterk politisk operasjon for et mulig presidentvalg i 2028.<\/li>\n<li>Fox News&#8217; Laura Ingraham hevder AOC posisjonerer seg som den mektigste kandidaten siden Obama.<\/li>\n<li>AOC har samlet inn betydelige midler og styrket sitt team med tidligere Bernie Sanders-medarbeidere.<\/li>\n<li>Det demokratiske partiet vurderer flere kandidater, inkludert Gavin Newsom og Kamala Harris.<\/li>\n<\/ul>\n<p class=\"italic ai-disclaimer\" data-lab-italic=\"italic\">Sammendraget er laget av ChatGPT og godkjent av Dagbladet.<\/p>\n<p>      Vis mer<br \/>\n      Vis mindre<\/p>\n<p>Den 36 \u00e5r gamle kongressrepresentanten fra New York, bedre kjent som AOC, er i ferd med \u00e5 bygge \u00abden mektigste politiske operasjonen vi har sett siden Obama\u00bb, if\u00f8lge Fox News-verten Laura Ingraham.<\/p>\n<p>I et innlegg p\u00e5 X skriver Ingraham at Ocasio-Cortez posisjonerer seg for \u00e5 stille som presidentkandidat i 2028.<\/p>\n<p>\u00abMens republikanerne krangler seg imellom, bygger hun den mest kraftfulle politiske organisasjonen vi har sett siden Obama\u00bb, skriver hun <a href=\"https:\/\/x.com\/IngrahamAngle\/status\/1992580525513683337\" rel=\"nofollow\">p\u00e5 X<\/a>.<\/p>\n<p>Hun delte samtidig en video av AOC som snakker om hvordan kampanjen hennes har samlet inn nok penger til \u00e5 dele ut 1600 kalkunkyllinger til familier i Bronx i forbindelse med Thanksgiving.<\/p>\n<p>Ingraham er en konservativ TV-programleder, og har v\u00e6rt programleder for \u00abThe Ingraham Angle\u00bb p\u00e5 Fox News siden 2017.<\/p>\n<blockquote class=\"twitter-tweet\">\n<p lang=\"en\" dir=\"ltr\">AOC is positioning herself to run for president in 2028. Republicans, as you fight amongst yourselves, she\u2019s building the most powerful political operation we\u2019ve seen since Obama. <a href=\"https:\/\/t.co\/GwdUOZd4na\" rel=\"nofollow\">https:\/\/t.co\/GwdUOZd4na<\/a><\/p>\n<p>\u2014 Laura Ingraham (@IngrahamAngle) <a href=\"https:\/\/twitter.com\/IngrahamAngle\/status\/1992580525513683337?ref_src=twsrc%5Etfw\" rel=\"nofollow noopener\" target=\"_blank\">November 23, 2025<\/a><\/p><\/blockquote>\n<p>Har investert millioner\t<\/p>\n<p>Ingraham er ikke den f\u00f8rste som spekulerer i at AOC kan stille til valg. I september meldte <a href=\"https:\/\/www.axios.com\/2025\/09\/19\/aoc-2028-democrats-president-senate\" rel=\"nofollow noopener\" target=\"_blank\">Axios<\/a> at \u00abpersoner kjent med operasjonen hennes\u00bb sa at hun posisjonerer seg for \u00e5 stille enten til presidentvalget eller til Senatet i 2028.<\/p>\n<p>Hun har, if\u00f8lge Axios, investert millioner av dollar for \u00e5 bygge opp sin allerede sterke tilstedev\u00e6relse p\u00e5 sosiale medier. P\u00e5 tvers av alle plattformer har hun over 36,7 millioner f\u00f8lgere, if\u00f8lge <a href=\"https:\/\/www.newsweek.com\/aoc-preparing-most-powerful-presidential-bid-since-obama-fox-news-host-11094979\" rel=\"nofollow noopener\" target=\"_blank\">Newsweek<\/a>.<\/p>\n<p>I tillegg har hun hentet inn tidligere toppfolk fra senator Bernie Sanders&#8217; team for \u00e5 styrke sin egen organisasjon.<\/p>\n<p>Som 29-\u00e5ring overrasket hun da hun i 2018 vant over veteranen Joe Crowley i prim\u00e6rvalget og deretter ble valgt til medlem av Representantenes hus.<\/p>\n<p>AOC, som har aner fra Puerto Rico og er valgt fra en valgkrets i Bronx og Queens i New York City, er medlem av den uformelle gruppa The Squad av progressive demokrater.<\/p>\n<p>          <img loading=\"lazy\" decoding=\"async\" src=\"https:\/\/www.europesays.com\/no\/wp-content\/uploads\/2025\/11\/83892060.webp\" width=\"686\" height=\"611\" title=\"VENSTREFL\u00d8YEN: Ocasio-Cortez, popul\u00e6rt kalt AOC, er en framtredende stemme for venstrefl\u00f8yen i Det demokratiske parti. Foto: Reuters\/Jeenah Moon\/NTB\" alt=\"\" class=\"\" style=\"--aspect-ratio-image: 1.12; \"\/><\/p>\n<p>\n          VENSTREFL\u00d8YEN: Ocasio-Cortez, popul\u00e6rt kalt AOC, er en framtredende stemme for venstrefl\u00f8yen i Det demokratiske parti. Foto: Reuters\/Jeenah Moon\/NTB\n      <\/p>\n<p>Flere kandidater i spill\t<\/p>\n<p>Det demokratiske partiet jobber fortsatt med \u00e5 finne veien videre etter <a href=\"https:\/\/www.dagbladet.no\/nyheter\/donald-trump-vinner-presidentvalget\/82190391\" rel=\"nofollow noopener\" target=\"_blank\">nederlaget i november i fjor<\/a>.\u00a0<\/p>\n<p>Blant andre potensielle kandidater nevnes Californias guvern\u00f8r Gavin Newsom og tidligere visepresident Kamala Harris, som nylig sa at hun ikke er <a href=\"https:\/\/www.dagbladet.no\/studio\/nyhetsstudio\/687?post=189415\" rel=\"nofollow noopener\" target=\"_blank\">\u00abferdig\u00bb med politikk<\/a>.<\/p>\n<p>Senator Bernie Sanders ble spurt av <a href=\"https:\/\/www.axios.com\/2025\/10\/23\/bernie-sanders-aoc-2028-presidential-election\" rel=\"nofollow noopener\" target=\"_blank\">Axios<\/a> om AOC ville v\u00e6re en sterk kandidat i 2028.<\/p>\n<p>&#8211; Jeg tror hun ville v\u00e6rt det. Jeg tror andre ogs\u00e5 ville v\u00e6rt det. Det er hennes beslutning \u00e5 ta, sa Sanders.<\/p>\n<p>          <img loading=\"lazy\" decoding=\"async\" src=\"https:\/\/www.europesays.com\/no\/wp-content\/uploads\/2025\/11\/83892299.webp\" width=\"686\" height=\"460\" title=\"SENATOR: Bernie Sanders er en amerikansk politiker og senator fra Vermont, og stilte som presidentkandidat i 2016 og 2020. Foto: Aaron Schwartz \/ Getty Images via AFP \/ NTB\" alt=\"\" class=\"\" style=\"--aspect-ratio-image: 1.49; \"\/><\/p>\n<p>\n          SENATOR: Bernie Sanders er en amerikansk politiker og senator fra Vermont, og stilte som presidentkandidat i 2016 og 2020. Foto: Aaron Schwartz \/ Getty Images via AFP \/ NTB\n      <\/p>\n<p><script async src=\"https:\/\/platform.twitter.com\/widgets.js\" charset=\"utf-8\"><\/script><\/p>\n","protected":false},"excerpt":{"rendered":"Fox News-vert advarer republikanerne om at Alexandria Ocasio-Cortez posisjonerer seg for \u00e5 stille som presidentkandidat i 2028. FEIRET:&hellip;\n","protected":false},"author":2,"featured_media":95178,"comment_status":"","ping_status":"","sticky":false,"template":"","format":"standard","meta":{"footnotes":""},"categories":[10],"tags":[12312,20,21,24,25,15,22,23,13,30,28,29,14,16,26,27,50,412],"class_list":{"0":"post-95177","1":"post","2":"type-post","3":"status-publish","4":"format-standard","5":"has-post-thumbnail","7":"category-norge","8":"tag-alexandra-ocasio-cortez","9":"tag-breaking-news","10":"tag-breakingnews","11":"tag-featured-news","12":"tag-featurednews","13":"tag-headlines","14":"tag-latest-news","15":"tag-latestnews","16":"tag-news","17":"tag-no","18":"tag-norge","19":"tag-norway","20":"tag-nyheter","21":"tag-overskrifter","22":"tag-top-stories","23":"tag-topstories","24":"tag-usa","25":"tag-utenriks"},"share_on_mastodon":{"url":"https:\/\/pubeurope.com\/@no\/115604088797454698","error":""},"_links":{"self":[{"href":"https:\/\/www.europesays.com\/no\/wp-json\/wp\/v2\/posts\/95177","targetHints":{"allow":["GET"]}}],"collection":[{"href":"https:\/\/www.europesays.com\/no\/wp-json\/wp\/v2\/posts"}],"about":[{"href":"https:\/\/www.europesays.com\/no\/wp-json\/wp\/v2\/types\/post"}],"author":[{"embeddable":true,"href":"https:\/\/www.europesays.com\/no\/wp-json\/wp\/v2\/users\/2"}],"replies":[{"embeddable":true,"href":"https:\/\/www.europesays.com\/no\/wp-json\/wp\/v2\/comments?post=95177"}],"version-history":[{"count":0,"href":"https:\/\/www.europesays.com\/no\/wp-json\/wp\/v2\/posts\/95177\/revisions"}],"wp:featuredmedia":[{"embeddable":true,"href":"https:\/\/www.europesays.com\/no\/wp-json\/wp\/v2\/media\/95178"}],"wp:attachment":[{"href":"https:\/\/www.europesays.com\/no\/wp-json\/wp\/v2\/media?parent=95177"}],"wp:term":[{"taxonomy":"category","embeddable":true,"href":"https:\/\/www.europesays.com\/no\/wp-json\/wp\/v2\/categories?post=95177"},{"taxonomy":"post_tag","embeddable":true,"href":"https:\/\/www.europesays.com\/no\/wp-json\/wp\/v2\/tags?post=95177"}],"curies":[{"name":"wp","href":"https:\/\/api.w.org\/{rel}","templated":true}]}}