{"id":95179,"date":"2025-11-24T10:00:32","date_gmt":"2025-11-24T10:00:32","guid":{"rendered":"https:\/\/www.europesays.com\/no\/95179\/"},"modified":"2025-11-24T10:00:32","modified_gmt":"2025-11-24T10:00:32","slug":"juventus-journalist-til-tv-2-de-er-livredde","status":"publish","type":"post","link":"https:\/\/www.europesays.com\/no\/95179\/","title":{"rendered":"Juventus-journalist til TV 2: &#8211; De er livredde"},"content":{"rendered":"<p class=\"bold m-bold\" data-lab-font_weight=\"bold\">\u2013 Under disse forholdene blir det som \u00e5 spille mot Real Madrid, sier Romeo Agresti til TV 2.\u00a0<\/p>\n<p>Juventus er Italias mest dekorerte fotballklubb: flest ligatitler, 15 Coppa Italia og to Champions League-titler.<\/p>\n<p>Klubben har huset stjerner som Zin\u00e9dine Zidane, Cristiano Ronaldo og Gianluigi Buffon.<\/p>\n<p>        <img class=\"image__img lazyload\" itemprop=\"image\" title=\"Foto: Antonio Calanni\" alt=\" Foto: Antonio Calanni\" width=\"978\" height=\"802\" bad-src=\"https:\/\/www.europesays.com\/no\/wp-content\/uploads\/2025\/11\/18316135.webp\" fetchpriority=\"auto\" \/><\/p>\n<p>         Foto: Antonio Calanni<\/p>\n<p class=\"bold m-bold\" data-lab-font_weight=\"bold\">Men n\u00e5r \u00abden gamle dame\u00bb skal m\u00f8te Bod\u00f8\/Glimt i Champions League, er de langt fra optimistiske.<\/p>\n<p>\u2013 De fleste Juventus-fans er sv\u00e6rt pessimistiske. De forventer ikke seier, sier Agresti.\u00a0<\/p>\n<p>        <img class=\"image__img lazyload\" itemprop=\"image\" title=\"Foto: Instagram \/ @romeragresti\" alt=\"ANERKJENT: Romeo Agresti f\u00f8lger Juventus tett, og forteller om en pessimisme blant fansen f\u00f8r m\u00f8tet med Bod\u00f8\/Glimt. Foto: Instagram \/ @romeragresti\" width=\"978\" height=\"724\" bad-src=\"https:\/\/www.europesays.com\/no\/wp-content\/uploads\/2025\/11\/18316342.webp\" fetchpriority=\"auto\" \/><\/p>\n<p>      ANERKJENT: Romeo Agresti f\u00f8lger Juventus tett, og forteller om en pessimisme blant fansen f\u00f8r m\u00f8tet med Bod\u00f8\/Glimt.<br \/>\n         Foto: Instagram \/ @romeragresti<\/p>\n<p>Han har fulgt klubben tett i en \u00e5rrekke og er godt kjent for sin dekning av Juventus, med hundretusener av f\u00f8lgere p\u00e5 sosiale medier.<\/p>\n<p>Da han blir spurt om hva Juventus tenker om m\u00f8tet med Bod\u00f8\/Glimt, ler han godt f\u00f8r han svarer kontant:<\/p>\n<p data-lab-font_weight=\"bold\" class=\"bold m-bold\">\u2013 Kort sagt: de er livredde.<\/p>\n<p>        <img class=\"image__img lazyload\" itemprop=\"image\" title=\"Foto: Skjermdump \/ X\" alt=\"KJENT: Romeo Agresti har over 268.000 f\u00f8lgere p\u00e5 X. Han har ogs\u00e5 177.000 f\u00f8lgere p\u00e5 Instagram og n\u00e6rmere 100.000 abonnenter p\u00e5 Youtube. Foto: Skjermdump \/ X\" width=\"675\" height=\"581\" bad-src=\"https:\/\/www.europesays.com\/no\/wp-content\/uploads\/2025\/11\/18316105.webp\" fetchpriority=\"auto\" \/><\/p>\n<p>      KJENT: Romeo Agresti har over 268.000 f\u00f8lgere p\u00e5 X. Han har ogs\u00e5 177.000 f\u00f8lgere p\u00e5 Instagram og n\u00e6rmere 100.000 abonnenter p\u00e5 Youtube.<br \/>\n         Foto: Skjermdump \/ X<\/p>\n<p>Han forklarer videre:<\/p>\n<p>\u2013 Det handler om at Bod\u00f8\/Glimt har sl\u00e5tt italienske klubber som Roma og Lazio \u2013 de vet hvordan de skal h\u00e5ndtere italienske lag. I tillegg er det ekstremt uvant for italienske klubber \u00e5 spille i temperaturer rundt null grader.\u00a0<\/p>\n<p>        <img class=\"image__img lazyload\" itemprop=\"image\" title=\"Foto: MARIUS SIMENSEN\" alt=\"SEIER: Bod\u00f8\/Glimt kj\u00f8rte over Lazio p\u00e5 Aspmyra i Europa League-kvartfinalen tidligere i \u00e5r. Her er Patrick Berg med ballen. Foto: MARIUS SIMENSEN\" width=\"978\" height=\"656\" bad-src=\"https:\/\/www.europesays.com\/no\/wp-content\/uploads\/2025\/11\/17652914.webp\" fetchpriority=\"auto\" \/><\/p>\n<p>      SEIER: Bod\u00f8\/Glimt kj\u00f8rte over Lazio p\u00e5 Aspmyra i Europa League-kvartfinalen tidligere i \u00e5r. Her er Patrick Berg med ballen.<br \/>\n         Foto: MARIUS SIMENSEN<\/p>\n<p>\u2013 \u00c5 ta tre poeng i Bod\u00f8 blir virkelig ikke enkelt. Samtidig vet de at hvis det ikke blir seier p\u00e5 tirsdag, kan avansementet i Champions League st\u00e5 i alvorlig fare, sier Agresti.<\/p>\n<p>        <img class=\"image__img lazyload\" itemprop=\"image\" title=\"Foto: Espen Myklebust Haugen \/ TV 2\" alt=\"SKUE: Slik s\u00e5 Aspmyra ut store deler av uken f\u00f8r m\u00f8tet med Juventus. Torsdag m\u00e5tte Bod\u00f8\/Glimt trene i Nordlandshallen. Foto: Espen Myklebust Haugen \/ TV 2\" width=\"978\" height=\"656\" bad-src=\"https:\/\/www.europesays.com\/no\/wp-content\/uploads\/2025\/11\/18316032.webp\" fetchpriority=\"auto\" \/><\/p>\n<p>      SKUE: Slik s\u00e5 Aspmyra ut store deler av uken f\u00f8r m\u00f8tet med Juventus. Torsdag m\u00e5tte Bod\u00f8\/Glimt trene i Nordlandshallen.<br \/>\n         Foto: Espen Myklebust Haugen \/ TV 2<\/p>\n<p>\u2013 Kle dere godt!<\/p>\n<p>Glimt har vist at de kan utfordre italiensk motstand p\u00e5 kunstgress.<\/p>\n<p>Men n\u00e5r kampen sparkes i gang p\u00e5 tirsdag, venter Juventus kanskje en enda st\u00f8rre pr\u00f8velse enn det velkjente dekket til Glimt.<\/p>\n<p>        <img class=\"image__img lazyload\" itemprop=\"image\" title=\"Foto: Rune Stoltz Bertinussen \/ NTB\" alt=\"IKKE NYTT: Ogs\u00e5 Chelsea slet da de m\u00f8tte Troms\u00f8 i minusgrader og sn\u00f8 p\u00e5 dav\u00e6rende Alfheim. Til slutt vant Troms\u00f8 3\u20132 over The Blues. Foto: Rune Stoltz Bertinussen \/ NTB\" width=\"978\" height=\"724\" bad-src=\"https:\/\/www.europesays.com\/no\/wp-content\/uploads\/2025\/11\/18316047.webp\" fetchpriority=\"auto\" \/><\/p>\n<p>      IKKE NYTT: Ogs\u00e5 Chelsea slet da de m\u00f8tte Troms\u00f8 i minusgrader og sn\u00f8 p\u00e5 dav\u00e6rende Alfheim. Til slutt vant Troms\u00f8 3\u20132 over The Blues.<br \/>\n         Foto: Rune Stoltz Bertinussen \/ NTB<\/p>\n<p>        <img class=\"image__img lazyload\" itemprop=\"image\" title=\"Foto: Gorm Kallestad \/ NTB\" alt=\"DEN GANG DA: Mange husker nok ogs\u00e5 den ikoniske Champions League-kampen mellom Rosenborg og Real Madrid p\u00e5 Lerkendal i 1997, da Rosenborg vant 2\u20130 p\u00e5 et sn\u00f8dekt gressteppe. Foto: Gorm Kallestad \/ NTB\" width=\"978\" height=\"1008\" bad-src=\"https:\/\/www.europesays.com\/no\/wp-content\/uploads\/2025\/11\/18037019.webp\" fetchpriority=\"auto\" \/><\/p>\n<p>      DEN GANG DA: Mange husker nok ogs\u00e5 den ikoniske Champions League-kampen mellom Rosenborg og Real Madrid p\u00e5 Lerkendal i 1997, da Rosenborg vant 2\u20130 p\u00e5 et sn\u00f8dekt gressteppe.<br \/>\n         Foto: Gorm Kallestad \/ NTB<\/p>\n<p>\u2013 Det blir nedb\u00f8r, men hva slags nedb\u00f8r det blir, er fortsatt litt usikkert. Det kan variere veldig. Min oppfordring er \u00e5 kle seg godt! sier Sigrid Vildskog Augan\u00e6s i Meteorologisk institutt avdeling Nordland\u00a0til TV 2.<\/p>\n<p>Tirsdag er det nemlig sp\u00e5dd alt fra sn\u00f8 til regn, et v\u00e6r man vanligvis ikke forbinder med fotball.<\/p>\n<p>Agresti tror slike forhold kan bli en stor fordel for Glimt.<\/p>\n<p class=\"bold m-bold\" data-lab-font_weight=\"bold\">\u2013 Juventus vet at det kan komme sn\u00f8, og det er vanskelig \u00e5 forberede seg p\u00e5 s\u00e5nne forhold. Det er en helt annen virkelighet enn den i Italia.\u00a0Juventus-supporterne er \u00e6rlig talt redde.\u00a0<\/p>\n<p>        <img class=\"image__img lazyload\" itemprop=\"image\" title=\"Foto: Mats Torbergsen \/ NTB\" alt=\"SN\u00d8 F\u00d8R: Slik s\u00e5 det ut p\u00e5 Aspmyra f\u00f8r eliteserieoppgj\u00f8ret mellom Bod\u00f8\/Glimt og Lillestr\u00f8m i 2021. Foto: Mats Torbergsen \/ NTB\" width=\"978\" height=\"656\" bad-src=\"https:\/\/www.europesays.com\/no\/wp-content\/uploads\/2025\/11\/18316200.webp\" fetchpriority=\"auto\" \/><\/p>\n<p>      SN\u00d8 F\u00d8R: Slik s\u00e5 det ut p\u00e5 Aspmyra f\u00f8r eliteserieoppgj\u00f8ret mellom Bod\u00f8\/Glimt og Lillestr\u00f8m i 2021.<br \/>\n         Foto: Mats Torbergsen \/ NTB<\/p>\n<p>Klare forventninger<\/p>\n<p>Journalisten forklarer ogs\u00e5 at den prestisjetunge klubben befinner seg i en vanskelig periode.\u00a0<\/p>\n<p>Resultatene p\u00e5 banen har s\u00e5 langt v\u00e6rt langt fra tilfredsstillende.<\/p>\n<p>\u2013 Juventus er inne i en sv\u00e6rt krevende fase. De har enn\u00e5 ikke vunnet en kamp i Champions League denne sesongen, og presset p\u00e5 laget er enormt, sier han.<\/p>\n<p>        <img class=\"image__img lazyload\" itemprop=\"image\" title=\"Foto: MARCO BERTORELLO \/ AFP \/ NTB\" alt=\"Luciano Spalletti ble ansatt som Juventus-trener i slutten av oktober. F\u00f8r han kom til Torino, var han trener for det italienske landslaget, men fikk sparken etter 3\u20130-tapet mot Norge. Foto: MARCO BERTORELLO \/ AFP \/ NTB\" width=\"978\" height=\"656\" bad-src=\"https:\/\/www.europesays.com\/no\/wp-content\/uploads\/2025\/11\/18242069.webp\" fetchpriority=\"auto\" \/><\/p>\n<p>      Luciano Spalletti ble ansatt som Juventus-trener i slutten av oktober. F\u00f8r han kom til Torino, var han trener for det italienske landslaget, men fikk sparken etter 3\u20130-tapet mot Norge.<br \/>\n         Foto: MARCO BERTORELLO \/ AFP \/ NTB<\/p>\n<p>\u2013 Ser man p\u00e5 de siste fem\u2013seks sesongene, har Juventus bare vunnet tre trofeer: \u00e9n italiensk Supercup og to Coppa Italia. Dette fra en klubb som vant ni strake ligatitler \u2013 en legendarisk bragd.\u00a0<\/p>\n<p>S\u00e5 sent som i oktober fikk Igor Tudor sparken som Juventus-trener.\u00a0<\/p>\n<p>N\u00e5 har klubben ansatt Luciano Spalletti, mannen som hadde stor suksess med Napoli for to \u00e5r siden.\u00a0<\/p>\n<p>\u2013 Med en ny trener kreves det tid for \u00e5 forst\u00e5 og tilpasse seg hans filosofi. Supporterne vil tilbake til toppen, og med Spalletti h\u00e5per de at klubben igjen kan ta det n\u00f8dvendige steget. Han vet hva som kreves etter suksessen med Napoli, sier journalisten.<\/p>\n<p>Han forteller at Juventus n\u00e5 gjennomg\u00e5r en omfattende omorganisering.<\/p>\n<p>        <img class=\"image__img lazyload\" itemprop=\"image\" title=\"Foto: GIAMPIERO SPOSITO\" alt=\"LEGENDE: Agresti forteller at Giorgio Chiellini kan bli klubbens nye sportsdirekt\u00f8r. Foto: GIAMPIERO SPOSITO\" width=\"978\" height=\"548\" bad-src=\"https:\/\/www.europesays.com\/no\/wp-content\/uploads\/2025\/11\/13793878.webp\" fetchpriority=\"auto\" \/><\/p>\n<p>      LEGENDE: Agresti forteller at Giorgio Chiellini kan bli klubbens nye sportsdirekt\u00f8r.<br \/>\n         Foto: GIAMPIERO SPOSITO<\/p>\n<p>Klubben har f\u00e5tt en ny administrerende direkt\u00f8r, og if\u00f8lge Agresti er de ogs\u00e5 i ferd med \u00e5 ansette Giorgio Chiellini som ny sportsdirekt\u00f8r.<\/p>\n<p class=\"bold m-bold\" data-lab-font_weight=\"bold\">\u2013 Det markerer starten p\u00e5 en ny \u00e6ra og en stor omveltning. Men forventningene fra fansen er klare: Juventus skal vinne trofeer. Klubben med flest Serie A-titler m\u00e5 tilbake dit de h\u00f8rer hjemme, sier han.<\/p>\n<p>Kommer med advarsel<\/p>\n<p>Avslutningsvis kommer Agresti med en advarsel til Bod\u00f8\/Glimt.<\/p>\n<p>Han trekker frem flere Juventus-spillere som kan straffe Glimt brutalt dersom de f\u00e5r for mye rom:<\/p>\n<p>\u2013 Vlahovi\u0107, Thuram og Yildiz. Det er spillere Glimt b\u00f8r se opp for. Vi vet at Glimt er et godt organisert lag, men de m\u00e5 v\u00e6re p\u00e5skrudd hvis de skal stoppe disse. Dette er spillere med x-faktor som kan avgj\u00f8re kampen p\u00e5 egen h\u00e5nd, sier han.<\/p>\n<p>        <img class=\"image__img lazyload\" itemprop=\"image\" title=\"Foto: THOMAS COEX \/ AFP \/ NTB\" alt=\"STJERNER: Kenan Y\u0131ld\u0131z og Kh\u00e9phren Thuram i aksjon mot Real Madrid tidligere i \u00e5rets Champions League. Foto: THOMAS COEX \/ AFP \/ NTB\" width=\"978\" height=\"656\" bad-src=\"https:\/\/www.europesays.com\/no\/wp-content\/uploads\/2025\/11\/18316305.webp\" fetchpriority=\"auto\" \/><\/p>\n<p>      STJERNER: Kenan Y\u0131ld\u0131z og Kh\u00e9phren Thuram i aksjon mot Real Madrid tidligere i \u00e5rets Champions League.<br \/>\n         Foto: THOMAS COEX \/ AFP \/ NTB<\/p>\n<p>\u2013 Klubben har enorm respekt for Bod\u00f8\/Glimt. Skal Juventus lykkes mot Glimt, ligger sjansen akkurat her.<\/p>\n","protected":false},"excerpt":{"rendered":"\u2013 Under disse forholdene blir det som \u00e5 spille mot Real Madrid, sier Romeo Agresti til TV 2.\u00a0&hellip;\n","protected":false},"author":2,"featured_media":95180,"comment_status":"","ping_status":"","sticky":false,"template":"","format":"standard","meta":{"footnotes":""},"categories":[59],"tags":[30,28,29,83,82],"class_list":{"0":"post-95179","1":"post","2":"type-post","3":"status-publish","4":"format-standard","5":"has-post-thumbnail","7":"category-sport","8":"tag-no","9":"tag-norge","10":"tag-norway","11":"tag-sport","12":"tag-sports"},"share_on_mastodon":{"url":"https:\/\/pubeurope.com\/@no\/115604096498493248","error":""},"_links":{"self":[{"href":"https:\/\/www.europesays.com\/no\/wp-json\/wp\/v2\/posts\/95179","targetHints":{"allow":["GET"]}}],"collection":[{"href":"https:\/\/www.europesays.com\/no\/wp-json\/wp\/v2\/posts"}],"about":[{"href":"https:\/\/www.europesays.com\/no\/wp-json\/wp\/v2\/types\/post"}],"author":[{"embeddable":true,"href":"https:\/\/www.europesays.com\/no\/wp-json\/wp\/v2\/users\/2"}],"replies":[{"embeddable":true,"href":"https:\/\/www.europesays.com\/no\/wp-json\/wp\/v2\/comments?post=95179"}],"version-history":[{"count":0,"href":"https:\/\/www.europesays.com\/no\/wp-json\/wp\/v2\/posts\/95179\/revisions"}],"wp:featuredmedia":[{"embeddable":true,"href":"https:\/\/www.europesays.com\/no\/wp-json\/wp\/v2\/media\/95180"}],"wp:attachment":[{"href":"https:\/\/www.europesays.com\/no\/wp-json\/wp\/v2\/media?parent=95179"}],"wp:term":[{"taxonomy":"category","embeddable":true,"href":"https:\/\/www.europesays.com\/no\/wp-json\/wp\/v2\/categories?post=95179"},{"taxonomy":"post_tag","embeddable":true,"href":"https:\/\/www.europesays.com\/no\/wp-json\/wp\/v2\/tags?post=95179"}],"curies":[{"name":"wp","href":"https:\/\/api.w.org\/{rel}","templated":true}]}}