{"id":95213,"date":"2025-11-24T10:54:56","date_gmt":"2025-11-24T10:54:56","guid":{"rendered":"https:\/\/www.europesays.com\/no\/95213\/"},"modified":"2025-11-24T10:54:56","modified_gmt":"2025-11-24T10:54:56","slug":"vaeret-kongsberg-ikke-vits-a-pakke-vekk-broddene-halka-er-vanskelig-a-bli-kvitt","status":"publish","type":"post","link":"https:\/\/www.europesays.com\/no\/95213\/","title":{"rendered":"V\u00e6ret, Kongsberg | Ikke vits \u00e5 pakke vekk broddene: \u2013 H\u00e5lka er vanskelig \u00e5 bli kvitt"},"content":{"rendered":"\n<p>Gikk du i sentrum l\u00f8rdag, var det nok ikke vanskelig \u00e5 merke at underlaget var litt krevende \u00e5 bevege seg p\u00e5 \u2013 om man ikke hadde brodder.<\/p>\n<p>Det har v\u00e6rt v\u00e5tt og kaldt, og isen har lagt seg godt til rette p\u00e5 brostein og fortau.<\/p>\n<p>\u2013 Det vil nok v\u00e6re flere episoder med glatte partier, sier vakthavende meteorolog Terje Alsvik Wall\u00f8e.<\/p>\n<p>Det gjelder derfor \u00e5 forberede seg p\u00e5 glatte partier fremover.<\/p>\n<p>\u2013 N\u00e5r det f\u00f8rst har lagt seg og bakken holder seg kald, er det vanskelig \u00e5 bli kvitt den h\u00e5lka.<\/p>\n<p>   <img decoding=\"async\" width=\"6000\" height=\"4000\" fetchpriority=\"low\"  loading=\"lazy\"  src=\"https:\/\/www.europesays.com\/no\/wp-content\/uploads\/2025\/11\/DSC01199.jpg\" alt=\"\" class=\"brick-c-cFOWSL\" style=\"--brick-image-ratio: 6000 \/ 4000;\"\/><\/p>\n<p>      GRUS: S\u00f8ndag var det kommet grus p\u00e5 veien.<br \/>\n      Foto: Andrea M. Molland\n    <\/p>\n<p>  F\u00f8rst regn, s\u00e5 kaldt<\/p>\n<p>S\u00f8ndag ettermiddag og kveld skal det komme regn, men det kommer ikke til \u00e5 vare utover mandagen.<\/p>\n<p>\u2013 Da blir det mer oppholdsv\u00e6r, men skyet og temperaturen g\u00e5r langsomt mot null, sier Wall\u00f8e.<\/p>\n<p>Utover dagen vil det g\u00e5 ned til litt under null, ogs\u00e5 blir det enda kaldere tirsdag og onsdag.<\/p>\n<p>Men dette blir ogs\u00e5 de finere dagene som f\u00e5r sol, men kaldt blir det.<\/p>\n<p>\u2013 Da blir det mellom 5\u201310 minusgrader, sier meteorologen.<\/p>\n<p>Skyer til igjen<\/p>\n<p>Fra torsdagen kommer skyene og mildv\u00e6ret tilbake.<\/p>\n<p>\u2013 Resten av uka vil det bli mildt, og det kan komme sporadisk med regn.<\/p>\n<p>Wall\u00f8e informerer at nedb\u00f8ren p\u00e5 torsdag f\u00f8rst kan komme som sn\u00f8, men vil ende opp som regn.<\/p>\n<p>Mot helga vil det for det meste v\u00e6re oppholdsv\u00e6r og ganske mildt, if\u00f8lge Wall\u00f8e.<\/p>\n<p>  <a href=\"https:\/\/www.laagendalsposten.no\/5-64-1606179\" class=\"related-teaser has-image default-story-teaser article--c-eRUmMG article--c-eRUmMG-jKCPdD-design-default\" rel=\"nofollow noopener\" target=\"_blank\"><\/p>\n<p>    <img decoding=\"async\" loading=\"lazy\"  src=\"https:\/\/www.europesays.com\/no\/wp-content\/uploads\/2025\/11\/image_B1F15C17-7314-4598-806D-0897208FD767_1763802490.jpeg\" alt=\"\" class=\"brick-c-cFOWSL\" style=\"\"\/><\/p>\n<p>\n            Les ogs\u00e5<\/p>\n<p>              Her er ukens solgte eiendommer\n        <\/p>\n<p>  <\/a><\/p>\n<p>  <a href=\"https:\/\/www.laagendalsposten.no\/5-64-1605994\" class=\"related-teaser default-story-teaser article--c-eRUmMG article--c-eRUmMG-jKCPdD-design-default article--c-eRUmMG-kpKLOW-cv\" rel=\"nofollow noopener\" target=\"_blank\"><\/p>\n<p>\n            Les ogs\u00e5<\/p>\n<p>              Mystisk lysglimt over Vegglifjell: \u2013 Det s\u00e5 ut som en eksplosjon\n        <\/p>\n<p>  <\/a><\/p>\n","protected":false},"excerpt":{"rendered":"Gikk du i sentrum l\u00f8rdag, var det nok ikke vanskelig \u00e5 merke at underlaget var litt krevende \u00e5&hellip;\n","protected":false},"author":2,"featured_media":95214,"comment_status":"","ping_status":"","sticky":false,"template":"","format":"standard","meta":{"footnotes":""},"categories":[10],"tags":[36,20,21,24,25,12317,15,5279,22,23,13,30,28,29,14,16,1510,26,27,387],"class_list":{"0":"post-95213","1":"post","2":"type-post","3":"status-publish","4":"format-standard","5":"has-post-thumbnail","7":"category-norge","8":"tag-art","9":"tag-breaking-news","10":"tag-breakingnews","11":"tag-featured-news","12":"tag-featurednews","13":"tag-glatta","14":"tag-headlines","15":"tag-kongsberg","16":"tag-latest-news","17":"tag-latestnews","18":"tag-news","19":"tag-no","20":"tag-norge","21":"tag-norway","22":"tag-nyheter","23":"tag-overskrifter","24":"tag-story","25":"tag-top-stories","26":"tag-topstories","27":"tag-vaeret"},"share_on_mastodon":{"url":"https:\/\/pubeurope.com\/@no\/115604312953184846","error":""},"_links":{"self":[{"href":"https:\/\/www.europesays.com\/no\/wp-json\/wp\/v2\/posts\/95213","targetHints":{"allow":["GET"]}}],"collection":[{"href":"https:\/\/www.europesays.com\/no\/wp-json\/wp\/v2\/posts"}],"about":[{"href":"https:\/\/www.europesays.com\/no\/wp-json\/wp\/v2\/types\/post"}],"author":[{"embeddable":true,"href":"https:\/\/www.europesays.com\/no\/wp-json\/wp\/v2\/users\/2"}],"replies":[{"embeddable":true,"href":"https:\/\/www.europesays.com\/no\/wp-json\/wp\/v2\/comments?post=95213"}],"version-history":[{"count":0,"href":"https:\/\/www.europesays.com\/no\/wp-json\/wp\/v2\/posts\/95213\/revisions"}],"wp:featuredmedia":[{"embeddable":true,"href":"https:\/\/www.europesays.com\/no\/wp-json\/wp\/v2\/media\/95214"}],"wp:attachment":[{"href":"https:\/\/www.europesays.com\/no\/wp-json\/wp\/v2\/media?parent=95213"}],"wp:term":[{"taxonomy":"category","embeddable":true,"href":"https:\/\/www.europesays.com\/no\/wp-json\/wp\/v2\/categories?post=95213"},{"taxonomy":"post_tag","embeddable":true,"href":"https:\/\/www.europesays.com\/no\/wp-json\/wp\/v2\/tags?post=95213"}],"curies":[{"name":"wp","href":"https:\/\/api.w.org\/{rel}","templated":true}]}}