{"id":95251,"date":"2025-11-24T11:38:16","date_gmt":"2025-11-24T11:38:16","guid":{"rendered":"https:\/\/www.europesays.com\/no\/95251\/"},"modified":"2025-11-24T11:38:16","modified_gmt":"2025-11-24T11:38:16","slug":"en-inspirerende-historie-om-hap-og-hjertefeil","status":"publish","type":"post","link":"https:\/\/www.europesays.com\/no\/95251\/","title":{"rendered":"En inspirerende historie om h\u00e5p og hjertefeil"},"content":{"rendered":"<p class=\"kicker \" style=\"\">Lille Rosa ble f\u00f8dt med hjertefeil<\/p>\n<p>  Cheryl og Phil kalte datteren for Rosa &#8211; selv om hun var ofte bl\u00e5 f\u00f8r legene fikk reparert hjertet hennes.<\/p>\n<p>\n    SOLSTR\u00c5LE: Lille Rosa fikk en liten hjerneskade under f\u00f8dselen, som gjorde at hun mistet evnen til \u00e5 svelge. Men hun blir stadig bedre med trening og fysioterapi. Foto: Privat\n  <\/p>\n<p>Da Cheryl<br \/>\nWadsworth (35) gikk gravid i<br \/>\nfjor, kunne hun og partneren<br \/>\nPhil (37) knapt vente p\u00e5 \u00e5 bli<br \/>\nforeldre <\/p>\n<p class=\"font-weight-light m-font-weight-light\" data-lab-font_weight=\"font-weight-light\">&#8211; Vi pyntet barnerommet<br \/>\nmed rosa sommerfugler og<br \/>\ngledet oss til \u00e5 m\u00f8te jenta v\u00e5r,<br \/>\nforteller Cheryl.<\/p>\n<p>        LONG COVID: Han var FN-soldat og ultral\u00f8per \u2013 n\u00e5 kjemper Tom Magnussen sin t\u00f8ffeste kamp fra sykesengen. Foto og video: Svend Aage Madsen \/ Privat<\/p>\n<p class=\"font-weight-light m-font-weight-light\" data-lab-font_weight=\"font-weight-light\"> Men en rutinekontroll i uke 34 avdekket at noe var alvorlig galt med fosteret. Cheryl ble<br \/>\nhenvist til spesialister i Liverpool, hvor de fikk en skremmende beskjed: <\/p>\n<p data-lab-font_weight=\"font-weight-bold\" class=\"font-weight-bold m-font-weight-bold\">Datteren<br \/>\nhadde en alvorlig hjertefeil<br \/>\nsom hindret blodet i \u00e5 bli pumpet riktig. I tillegg hadde hun<br \/>\nen blokkert tarm.\u00a0<\/p>\n<p class=\"font-weight-bold m-font-weight-bold\" data-lab-font_weight=\"font-weight-bold\">&#8211; Vi var i sjokk, men bestemte oss for at vi skulle gj\u00f8re<br \/>\nalt for henne, sier Cheryl fra<br \/>\nWarrington i England. <\/p>\n<p>          <img loading=\"lazy\" decoding=\"async\" src=\"https:\/\/www.europesays.com\/no\/wp-content\/uploads\/2025\/11\/83691489.webp\" width=\"686\" height=\"913\" title=\"SKJ\u00d8R OG LITEN: Den lille jenta var syv m\u00e5neder gammel da hun ble operert for andre gang. Hjertet hennes ble fikset med en lapp hentet fra hjertet til en ku. Foto: Privat\" alt=\"\" class=\"\" style=\"--aspect-ratio-image: 0.75; \"\/><\/p>\n<p>\n          SKJ\u00d8R OG LITEN: Den lille jenta var syv m\u00e5neder gammel da hun ble operert for andre gang. Hjertet hennes ble fikset med en lapp hentet fra hjertet til en ku. Foto: Privat\n      <\/p>\n<p>Ble raskt bl\u00e5\u00a0\t<\/p>\n<p>Fire uker senere ble Rosa f\u00f8dt. Den lille jenta var i live, og foreldrene var enormt lettet. Men lykken ble kortvarig. Bare f\u00e5 timer etter f\u00f8dselen ble hun sendt i ambulanse til Alder Hey Hospital i Liverpool.\u00a0<\/p>\n<p>    <a itemprop=\"url\" href=\"https:\/\/www.seher.no\/sterke-historier\/bildet-reddet-livet-hans\/83515045\" rel=\"nofollow noopener\" target=\"_blank\"><\/p>\n<p>      <img loading=\"lazy\" decoding=\"async\" src=\"https:\/\/www.europesays.com\/no\/wp-content\/uploads\/2025\/11\/83515104.webp\" width=\"147\" height=\"98\" title=\"Bildet reddet livet hans\" alt=\"\" class=\"lazyload\" style=\"--aspect-ratio-image: 1.50; \"\/><\/p>\n<p>        Bildet reddet livet hans<\/p>\n<p>    <\/a><\/p>\n<p class=\"font-weight-bold m-font-weight-bold\" data-lab-font_weight=\"font-weight-bold\">Foreldrene fikke v\u00e6re med. Seks dager gammel ble Rosa lagt p\u00e5 operasjonsbordet. Legene brukte fire timer p\u00e5 \u00e5 reparere tarmene hennes, og operasjonen gikk heldigvis bra.\u00a0<\/p>\n<p>Etter fem uker kunne foreldrene ta med Rosa hjem, men hun var ikke frisk. Hjertesykdommen preget henne, og hun ble lett bl\u00e5 n\u00e5r kroppen ikke tok opp nok oksygen.\u00a0<\/p>\n<p>        NEKTER: Prinsesse M\u00e4rtha Louise svarer p\u00e5 noen bisarre rykter som har spredt seg den siste tiden. Reporter: Nora Skavhaug \/ R\u00f8d L\u00f8per. Video: Danny Son Ngoc To \/ Dagbladet TV. <\/p>\n<p>De m\u00e5tte bare pent vente til hun var litt st\u00f8rre. Og da hun var syv m\u00e5neder gammel, bestemte legene at hun var sterk nok. N\u00e5 kunne de fikse hjertet hennes &#8211; med en spesiell lapp som var laget av hinnene fra hjertet til en ku.\u00a0<\/p>\n<p>&#8211; Det h\u00f8rtes b\u00e5de utrolig og fantastisk ut, sier Cheryl.\u00a0<\/p>\n<p>          <img loading=\"lazy\" decoding=\"async\" src=\"https:\/\/www.europesays.com\/no\/wp-content\/uploads\/2025\/11\/83691495.webp\" width=\"686\" height=\"803\" title=\"TAKKNEMLIGE: Mamma Cheryl og pappa Phil sammen med den lille jenta si under de nervepirrende dagene p\u00e5 sykehuset. I dag er de takknemlige over at datteren ble reddet. Foto: Privat\" alt=\"\" class=\"\" style=\"--aspect-ratio-image: 0.85; \"\/><\/p>\n<p>\n          TAKKNEMLIGE: Mamma Cheryl og pappa Phil sammen med den lille jenta si under de nervepirrende dagene p\u00e5 sykehuset. I dag er de takknemlige over at datteren ble reddet. Foto: Privat\n      <\/p>\n<p>Br\u00f8t sammen\u00a0\t<\/p>\n<p>Syv m\u00e5neder gammel ble Rosa nok en gang trillet inn p\u00e5 en operasjonssal. Foreldrene m\u00e5tte vente utenfor, uten \u00e5 kunne gj\u00f8re noe.\u00a0<\/p>\n<p class=\"font-weight-bold m-font-weight-bold\" data-lab-font_weight=\"font-weight-bold\">&#8211; Da d\u00f8rene lukket seg, br\u00f8t vi sammen, forteller Cheryl.\u00a0<\/p>\n<p>Etter \u00e5tte nervepirrende timer kom beskjeden: Operasjonen var ferdig, og hjertet fungerte som det skulle.\u00a0<\/p>\n<p>&#8211; Hun var koblet til en pustemaskin og hadde ledninger som gikk inn i brystet sitt, og s\u00e5 utrolig skj\u00f8r ut. Men hjertet var endelig sterkt nok, sier Cheryl.\u00a0<\/p>\n<p>        I SENGA: \u00abJakten\u00bb-bonden Magnus Mikkelhaug og frier Sandra blir bokstavelig talt tatt p\u00e5 senga av programleder Jan Thomas. Video: TV 2\/ R\u00f8d L\u00f8per<\/p>\n<p>Mens hun ble operert, hadde Rosa f\u00e5tt et lite slag. Det p\u00e5virket evnen hennes til \u00e5 svelge, samt enkelte av de motoriske ferdighetene hennes. Men med mye fysioterapi og innsats fra foreldrene, har hun blitt sterkere for hver dag &#8211; og f\u00e5tt tilbake stadig mer kontroll over musklene sine.\u00a0<\/p>\n<p>    <a itemprop=\"url\" href=\"https:\/\/www.seher.no\/sterke-historier\/la-tre-ar-i-sykesenga\/83689022\" rel=\"nofollow noopener\" target=\"_blank\"><\/p>\n<p>      <img loading=\"lazy\" decoding=\"async\" src=\"https:\/\/www.europesays.com\/no\/wp-content\/uploads\/2025\/11\/83689058.webp\" width=\"980\" height=\"441\" title=\"L\u00e5 tre \u00e5r i sykesenga\" alt=\"\" class=\"lazyload\" style=\"--aspect-ratio-image: 2.22; \"\/><\/p>\n<p>        L\u00e5 tre \u00e5r i sykesenga<\/p>\n<p>    <\/a><\/p>\n<p>I dag er Rosa en livlig liten jente som elsker \u00e5 danse til TV-en, og som f\u00e5r mamma og pappa til \u00e5 le med sine rampestreker. Enn s\u00e5 lenge lever hun p\u00e5 flytende kost, og f\u00f8lges opp med jevnlige kontroller, men hjertet fungerer som det skal.\u00a0<\/p>\n<p class=\"font-weight-bold m-font-weight-bold\" data-lab-font_weight=\"font-weight-bold\">&#8211; Hun er v\u00e5r lille hjertekriger, sier Cheryl r\u00f8rt.\u00a0<\/p>\n<p>&#8211; Arret hennes skal alltid minne henne p\u00e5 hvor modig hun er. Vi er evig takknemlige overfor legene som reddet livet hennes -med hjelp av en ku!\u00a0<\/p>\n","protected":false},"excerpt":{"rendered":"Lille Rosa ble f\u00f8dt med hjertefeil Cheryl og Phil kalte datteren for Rosa &#8211; selv om hun var&hellip;\n","protected":false},"author":2,"featured_media":95252,"comment_status":"","ping_status":"","sticky":false,"template":"","format":"standard","meta":{"footnotes":""},"categories":[12],"tags":[20,21,4104,24,25,15,479,22,23,13,30,28,29,14,16,4291,26,27,42,43,44,45],"class_list":{"0":"post-95251","1":"post","2":"type-post","3":"status-publish","4":"format-standard","5":"has-post-thumbnail","7":"category-verden","8":"tag-breaking-news","9":"tag-breakingnews","10":"tag-eksklusivt","11":"tag-featured-news","12":"tag-featurednews","13":"tag-headlines","14":"tag-kjendis","15":"tag-latest-news","16":"tag-latestnews","17":"tag-news","18":"tag-no","19":"tag-norge","20":"tag-norway","21":"tag-nyheter","22":"tag-overskrifter","23":"tag-sterke-historier","24":"tag-top-stories","25":"tag-topstories","26":"tag-verden","27":"tag-world","28":"tag-world-news","29":"tag-worldnews"},"share_on_mastodon":{"url":"https:\/\/pubeurope.com\/@no\/115604482302404829","error":""},"_links":{"self":[{"href":"https:\/\/www.europesays.com\/no\/wp-json\/wp\/v2\/posts\/95251","targetHints":{"allow":["GET"]}}],"collection":[{"href":"https:\/\/www.europesays.com\/no\/wp-json\/wp\/v2\/posts"}],"about":[{"href":"https:\/\/www.europesays.com\/no\/wp-json\/wp\/v2\/types\/post"}],"author":[{"embeddable":true,"href":"https:\/\/www.europesays.com\/no\/wp-json\/wp\/v2\/users\/2"}],"replies":[{"embeddable":true,"href":"https:\/\/www.europesays.com\/no\/wp-json\/wp\/v2\/comments?post=95251"}],"version-history":[{"count":0,"href":"https:\/\/www.europesays.com\/no\/wp-json\/wp\/v2\/posts\/95251\/revisions"}],"wp:featuredmedia":[{"embeddable":true,"href":"https:\/\/www.europesays.com\/no\/wp-json\/wp\/v2\/media\/95252"}],"wp:attachment":[{"href":"https:\/\/www.europesays.com\/no\/wp-json\/wp\/v2\/media?parent=95251"}],"wp:term":[{"taxonomy":"category","embeddable":true,"href":"https:\/\/www.europesays.com\/no\/wp-json\/wp\/v2\/categories?post=95251"},{"taxonomy":"post_tag","embeddable":true,"href":"https:\/\/www.europesays.com\/no\/wp-json\/wp\/v2\/tags?post=95251"}],"curies":[{"name":"wp","href":"https:\/\/api.w.org\/{rel}","templated":true}]}}