{"id":95315,"date":"2025-11-24T12:50:09","date_gmt":"2025-11-24T12:50:09","guid":{"rendered":"https:\/\/www.europesays.com\/no\/95315\/"},"modified":"2025-11-24T12:50:09","modified_gmt":"2025-11-24T12:50:09","slug":"ingenting-gar-gjennom-uten-gront-lys-fra-trump","status":"publish","type":"post","link":"https:\/\/www.europesays.com\/no\/95315\/","title":{"rendered":"\u2013\u00a0Ingenting g\u00e5r gjennom uten gr\u00f8nt lys fra Trump"},"content":{"rendered":"<p><strong>Finlands president Alexander Stubb bekrefter at han og Italias statsminister Giorgia Meloni hadde en telefonsamtale med USAs president Donald Trump mandag morgen, der de diskuterte den amerikanske fredsplanen for Ukraina.<\/strong><\/p>\n<p>I et <a href=\"https:\/\/youtu.be\/u11M880ceFg\" rel=\"nofollow noopener\" target=\"_blank\">intervju <\/a>med Bloomberg under G20-m\u00f8tet i Johannesburg bekreftet Stubb at samtalen fant sted bare ti minutter f\u00f8r intervjuet, og at presidenten ringte tidlig for \u00e5 diskutere planens status.<\/p>\n<p>\u2013\u00a0Presidenten i USA v\u00e5kner veldig tidlig og jobber veldig hardt. Han ville snakke om planen og tilstanden p\u00e5 tingene, sa Stubb til Bloomberg.<\/p>\n<p>Den finske presidenten understreket at Trump har avgj\u00f8rende innflytelse over forhandlingsprosessen. <\/p>\n<p>\u2013\u00a0President Trump er personen som beslutter hva parameterne i dokumentet vil v\u00e6re til syvende og sist. Ingenting vil g\u00e5 gjennom uten at det gr\u00f8nne lyset kommer fra president Trump, uttalte han.<\/p>\n<p>Trumps 28-punkts fredsplan har tre hovedkategorier. Det f\u00f8rste niv\u00e5et handler om Ukraina selv, inkludert sp\u00f8rsm\u00e5l om landbytte. Det andre niv\u00e5et omhandler europeisk sikkerhet, EU og NATO, mens det tredje niv\u00e5et dreier seg om det transatlantiske partnerskapet.<\/p>\n<p>Stubb var n\u00f8ye med \u00e5 ikke avsl\u00f8re detaljer fra morgendagens samtale med Trump.<\/p>\n<p>\u2013\u00a0Finner kysser ikke og forteller, sa han med referanse til diplomatisk taushetsplikt. Han beskrev imidlertid Trump som en god lytter som stiller mange sp\u00f8rsm\u00e5l f\u00f8r han trekker sine egne konklusjoner.<\/p>\n<p>Den finske presidenten erkjente at Europa ble tatt p\u00e5 sengen da planen ble presentert.<\/p>\n<p>\u2013\u00a0Ja og nei er det rette svaret. Ja, i den forstand at vi ikke hadde sett dokumentet p\u00e5 forh\u00e5nd, men nei, i den forstand at vi n\u00e5 forhandler og diskuterer med v\u00e5re amerikanske venner og allierte, forklarte han.<\/p>\n<p>Dette er f\u00f8rste gang det foreligger et omfattende dokument p\u00e5 bordet, p\u00e5pekte Stubb.<\/p>\n<p>\u2013\u00a0I diplomati har vi alle fremlagt forskjellige planer og ideer om hva som kunne gj\u00f8res, men dette er f\u00f8rste gang vi ser et helhetlig dokument, sa han.<\/p>\n<p>Forhandlingene er n\u00e5 overlatt til nasjonale sikkerhetsr\u00e5dgivere i Gen\u00e8ve, som m\u00f8ter USAs utenriksminister Marco Rubio og det ukrainske teamet. Stubb ville ikke spekulere i om torsdagens angivelige frist vil holde, men la til at det n\u00f8kkelen n\u00e5 er \u00e5 oppn\u00e5 en v\u00e5penhvile.<\/p>\n<p>Presidenten avviste \u00e5 svare p\u00e5 sp\u00f8rsm\u00e5l om Europas r\u00f8de linjer i forhandlingene. \u00abHvis jeg n\u00e5 skulle gi dere en r\u00f8d linje, ville det blitt deres overskrift. S\u00e5 jeg avst\u00e5r fra det\u00bb, sa han.<\/p>\n<p>Stubb ga ogs\u00e5 uttrykk for forsiktig optimisme om forhandlingene i Sveits, men understreket at han er realistisk.<\/p>\n<p>\u2013\u00a0Jeg h\u00e5per vi kommer videre. Jeg h\u00e5per vi forst\u00e5r hverandre bedre. Jeg h\u00e5per vi finner noen landingssoner blant amerikanerne, europeerne og ukrainerne, avsluttet han.<\/p>\n","protected":false},"excerpt":{"rendered":"Finlands president Alexander Stubb bekrefter at han og Italias statsminister Giorgia Meloni hadde en telefonsamtale med USAs president&hellip;\n","protected":false},"author":2,"featured_media":95316,"comment_status":"","ping_status":"","sticky":false,"template":"","format":"standard","meta":{"footnotes":""},"categories":[12],"tags":[3025,20,21,24,25,12326,15,179,22,23,13,30,28,29,14,16,26,27,766,50,42,43,44,45],"class_list":{"0":"post-95315","1":"post","2":"type-post","3":"status-publish","4":"format-standard","5":"has-post-thumbnail","7":"category-verden","8":"tag-alexander-stubb","9":"tag-breaking-news","10":"tag-breakingnews","11":"tag-featured-news","12":"tag-featurednews","13":"tag-fredsforslag","14":"tag-headlines","15":"tag-krigen-i-ukraina","16":"tag-latest-news","17":"tag-latestnews","18":"tag-news","19":"tag-no","20":"tag-norge","21":"tag-norway","22":"tag-nyheter","23":"tag-overskrifter","24":"tag-top-stories","25":"tag-topstories","26":"tag-trump","27":"tag-usa","28":"tag-verden","29":"tag-world","30":"tag-world-news","31":"tag-worldnews"},"share_on_mastodon":{"url":"https:\/\/pubeurope.com\/@no\/115604765073787201","error":""},"_links":{"self":[{"href":"https:\/\/www.europesays.com\/no\/wp-json\/wp\/v2\/posts\/95315","targetHints":{"allow":["GET"]}}],"collection":[{"href":"https:\/\/www.europesays.com\/no\/wp-json\/wp\/v2\/posts"}],"about":[{"href":"https:\/\/www.europesays.com\/no\/wp-json\/wp\/v2\/types\/post"}],"author":[{"embeddable":true,"href":"https:\/\/www.europesays.com\/no\/wp-json\/wp\/v2\/users\/2"}],"replies":[{"embeddable":true,"href":"https:\/\/www.europesays.com\/no\/wp-json\/wp\/v2\/comments?post=95315"}],"version-history":[{"count":0,"href":"https:\/\/www.europesays.com\/no\/wp-json\/wp\/v2\/posts\/95315\/revisions"}],"wp:featuredmedia":[{"embeddable":true,"href":"https:\/\/www.europesays.com\/no\/wp-json\/wp\/v2\/media\/95316"}],"wp:attachment":[{"href":"https:\/\/www.europesays.com\/no\/wp-json\/wp\/v2\/media?parent=95315"}],"wp:term":[{"taxonomy":"category","embeddable":true,"href":"https:\/\/www.europesays.com\/no\/wp-json\/wp\/v2\/categories?post=95315"},{"taxonomy":"post_tag","embeddable":true,"href":"https:\/\/www.europesays.com\/no\/wp-json\/wp\/v2\/tags?post=95315"}],"curies":[{"name":"wp","href":"https:\/\/api.w.org\/{rel}","templated":true}]}}