{"id":95361,"date":"2025-11-24T13:36:09","date_gmt":"2025-11-24T13:36:09","guid":{"rendered":"https:\/\/www.europesays.com\/no\/95361\/"},"modified":"2025-11-24T13:36:09","modified_gmt":"2025-11-24T13:36:09","slug":"lyngen-lyngseidet-en-person-dod-etter-voldshendelse","status":"publish","type":"post","link":"https:\/\/www.europesays.com\/no\/95361\/","title":{"rendered":"Lyngen, Lyngseidet | En person d\u00f8d etter voldshendelse"},"content":{"rendered":"\n<p>En person er bekreftet d\u00f8d som f\u00f8lge av en voldhendelse p\u00e5 helsehuset p\u00e5 Lyngseidet. <\/p>\n<p>\u2013 Politiet har kontroll p\u00e5 gjerningspersonen, melder politiet.<\/p>\n<p>Lyngstunet er et bygg som kombinerer \u00e5pne publikumstjenester med blant annet legekontor og institusjonsplasser. <\/p>\n<p>\u2013 \u00c5stedet er sperret av. Politiet er p\u00e5 stedet og vil gjennomf\u00f8re taktiske og tekniske unders\u00f8kelser, melder politiet. <\/p>\n<p>Ingen andre ble skadet og politiet understreker at det ikke er fare for andre p\u00e5 n\u00e5v\u00e6rende tidspunkt. <\/p>\n<p>\u2013 Politiet er helt i initialfasen av etterforskningen, og det jobbes blant annet med \u00e5 varsle p\u00e5r\u00f8rende.<\/p>\n<p>Lyngen kommune har satt krisestab, opplyser kommunedirekt\u00f8r Frode Karlsen. Han \u00f8nsker ikke \u00e5 kommentere mer om saken. <\/p>\n","protected":false},"excerpt":{"rendered":"En person er bekreftet d\u00f8d som f\u00f8lge av en voldhendelse p\u00e5 helsehuset p\u00e5 Lyngseidet. \u2013 Politiet har kontroll&hellip;\n","protected":false},"author":2,"featured_media":2176,"comment_status":"","ping_status":"","sticky":false,"template":"","format":"standard","meta":{"footnotes":""},"categories":[10],"tags":[36,20,21,24,25,15,22,23,12332,12333,13,30,28,29,14,16,563,1510,26,27,1625],"class_list":{"0":"post-95361","1":"post","2":"type-post","3":"status-publish","4":"format-standard","5":"has-post-thumbnail","7":"category-norge","8":"tag-art","9":"tag-breaking-news","10":"tag-breakingnews","11":"tag-featured-news","12":"tag-featurednews","13":"tag-headlines","14":"tag-latest-news","15":"tag-latestnews","16":"tag-lyngen","17":"tag-lyngseidet","18":"tag-news","19":"tag-no","20":"tag-norge","21":"tag-norway","22":"tag-nyheter","23":"tag-overskrifter","24":"tag-politiet-i-troms","25":"tag-story","26":"tag-top-stories","27":"tag-topstories","28":"tag-troms-politidistrikt"},"share_on_mastodon":{"url":"https:\/\/pubeurope.com\/@no\/115604945953685075","error":""},"_links":{"self":[{"href":"https:\/\/www.europesays.com\/no\/wp-json\/wp\/v2\/posts\/95361","targetHints":{"allow":["GET"]}}],"collection":[{"href":"https:\/\/www.europesays.com\/no\/wp-json\/wp\/v2\/posts"}],"about":[{"href":"https:\/\/www.europesays.com\/no\/wp-json\/wp\/v2\/types\/post"}],"author":[{"embeddable":true,"href":"https:\/\/www.europesays.com\/no\/wp-json\/wp\/v2\/users\/2"}],"replies":[{"embeddable":true,"href":"https:\/\/www.europesays.com\/no\/wp-json\/wp\/v2\/comments?post=95361"}],"version-history":[{"count":0,"href":"https:\/\/www.europesays.com\/no\/wp-json\/wp\/v2\/posts\/95361\/revisions"}],"wp:featuredmedia":[{"embeddable":true,"href":"https:\/\/www.europesays.com\/no\/wp-json\/wp\/v2\/media\/2176"}],"wp:attachment":[{"href":"https:\/\/www.europesays.com\/no\/wp-json\/wp\/v2\/media?parent=95361"}],"wp:term":[{"taxonomy":"category","embeddable":true,"href":"https:\/\/www.europesays.com\/no\/wp-json\/wp\/v2\/categories?post=95361"},{"taxonomy":"post_tag","embeddable":true,"href":"https:\/\/www.europesays.com\/no\/wp-json\/wp\/v2\/tags?post=95361"}],"curies":[{"name":"wp","href":"https:\/\/api.w.org\/{rel}","templated":true}]}}