{"id":95373,"date":"2025-11-24T13:51:16","date_gmt":"2025-11-24T13:51:16","guid":{"rendered":"https:\/\/www.europesays.com\/no\/95373\/"},"modified":"2025-11-24T13:51:16","modified_gmt":"2025-11-24T13:51:16","slug":"henrik-troy-er-semifinalist-i-vixen-nekter-a-mote-opp","status":"publish","type":"post","link":"https:\/\/www.europesays.com\/no\/95373\/","title":{"rendered":"Henrik Troy er semifinalist i Vixen: Nekter \u00e5 m\u00f8te opp"},"content":{"rendered":"\n<ul class=\"_list_o9xde_3 _list_64s2r_85 _unordered_o9xde_106 text-sans-m\">\n<li class=\"_item_o9xde_30\">Henrik Troy (41) parodierer norske influencere, men nekter \u00e5 delta p\u00e5 Vixen Awards.<\/li>\n<li class=\"_item_o9xde_30\">Til tross for at han er semifinalist i kategorien \u00ab\u00c5rets influencer: Sterke meninger\u00bb, velger han \u00e5 holde seg unna.<\/li>\n<li class=\"_item_o9xde_30\">Troy ser seg selv som meningsytrer, ikke influencer.<\/li>\n<\/ul>\n<p>Vis mer <\/p>\n<p class=\"_paragraph_o9xde_4 _paragraph_xtcu6_10 layout-component text-serif-m layout-normal text-serif-m layout-padded\">\u2013 Hyggelig, men nei takk! er svaret Troy ga p\u00e5 invitasjonen fra Vixen Awards.<\/p>\n<p class=\"_paragraph_o9xde_4 _paragraph_xtcu6_10 layout-component text-serif-m layout-normal text-serif-m layout-padded\">Daglig parodierer Troy norske influencere. Ved \u00e5 \u00abk\u00f8dde\u00bb med akt\u00f8rene i bransjen, har han \u00f8kt fra 5000 f\u00f8lgere til over 81.000 p\u00e5 halvannet \u00e5r. <\/p>\n<p class=\"_paragraph_o9xde_4 _paragraph_xtcu6_10 layout-component text-serif-m layout-normal text-serif-m layout-padded\">Men ikke alt er humor, <a href=\"https:\/\/www.vg.no\/rampelys\/i\/93RR6M\/henrik-troy-dundrer-loes-mot-influencerne-gaar-etter-de-mest-selvopptatte\" data-track-element-type=\"Link\" data-track-id=\"link:93RR6M\" class=\"_link_o9xde_39\" rel=\"nofollow noopener\" target=\"_blank\">forklarte han til VG i h\u00f8st<\/a>.<\/p>\n<p class=\"_paragraph_o9xde_4 _paragraph_xtcu6_10 layout-component text-serif-m layout-normal text-serif-m layout-padded\">Og n\u00e5r prisutdelingen arrangeres i Oslo 23. januar 2026, glimrer han alts\u00e5 med sitt frav\u00e6r, selv om <a href=\"https:\/\/www.vixen.no\/artikkel\/dette-er-semifinalistene-til-vixen-awards-2025\" class=\"_link_o9xde_39\" rel=\"nofollow noopener\" target=\"_blank\">han er semifinalist<\/a>.<\/p>\n<p class=\"_paragraph_o9xde_4 _paragraph_xtcu6_10 layout-component text-serif-m layout-normal text-serif-m layout-padded\">41-\u00e5ringen st\u00e5r oppf\u00f8rt i kategorien \u00ab\u00c5rets influencer: Sterke meninger\u00bb, der en jury har foresl\u00e5tt kandidatene.<\/p>\n<p class=\"_paragraph_o9xde_4 _paragraph_xtcu6_10 layout-component text-serif-m layout-normal text-serif-m layout-padded\">\u00abDen egentlige grunnen til at jeg ikke kan bli med p\u00e5 dette er at eldstemann melder s\u00e5 sykt hardt. Hun s\u00e5 meg bruke fuktighetskrem \u00e9n gang for 3 \u00e5r siden, og det k\u00f8dder hun med hver eneste dag. Hvis hun hadde f\u00e5tt h\u00f8re at jeg skal bli med p\u00e5 en influencer-konkurranse hadde hun bare f\u00e5tt mer blod p\u00e5 tann\u00bb, skriver Troy p\u00e5 <a href=\"https:\/\/www.instagram.com\/p\/DRbsa-ADB_n\/?hl=en&amp;img_index=1\" class=\"_link_o9xde_39\" rel=\"nofollow noopener\" target=\"_blank\">Instagram<\/a>.<\/p>\n<p><img alt=\"Foto: Faksimile fra Troys Instagram\" class=\"_image_qp4xg_65 layout-component layout-normal\" data-fullscreen- data-track-element-type=\"Article image fullscreen\" data-track-name=\"ImageFullscreen\" decoding=\"async\" loading=\"lazy\" height=\"325\" itemprop=\"image\"  src=\"https:\/\/www.europesays.com\/no\/wp-content\/uploads\/2025\/11\/6fba09a3-d38e-473b-ac7a-b100f83f7998\"  style=\"object-position:0% 0%\" width=\"974\"\/>Foto: Faksimile fra Troys Instagram<\/p>\n<p class=\"_paragraph_o9xde_4 _paragraph_xtcu6_10 layout-component text-serif-m layout-normal text-serif-m layout-padded\">Fra sp\u00f8k til alvor. <\/p>\n<p class=\"_paragraph_o9xde_4 _paragraph_xtcu6_10 layout-component text-serif-m layout-normal text-serif-m layout-padded\">N\u00e5r VG sp\u00f8r Fredrikstad-mannen og tobarnsfaren hvorfor han styrer unna festlighetene, svarer han i SMS:<\/p>\n<p class=\"_paragraph_o9xde_4 _paragraph_xtcu6_10 layout-component text-serif-m layout-normal text-serif-m layout-padded\">\u2013 F\u00f8rst og fremst s\u00e5 m\u00e5 jeg si at det er mange flinke blant de nominerte, men det er ogs\u00e5 mange folk som jeg mener er ganske kyniske i forhold til hva slags content de deler. <\/p>\n<p class=\"_paragraph_o9xde_4 _paragraph_xtcu6_10 layout-component text-serif-m layout-normal text-serif-m layout-padded\">Han legger til:<\/p>\n<p class=\"_paragraph_o9xde_4 _paragraph_xtcu6_10 layout-component text-serif-m layout-normal text-serif-m layout-padded\">\u2013 Det er folk som driver med eksponering av barn og ikke samtykkekompetente mennesker, som er nominert til b\u00e5de \u00e5rets forbilde og \u00e5rets business. N\u00e5r de blir nominert, s\u00e5 legitimerer det m\u00e5ten de driver business og tjener penger p\u00e5.<\/p>\n<p><img alt=\"Henrik Troy i influencer-positur for VG.   Foto: Privat\" class=\"_image_qp4xg_65 layout-component layout-normal\" data-fullscreen- data-track-element-type=\"Article image fullscreen\" data-track-name=\"ImageFullscreen\" decoding=\"async\" loading=\"lazy\" height=\"843\" itemprop=\"image\"  src=\"https:\/\/www.europesays.com\/no\/wp-content\/uploads\/2025\/11\/71da96c9-ba82-425f-b493-8ae825aa373e\"  style=\"object-position:0% 0%\" width=\"1147\"\/>Henrik Troy i influencer-positur for VG.   Foto: Privat<\/p>\n<p class=\"_paragraph_o9xde_4 _paragraph_xtcu6_10 layout-component text-serif-m layout-normal text-serif-m layout-padded\">Troy presiserer i tillegg at han ikke er influencer. I hvert fall ser han ikke p\u00e5 seg selv som det.<\/p>\n<p class=\"_paragraph_o9xde_4 _paragraph_xtcu6_10 layout-component text-serif-m layout-normal text-serif-m layout-padded\">\u2013 Jeg anser ikke meg selv som en del av den bransjen, men jeg registrerer at mange mener at jeg er det p\u00e5 grunn av antall f\u00f8lgere osv. Men det nekter jeg \u00e5 g\u00e5 med p\u00e5, jeg kan til n\u00f8d g\u00e5 med p\u00e5 at jeg er en meningsytrer.<\/p>\n<p class=\"_paragraph_o9xde_4 _paragraph_xtcu6_10 layout-component text-serif-m layout-normal text-serif-m layout-padded\">Daglig leder for Vixen, Pia Tryland, skriver p\u00e5 e-post til VG at utdelingen har som m\u00e5l \u00e5 l\u00f8fte frem influencere som bidrar positivt til bransjen og samfunnet, og som er gode forbilder.<\/p>\n<p><img decoding=\"async\" alt=\"Bilde av Pia Tryland\" class=\"_image_ygndg_42\" height=\"53\" itemprop=\"image\" loading=\"lazy\"  src=\"https:\/\/www.europesays.com\/no\/wp-content\/uploads\/2025\/11\/d8b7dc9b-5f62-4f7f-9e54-565e46b5f071\"  width=\"40\"\/><strong class=\"_name_ygndg_51 title-serif-xs\">Pia Tryland<\/strong><\/p>\n<p class=\"_paragraph_o9xde_4 text-sans-m _description_ygndg_56\">Daglig leder i Vixen<\/p>\n<p class=\"_paragraph_o9xde_4 _paragraph_xtcu6_10 layout-component text-serif-m layout-normal text-serif-m layout-padded\">Hun synes det er leit at Troy dropper festen:<\/p>\n<p class=\"_paragraph_o9xde_4 _paragraph_xtcu6_10 layout-component text-serif-m layout-normal text-serif-m layout-padded\">\u2013 V\u00e5rt m\u00e5l er \u00e5 hedre dyktige influencere. Det er synd om Troy som semifinalist ikke \u00f8nsker \u00e5 delta p\u00e5 prisutdelingen, men jeg respekterer hans avgj\u00f8relse.<\/p>\n<p class=\"_paragraph_o9xde_4 _paragraph_xtcu6_10 layout-component text-serif-m layout-normal text-serif-m layout-padded\">Tryland sier at en viktig del av vurderingene i kriteriene for prisutdelingen handler om \u00absunn fornuft\u00bb. I det legger hun:<\/p>\n<p class=\"_paragraph_o9xde_4 _paragraph_xtcu6_10 layout-component text-serif-m layout-normal text-serif-m layout-padded\">\u2013 Om influenceren er sitt ansvar bevisst, og unng\u00e5r innhold som skaper d\u00e5rlige selvbilder, har et fornuftig forhold til kommunikasjon rettet mot barn \u2013 og holder seg innenfor b\u00e5de lovverket og det folk flest oppfatter som ansvarlig praksis.<\/p>\n<p class=\"_paragraph_o9xde_4 _paragraph_xtcu6_10 layout-component text-serif-m layout-normal text-serif-m layout-padded\">Tryland sier at juryen gj\u00f8r sitt beste for \u00e5 sikre en grundig og rettferdig prosess.<\/p>\n<p class=\"_paragraph_o9xde_4 _paragraph_xtcu6_10 layout-component text-serif-m layout-normal text-serif-m layout-padded\">\u2013 Og det er fullt forst\u00e5elig at ikke alle er enig med hva juryene kommer frem til. <\/p>\n<p><img alt=\"Henrik Troy bruker seg selv i sine parodier p\u00e5 kjente influencere.  Foto: Troys Instagram\" class=\"_image_qp4xg_65 layout-component layout-normal\" data-fullscreen- data-track-element-type=\"Article image fullscreen\" data-track-name=\"ImageFullscreen\" decoding=\"async\" loading=\"lazy\" height=\"838\" itemprop=\"image\"  src=\"https:\/\/www.europesays.com\/no\/wp-content\/uploads\/2025\/11\/ef827d8a-1748-482a-bd84-1bd1f2fada43\"  style=\"object-position:0% 0%\" width=\"949\"\/>Henrik Troy bruker seg selv i sine parodier p\u00e5 kjente influencere.  Foto: Troys Instagram<\/p>\n<p class=\"_paragraph_o9xde_4 _paragraph_xtcu6_10 layout-component text-serif-m layout-normal text-serif-m layout-padded\"><strong class=\"_strong_o9xde_25\">Selv om Troy er fast bestemt p\u00e5 at han ikke tilh\u00f8rer bransjen, er han likevel en anelse smigret over hederen.<\/strong><\/p>\n<p class=\"_paragraph_o9xde_4 _paragraph_xtcu6_10 layout-component text-serif-m layout-normal text-serif-m layout-padded\">\u2013 At jeg er nominert, er vel p\u00e5 sett og vis hyggelig, fordi noen mener at jeg har kommet med noe fornuftig i l\u00f8pet av 2025. Men livet mitt forandrer seg hverken den ene eller andre veien, fordi jeg er Vixen-nominert.<\/p>\n<p class=\"_paragraph_o9xde_4 _paragraph_xtcu6_10 layout-component text-serif-m layout-normal text-serif-m layout-padded\">En f\u00f8lger skriver i kommentarfeltet p\u00e5 Troys Instagram:<\/p>\n<p class=\"_paragraph_o9xde_4 _paragraph_xtcu6_10 layout-component text-serif-m layout-normal text-serif-m layout-padded\">\u00abJeg forst\u00e5r hvor du kommer fra her, men samtidig tenker jeg at dersom man virkelig \u00f8nsker endring i bransjen, er det nettopp derfor man burde stille. For \u00e5 vise at det ogs\u00e5 finnes folk som bruker plattformene sine p\u00e5 en positiv og ansvarlig m\u00e5te.\u00bb<\/p>\n<p class=\"_paragraph_o9xde_4 _paragraph_xtcu6_10 layout-component text-serif-m layout-normal text-serif-m layout-padded\"><strong class=\"_strong_o9xde_25\">\u2013 Er det ikke viktig \u00e5 st\u00f8tte opp om nettopp den kategorien som g\u00e5r p\u00e5 sterke meninger?<\/strong><\/p>\n<p class=\"_paragraph_o9xde_4 _paragraph_xtcu6_10 layout-component text-serif-m layout-normal text-serif-m layout-padded\">\u2013 Jeg registrerer at mange mener jeg b\u00f8r godta nominasjonen, og bruke muligheten hvis jeg vinner til \u00e5 si fra p\u00e5 scenen hva jeg tenker og f\u00f8ler. Jeg h\u00e5per de samme folkene registrerer at jeg fint klarer \u00e5 si ifra n\u00e5, og n\u00e5r ganske mange mennesker uten \u00e5 samtidig f\u00f8le at jeg selger sjela mi, svarer Troy.<\/p>\n<p class=\"_paragraph_o9xde_4 _paragraph_xtcu6_10 layout-component text-serif-m layout-normal text-serif-m layout-padded\">Han er inntil videre semifinalist. Om han ender opp som finalist, gjenst\u00e5r \u00e5 se.<\/p>\n<p class=\"_paragraph_o9xde_4 _paragraph_xtcu6_10 layout-component text-serif-m layout-normal text-serif-m layout-padded\">Uansett blir 41-\u00e5ringen ikke \u00e5 se n\u00e5r prisene drysser p\u00e5 ny\u00e5ret.<\/p>\n<p class=\"_paragraph_o9xde_4 _paragraph_xtcu6_10 layout-component text-serif-m layout-normal text-serif-m layout-padded\">\u2013 Nei, jeg kommer ikke til \u00e5 m\u00f8te opp uansett om jeg g\u00e5r videre eller ikke, forsikrer han. <\/p>\n<p class=\"_paragraph_o9xde_4 _paragraph_xtcu6_10 layout-component text-serif-m layout-normal text-serif-m layout-padded\">Han legger sp\u00f8kefullt til:<\/p>\n<p class=\"_paragraph_o9xde_4 _paragraph_xtcu6_10 layout-component text-serif-m layout-normal text-serif-m layout-padded\">\u2013 Akkurat den dagen prisutdelingen er, skal jeg og samboeren min sortere Tupperware-beholdningen v\u00e5r, den skuffen er alts\u00e5 s\u00e5 rotete og nesten helt umulig \u00e5 lukke igjen.<\/p>\n<p class=\"_paragraph_o9xde_4 _paragraph_xtcu6_10 layout-component text-serif-m layout-normal text-serif-m layout-padded\"><strong class=\"_strong_o9xde_25\">Vixen Awards sendes eksklusivt p\u00e5 VGTV.<\/strong><\/p>\n<p class=\"_paragraph_o9xde_4 _paragraph_xtcu6_10 layout-component text-serif-m layout-normal text-serif-m layout-padded\">Det er Vixen som fastsetter retningslinjene, mens \u00e5tte eksterne juryer med totalt 32 jurymedlemmer foretar de uavhengige vurderingene. <\/p>\n<p class=\"_paragraph_o9xde_4 _paragraph_xtcu6_10 layout-component text-serif-m layout-normal text-serif-m layout-padded\">Folkets favoritt <a href=\"https:\/\/www.vg.no\/rampelys\/i\/Gxlxkq\/stem-paa-folkets-favoritt-til-vixen-awards-2025\" data-track-element-type=\"Link\" data-track-id=\"link:Gxlxkq\" class=\"_link_o9xde_39\" rel=\"nofollow noopener\" target=\"_blank\">k\u00e5res av VGs lesere<\/a> og er en ren publikumspris. Avstemningene i de andre kategoriene foreg\u00e5r p\u00e5 <a href=\"https:\/\/www.vixen.no\/semifinalister?mc_cid=c246ba2db6&amp;utm_source=sdrn%3Avg%3Aarticle%3AGxlxkq\" class=\"_link_o9xde_39\" rel=\"nofollow noopener\" target=\"_blank\">Vixens nettside<\/a>.<\/p>\n<p class=\"_paragraph_o9xde_4 _paragraph_xtcu6_10 layout-component text-serif-m layout-normal text-serif-m layout-padded\"><strong class=\"_strong_o9xde_25\">Tilbakeblikk p\u00e5 \u00e5rets Vixen her:<\/strong><\/p>\n<p>Les ogs\u00e5<br \/>\n    <script async src=\"\/\/www.instagram.com\/embed.js\"><\/script><\/p>\n","protected":false},"excerpt":{"rendered":"Henrik Troy (41) parodierer norske influencere, men nekter \u00e5 delta p\u00e5 Vixen Awards. Til tross for at han&hellip;\n","protected":false},"author":2,"featured_media":95374,"comment_status":"","ping_status":"","sticky":false,"template":"","format":"standard","meta":{"footnotes":""},"categories":[10],"tags":[20,21,24,25,15,12162,829,22,23,13,30,28,29,14,16,26,27,12090],"class_list":{"0":"post-95373","1":"post","2":"type-post","3":"status-publish","4":"format-standard","5":"has-post-thumbnail","7":"category-norge","8":"tag-breaking-news","9":"tag-breakingnews","10":"tag-featured-news","11":"tag-featurednews","12":"tag-headlines","13":"tag-henrik-troy","14":"tag-influencer","15":"tag-latest-news","16":"tag-latestnews","17":"tag-news","18":"tag-no","19":"tag-norge","20":"tag-norway","21":"tag-nyheter","22":"tag-overskrifter","23":"tag-top-stories","24":"tag-topstories","25":"tag-vixen-awards"},"share_on_mastodon":{"url":"https:\/\/pubeurope.com\/@no\/115605005186758635","error":""},"_links":{"self":[{"href":"https:\/\/www.europesays.com\/no\/wp-json\/wp\/v2\/posts\/95373","targetHints":{"allow":["GET"]}}],"collection":[{"href":"https:\/\/www.europesays.com\/no\/wp-json\/wp\/v2\/posts"}],"about":[{"href":"https:\/\/www.europesays.com\/no\/wp-json\/wp\/v2\/types\/post"}],"author":[{"embeddable":true,"href":"https:\/\/www.europesays.com\/no\/wp-json\/wp\/v2\/users\/2"}],"replies":[{"embeddable":true,"href":"https:\/\/www.europesays.com\/no\/wp-json\/wp\/v2\/comments?post=95373"}],"version-history":[{"count":0,"href":"https:\/\/www.europesays.com\/no\/wp-json\/wp\/v2\/posts\/95373\/revisions"}],"wp:featuredmedia":[{"embeddable":true,"href":"https:\/\/www.europesays.com\/no\/wp-json\/wp\/v2\/media\/95374"}],"wp:attachment":[{"href":"https:\/\/www.europesays.com\/no\/wp-json\/wp\/v2\/media?parent=95373"}],"wp:term":[{"taxonomy":"category","embeddable":true,"href":"https:\/\/www.europesays.com\/no\/wp-json\/wp\/v2\/categories?post=95373"},{"taxonomy":"post_tag","embeddable":true,"href":"https:\/\/www.europesays.com\/no\/wp-json\/wp\/v2\/tags?post=95373"}],"curies":[{"name":"wp","href":"https:\/\/api.w.org\/{rel}","templated":true}]}}