{"id":95512,"date":"2025-11-24T16:31:15","date_gmt":"2025-11-24T16:31:15","guid":{"rendered":"https:\/\/www.europesays.com\/no\/95512\/"},"modified":"2025-11-24T16:31:15","modified_gmt":"2025-11-24T16:31:15","slug":"ingrid-espelid-hovigs-bror-halldor-espelid-ble-henrettet-av-nazistene","status":"publish","type":"post","link":"https:\/\/www.europesays.com\/no\/95512\/","title":{"rendered":"Ingrid Espelid Hovigs bror Halldor Espelid ble henrettet av nazistene"},"content":{"rendered":"<p>Noen \u00e5r f\u00f8r den folkekj\u00e6re tv-kokken<br \/>\nIngrid Espelid Hovig d\u00f8de, snakket hun om savnet etter storebroren Halldor Espelid<br \/>\nsom ble drept av Gestapo:<\/p>\n<p>&#8211; Jeg har enn\u00e5 ikke kommet over<br \/>\ntapet av min bror, eller m\u00e5ten han d\u00f8de p\u00e5. Dette er min store sorg, noe jeg<br \/>\nvil b\u00e6re med meg s\u00e5 lenge jeg lever, sa den kjente kokken til <a href=\"https:\/\/www.nrk.no\/dokumentar\/xl\/broren-ble-myrdet-av-gestapo-1.11595739\" rel=\"nofollow noopener\" target=\"_blank\">NRK<\/a>\u00a0i 2014.<\/p>\n<p class=\"font-weight-bold m-font-weight-bold\" data-lab-font_weight=\"font-weight-bold\">Hun var blitt 90 \u00e5r, og ville<br \/>\nvise TV-seerne hva storebror Halldor hadde v\u00e5get da han vervet seg som<br \/>\njagerflyger i Royal Air Force for \u00e5 bekjempe nazistene:<\/p>\n<p>&#8211; Jeg er s\u00e5 veldig, veldig<br \/>\nstolt over ham og det han utrettet for Norge og de allierte under krigen. Men<br \/>\nden f\u00f8lelsen som fortsatt er mest overveldende, er sorgen over \u00e5 ha mistet en<br \/>\nkj\u00e6r bror som jeg s\u00e5 opp til og var s\u00e5 glad i, fortalte hun.<\/p>\n<p>Verdensber\u00f8mt flukt\t<\/p>\n<p>\nHalldor Espelid ble skutt ned og havnet i fangeleiren Stalag Luft III<br \/>\n(tyskernes leir for allierte piloter), s\u00f8rvest i dagens Polen. Der deltok han i<br \/>\ndet som for ettertiden skulle bli kjent som \u00abden store flukten\u00bb: <\/p>\n<p>Natt til 25. mars 1944 r\u00f8mte 76<br \/>\nfanger gjennom en 110 meter lang tunnel som de hadde gravd under fangeleiren.<br \/>\nDen dristige flukten hadde v\u00e6rt planlagt i over ett \u00e5r, og fangene hadde i all<br \/>\nhemmelighet konstruert en trang, underjordisk tunnel med skinneganger og<br \/>\ntraller som skulle frakte dem til friheten.\u00a0<\/p>\n<p>De hadde laget falske<br \/>\nidentifikasjonspapirer, sydd sivile kl\u00e6r og planlagt fluktruter og<br \/>\ndekkhistorier ned til minste detalj.\u00a0<\/p>\n<p>Nedgangen til tunnelen var skjult under<br \/>\npeisen i brakke 104, og selv gjentatte razziaer fra de tyske vaktene viste seg<br \/>\nnyttel\u00f8se. <\/p>\n<p>        <img loading=\"lazy\" decoding=\"async\" itemprop=\"image\" src=\"https:\/\/www.europesays.com\/no\/wp-content\/uploads\/2025\/11\/83832280.webp\" width=\"180\" height=\"180\" alt=\" \"\/><\/p>\n<p>FORFATTER: Eivind S\u00e6ther.<\/p>\n<p>Historien om flukten ble<br \/>\nud\u00f8deliggjort i Hollywood-klassikeren \u00abThe Great Escape\u00bb fra 1963 med<br \/>\nSteve McQueen i hovedrollen, men i virkeligheten er dette en norsk historie. <\/p>\n<p>Fire norske med\u00a0<\/p>\n<p>I alt fire nordmenn var med p\u00e5<br \/>\nden store flukten. Av de 76 som r\u00f8mte, var det til slutt bare tre som lyktes med<br \/>\n\u00e5 komme seg ut av nazi-okkupert Europa. Av de tre, var det to nordmenn. <\/p>\n<p>Da alarmen gikk hos tyskerne i<br \/>\nmorgentimene 25. mars, ble det satt i gang en landsomfattende<br \/>\netters\u00f8kningsoperasjon. De fleste av r\u00f8mlingene ble arrestert i l\u00f8pet av ett d\u00f8gn.\u00a0<\/p>\n<p class=\"font-weight-bold m-font-weight-bold\" data-lab-font_weight=\"font-weight-bold\">Halldor Espelid, Ingrids storebror, flyktet sammen med Nils Fuglesang fra<br \/>\nFlor\u00f8.\u00a0<\/p>\n<p>          <img loading=\"lazy\" decoding=\"async\" src=\"https:\/\/www.europesays.com\/no\/wp-content\/uploads\/2025\/11\/83832279.webp\" width=\"686\" height=\"481\" title=\"FLYKTET: Halldor Espelid var en av fire nordmenn som klarte \u00e5 flykte fra den tyske krigsfangeleiren Stalag Luft III i Polen. Foto: UK National Archive\" alt=\"\" class=\"\" style=\"--aspect-ratio-image: 1.43; \"\/><\/p>\n<p>\n          FLYKTET: Halldor Espelid var en av fire nordmenn som klarte \u00e5 flykte fra den tyske krigsfangeleiren Stalag Luft III i Polen. Foto: UK National Archive\n      <\/p>\n<p class=\"font-weight-normal m-font-weight-normal\" data-lab-font_weight=\"font-weight-normal\">De to planla \u00e5 ta seg over grensen til Danmark hvor en kamerat hadde<br \/>\nkontakter som kunne f\u00e5 dem til Sverige. De var kommet helt til Flensburg da de<br \/>\nnatten etter flukten, ble stoppet i en politikontroll i et boligomr\u00e5de i<br \/>\nutkanten av byen. <\/p>\n<p class=\"font-weight-normal m-font-weight-normal\" data-lab-font_weight=\"font-weight-normal\">\nOslo-guttene Jens M\u00fcller og Per Bergsland flyktet ogs\u00e5, men valgte en annen<br \/>\nrute enn Espelid og Fuglesang, nordover mot Stettin.\u00a0<\/p>\n<p class=\"font-weight-normal m-font-weight-normal\" data-lab-font_weight=\"font-weight-normal\">Der lyktes de etter hvert<br \/>\ngjennom noen svenske sj\u00f8menn \u00e5 komme seg ombord et handelsskip. Tyske soldater<br \/>\nmed hunder kontrollerte hele skipet, men klarte ikke \u00e5 finne de to nordmennene<br \/>\nsom l\u00e5 skjult under en s\u00f8ppelhaug ved ankerkjettingen.\u00a0<\/p>\n<p class=\"font-weight-normal m-font-weight-normal\" data-lab-font_weight=\"font-weight-normal\">M\u00fcller og Bergsland<br \/>\noverlevde den verdensber\u00f8mte flukten.<\/p>\n<p class=\"font-weight-normal m-font-weight-normal\" data-lab-font_weight=\"font-weight-normal\">Etterforskningsmappene fra The National Archive i London forteller om det<br \/>\nsjokkerende som rammet de to andre nordmennene:\u00a0<\/p>\n<p class=\"font-weight-normal m-font-weight-normal\" data-lab-font_weight=\"font-weight-normal\">Om ettermiddagen 29. mars 1944,<br \/>\nhadde Halldor Espelid og Nils Fuglesang sittet fire d\u00f8gn p\u00e5 enecelle i<br \/>\nFlensburg sammen med to andre arresterte fanger da de ble hentet av fem<br \/>\nGestapo-offiserer.<\/p>\n<p class=\"font-weight-normal m-font-weight-normal\" data-lab-font_weight=\"font-weight-normal\">Sannsynligvis regnet de med \u00e5 bli straffet med et par uker<br \/>\np\u00e5 isolat tilbake i leiren. De ante ikke<br \/>\nat Adolf Hitler personlig hadde beordret henrettelsen av 50 av de r\u00f8mte<br \/>\nfangene.\u00a0<\/p>\n<p>          <img loading=\"lazy\" decoding=\"async\" src=\"https:\/\/www.europesays.com\/no\/wp-content\/uploads\/2025\/11\/83832281.webp\" width=\"686\" height=\"686\" title=\"TATT AV TYSKERNE: Halldor Espelid og fange-kortene fra fengselet i Flensburg der Espelid og Fuglesang satt. Foto: UK National Archive\" alt=\"\" class=\"\" style=\"--aspect-ratio-image: 1.00; \"\/><\/p>\n<p>\n          TATT AV TYSKERNE: Halldor Espelid og fange-kortene fra fengselet i Flensburg der Espelid og Fuglesang satt. Foto: UK National Archive\n      <\/p>\n<p class=\"font-weight-normal m-font-weight-normal\" data-lab-font_weight=\"font-weight-normal\">Halldor Espelid var p\u00e5f\u00f8rt h\u00e5ndjern da han sammen med Nils Fuglesang<br \/>\nog de to andre fangene ble ledet ut i to svarte biler foran politistasjonen i<br \/>\nFlensburg.\u00a0<\/p>\n<p class=\"font-weight-normal m-font-weight-normal\" data-lab-font_weight=\"font-weight-normal\">Etter \u00e5 ha kj\u00f8rt et par timer s\u00f8rover, stoppet bilen deres p\u00e5 h\u00f8yre<br \/>\nside av en brosteinsvei noen kilometer s\u00f8r for Kiel. De ble bedt om \u00e5 forlate<br \/>\nbilen for \u00e5 urinere. Halldor ble ledet over veien, inn en jernport og opp en<br \/>\nliten kjerrevei.\u00a0<\/p>\n<p>Henrettet<\/p>\n<p class=\"font-weight-normal m-font-weight-normal\" data-lab-font_weight=\"font-weight-normal\">Der l\u00e5 et stort, \u00f8de jorde foran dem. De ble ledet oppover en<br \/>\nslak bakke da de plutselig fikk de \u00f8ye p\u00e5 liket av den fjerde medfangen som var<br \/>\nblitt kj\u00f8rt i forveien.\u00a0<\/p>\n<p class=\"font-weight-normal m-font-weight-normal\" data-lab-font_weight=\"font-weight-normal\">Gestapo-mennene fortalte i avh\u00f8r at Halldor og de to<br \/>\nandre fangene rykket til og begynte \u00e5 l\u00f8pe, en av dem skrek.\u00a0<\/p>\n<p class=\"font-weight-normal m-font-weight-normal\" data-lab-font_weight=\"font-weight-normal\">S\u00e5 falt skuddene.\u00a0<\/p>\n<p>          <img loading=\"lazy\" decoding=\"async\" src=\"https:\/\/www.europesays.com\/no\/wp-content\/uploads\/2025\/11\/83832278.webp\" width=\"980\" height=\"559\" title=\"REKONSTRUKSJON: Bildet er fra den britiske etterforskningens rekonstruksjon av drapene p\u00e5 Espelid og de tre medfangene. Foto: UK National Archive.\" alt=\"\" class=\"\" style=\"--aspect-ratio-image: 1.75; \"\/><\/p>\n<p>\n          REKONSTRUKSJON: Bildet er fra den britiske etterforskningens rekonstruksjon av drapene p\u00e5 Espelid og de tre medfangene. Foto: UK National Archive.\n      <\/p>\n<p class=\"font-weight-normal m-font-weight-normal\" data-lab-font_weight=\"font-weight-normal\">Johannes Post, lederen for Gestapo-gruppen, s\u00e5 at en av fangene fortsatt var i<br \/>\nlive, Halldor Espelid. Ingen av de andre ville skyte mannen som l\u00e5 i jorda, men<br \/>\nstrevde med \u00e5 reise seg. Post tok da selv en rifle, gikk bort til ham og skj\u00f8t<br \/>\nham i hodet. <\/p>\n<p>Brevet fra mor<\/p>\n<p>Det gikk noen m\u00e5neder f\u00f8r<br \/>\nlilles\u00f8ster Ingrid og de andre i familien p\u00e5 Ask\u00f8y fikk vite at Halldor var<br \/>\ndrept. Uvitende om det som hadde skjedd p\u00e5 jordet utenfor Kiel, sendte moren<br \/>\nhans brev:<\/p>\n<p class=\"font-weight-bold m-font-weight-bold\" data-lab-font_weight=\"font-weight-bold\">\u00abEg er so glad for du er<br \/>\noptimist, Halldor. Det er eg ogso, og visstnok dei andre i huset ogso. Det<br \/>\nh\u00f8yrer ungdomen til, det, veit du, \u00e5 sj\u00e5 ljost p\u00e5 framtidi\u00bb.<\/p>\n<p> Den norske historien om den store flukten ble aldri en del av verken<br \/>\nHollywood-filmen eller v\u00e5r felles historie.\u00a0<\/p>\n<p>Over 200 nordmenn vervet seg som<br \/>\nflygere i det britiske flyv\u00e5penet, og rundt 80 prosent av dem d\u00f8de. De fikk<br \/>\naldri oppmerksomheten de fortjente i norsk offentlighet. <\/p>\n<p>D\u00f8mt til d\u00f8den<\/p>\n<p>\nAlle kriger tar slutt en gang. Gestapo-mennene involvert i drapene p\u00e5 Halldor<br \/>\nog de tre andre fangene ble arrestert og<br \/>\nstod for retten i 1947.\u00a0<\/p>\n<p class=\"font-weight-bold m-font-weight-bold\" data-lab-font_weight=\"font-weight-bold\">Johannes Post, Hans K\u00e4hler, Oscar Schmidt og Walter<br \/>\nJacobs ble d\u00f8mt til d\u00f8den ved henging.<\/p>\n<p>Ingrid Espelid Hovig m\u00e5tte leve<br \/>\nmed sorgen over \u00e5 ha miste en storebror som bare ble 23 \u00e5r gammel. Og den<br \/>\nverdensber\u00f8mte historien om den store flukten er \u2013 i all sin triumf og tragedie<br \/>\n\u2013 en norsk fortelling.\u00a0<\/p>\n<p>\nEivind S\u00e6ther er forfatter og er aktuell med boka \u00abDen store flukten\u00bb, om de fire nordmennenes flukt og fluktfors\u00f8k fra fangeleiren i Polen.\u00a0<\/p>\n","protected":false},"excerpt":{"rendered":"Noen \u00e5r f\u00f8r den folkekj\u00e6re tv-kokken Ingrid Espelid Hovig d\u00f8de, snakket hun om savnet etter storebroren Halldor Espelid&hellip;\n","protected":false},"author":2,"featured_media":95513,"comment_status":"","ping_status":"","sticky":false,"template":"","format":"standard","meta":{"footnotes":""},"categories":[12],"tags":[150,20,21,24,25,15,2539,22,23,13,30,28,29,14,16,26,27,42,43,44,45],"class_list":{"0":"post-95512","1":"post","2":"type-post","3":"status-publish","4":"format-standard","5":"has-post-thumbnail","7":"category-verden","8":"tag-bok","9":"tag-breaking-news","10":"tag-breakingnews","11":"tag-featured-news","12":"tag-featurednews","13":"tag-headlines","14":"tag-innenriks","15":"tag-latest-news","16":"tag-latestnews","17":"tag-news","18":"tag-no","19":"tag-norge","20":"tag-norway","21":"tag-nyheter","22":"tag-overskrifter","23":"tag-top-stories","24":"tag-topstories","25":"tag-verden","26":"tag-world","27":"tag-world-news","28":"tag-worldnews"},"share_on_mastodon":{"url":"https:\/\/pubeurope.com\/@no\/115605634372512124","error":""},"_links":{"self":[{"href":"https:\/\/www.europesays.com\/no\/wp-json\/wp\/v2\/posts\/95512","targetHints":{"allow":["GET"]}}],"collection":[{"href":"https:\/\/www.europesays.com\/no\/wp-json\/wp\/v2\/posts"}],"about":[{"href":"https:\/\/www.europesays.com\/no\/wp-json\/wp\/v2\/types\/post"}],"author":[{"embeddable":true,"href":"https:\/\/www.europesays.com\/no\/wp-json\/wp\/v2\/users\/2"}],"replies":[{"embeddable":true,"href":"https:\/\/www.europesays.com\/no\/wp-json\/wp\/v2\/comments?post=95512"}],"version-history":[{"count":0,"href":"https:\/\/www.europesays.com\/no\/wp-json\/wp\/v2\/posts\/95512\/revisions"}],"wp:featuredmedia":[{"embeddable":true,"href":"https:\/\/www.europesays.com\/no\/wp-json\/wp\/v2\/media\/95513"}],"wp:attachment":[{"href":"https:\/\/www.europesays.com\/no\/wp-json\/wp\/v2\/media?parent=95512"}],"wp:term":[{"taxonomy":"category","embeddable":true,"href":"https:\/\/www.europesays.com\/no\/wp-json\/wp\/v2\/categories?post=95512"},{"taxonomy":"post_tag","embeddable":true,"href":"https:\/\/www.europesays.com\/no\/wp-json\/wp\/v2\/tags?post=95512"}],"curies":[{"name":"wp","href":"https:\/\/api.w.org\/{rel}","templated":true}]}}