{"id":95514,"date":"2025-11-24T16:32:09","date_gmt":"2025-11-24T16:32:09","guid":{"rendered":"https:\/\/www.europesays.com\/no\/95514\/"},"modified":"2025-11-24T16:32:09","modified_gmt":"2025-11-24T16:32:09","slug":"sykehuslege-i-trondelag-pagrepet-siktet-for-seksuell-omgang-med-pasienter-melder-tronder-avisa","status":"publish","type":"post","link":"https:\/\/www.europesays.com\/no\/95514\/","title":{"rendered":"Sykehuslege i Tr\u00f8ndelag p\u00e5grepet \u2013 siktet for seksuell omgang med pasienter, melder Tr\u00f8nder-Avisa"},"content":{"rendered":"\n<p class=\"_lead_o9xde_2 _lead_xtcu6_50 layout-component text-serif-m layout-normal text-serif-l layout-component layout-wide layout-padded _wide_17hqh_1 layout-padded\">En lege som har arbeidet ved Sykehuset Levanger, er siktet for \u00e5 ha skaffet seg seksuell omgang ved misbruk av sin stilling. Det er to forn\u00e6rmede i saken.<\/p>\n<ul aria-hidden=\"true\" class=\"_images_18f0k_111\">\n<li><a class=\"_link_18f0k_116\" href=\"https:\/\/www.vg.no\/forfatter\/ntb\" style=\"z-index:1\" title=\"NTB\" rel=\"nofollow noopener\" target=\"_blank\"><img alt=\"Bilde av NTB\" class=\"_image_18f0k_93\" fetchpriority=\"low\" loading=\"lazy\" decoding=\"async\" itemprop=\"image\"  src=\"https:\/\/www.europesays.com\/no\/wp-content\/uploads\/2025\/11\/1764001929_190_c33980b0-5d07-4027-84a1-813f90a7c8d6\"  width=\"480\"\/><\/a><\/li>\n<\/ul>\n<p> Oppdatert mandag 24. november kl. 16:28     <\/p>\n<p class=\"_paragraph_o9xde_4 _paragraph_xtcu6_10 layout-component text-serif-m layout-normal text-serif-m layout-padded\"> Det opplyser politiadvokat Lena Sagnes W\u00e5gan i <a href=\"https:\/\/www.vg.no\/tag\/troendelag?utm_source=vg-article&amp;utm_medium=auto-tagger&amp;utm_campaign=zO59aq\" class=\"_link_o9xde_39\" rel=\"nofollow noopener\" target=\"_blank\">Tr\u00f8ndelag<\/a> politidistrikt til <a href=\"https:\/\/www.t-a.no\/sykehuslege-pagrepet-siktet-for-seksuell-omgang-med-pasienter\/s\/5-116-2261743\" class=\"_link_o9xde_39\" rel=\"nofollow noopener\" target=\"_blank\">Tr\u00f8nder-Avisa<\/a> mandag.<\/p>\n<p class=\"_paragraph_o9xde_4 _paragraph_xtcu6_10 layout-component text-serif-m layout-normal text-serif-m layout-padded\">\u2013 Vi siktet og p\u00e5grep en mann i forrige uke og har gjennomf\u00f8rt et f\u00f8rste avh\u00f8r av ham. Det var ikke grunnlag for varetektsfengsling.<\/p>\n<p class=\"_paragraph_o9xde_4 _paragraph_xtcu6_10 layout-component text-serif-m layout-normal text-serif-m layout-padded\">Legen erkjenner ikke straffskyld, opplyser hans forsvarer Bernt Heiberg til avisen.<\/p>\n<p class=\"_paragraph_o9xde_4 _paragraph_xtcu6_10 layout-component text-serif-m layout-normal text-serif-m layout-padded\">Politiet har gjennomf\u00f8rt avh\u00f8r med legen og de forn\u00e6rmede, innhentet opplysninger fra sykehuset og sikret digitale spor. I forbindelse med p\u00e5gripelsen ble legens mobiltelefon beslaglagt.<\/p>\n<p class=\"_paragraph_o9xde_4 _paragraph_xtcu6_10 layout-component text-serif-m layout-normal text-serif-m layout-padded\">Legen er siktet etter straffelovens paragraf 295 f\u00f8rste ledd, som kan straffes med fengsel i inntil seks \u00e5r.<\/p>\n<p class=\"_paragraph_o9xde_4 _paragraph_xtcu6_10 layout-component text-serif-m layout-normal text-serif-m layout-padded\">If\u00f8lge W\u00e5gan dreier det seg om forhold som skal ha skjedd i forbindelse med unders\u00f8kelser p\u00e5 et sykehus i Tr\u00f8ndelag tidligere i h\u00f8st. Det er to forn\u00e6rmede i saken.<\/p>\n<p class=\"_paragraph_o9xde_4 _paragraph_xtcu6_10 layout-component text-serif-m layout-normal text-serif-m layout-padded\">\u2013 S\u00e5 vil etterforskningen s\u00f8ke \u00e5 avdekke om det kan v\u00e6re flere, opplyser W\u00e5gen.<\/p>\n<p class=\"_paragraph_o9xde_4 _paragraph_xtcu6_10 layout-component text-serif-m layout-normal text-serif-m layout-padded\">Saken ble anmeldt av Statsforvalteren i Tr\u00f8ndelag i slutten av oktober.<\/p>\n","protected":false},"excerpt":{"rendered":"En lege som har arbeidet ved Sykehuset Levanger, er siktet for \u00e5 ha skaffet seg seksuell omgang ved&hellip;\n","protected":false},"author":2,"featured_media":95515,"comment_status":"","ping_status":"","sticky":false,"template":"","format":"standard","meta":{"footnotes":""},"categories":[10],"tags":[20,21,24,25,15,22,23,3643,13,30,28,29,14,16,12363,2644,26,27,270],"class_list":{"0":"post-95514","1":"post","2":"type-post","3":"status-publish","4":"format-standard","5":"has-post-thumbnail","7":"category-norge","8":"tag-breaking-news","9":"tag-breakingnews","10":"tag-featured-news","11":"tag-featurednews","12":"tag-headlines","13":"tag-latest-news","14":"tag-latestnews","15":"tag-lege","16":"tag-news","17":"tag-no","18":"tag-norge","19":"tag-norway","20":"tag-nyheter","21":"tag-overskrifter","22":"tag-seksuelt-misbruk","23":"tag-sykehuset-levanger","24":"tag-top-stories","25":"tag-topstories","26":"tag-trondelag"},"share_on_mastodon":{"url":"https:\/\/pubeurope.com\/@no\/115605638052498895","error":""},"_links":{"self":[{"href":"https:\/\/www.europesays.com\/no\/wp-json\/wp\/v2\/posts\/95514","targetHints":{"allow":["GET"]}}],"collection":[{"href":"https:\/\/www.europesays.com\/no\/wp-json\/wp\/v2\/posts"}],"about":[{"href":"https:\/\/www.europesays.com\/no\/wp-json\/wp\/v2\/types\/post"}],"author":[{"embeddable":true,"href":"https:\/\/www.europesays.com\/no\/wp-json\/wp\/v2\/users\/2"}],"replies":[{"embeddable":true,"href":"https:\/\/www.europesays.com\/no\/wp-json\/wp\/v2\/comments?post=95514"}],"version-history":[{"count":0,"href":"https:\/\/www.europesays.com\/no\/wp-json\/wp\/v2\/posts\/95514\/revisions"}],"wp:featuredmedia":[{"embeddable":true,"href":"https:\/\/www.europesays.com\/no\/wp-json\/wp\/v2\/media\/95515"}],"wp:attachment":[{"href":"https:\/\/www.europesays.com\/no\/wp-json\/wp\/v2\/media?parent=95514"}],"wp:term":[{"taxonomy":"category","embeddable":true,"href":"https:\/\/www.europesays.com\/no\/wp-json\/wp\/v2\/categories?post=95514"},{"taxonomy":"post_tag","embeddable":true,"href":"https:\/\/www.europesays.com\/no\/wp-json\/wp\/v2\/tags?post=95514"}],"curies":[{"name":"wp","href":"https:\/\/api.w.org\/{rel}","templated":true}]}}