{"id":95516,"date":"2025-11-24T16:33:09","date_gmt":"2025-11-24T16:33:09","guid":{"rendered":"https:\/\/www.europesays.com\/no\/95516\/"},"modified":"2025-11-24T16:33:09","modified_gmt":"2025-11-24T16:33:09","slug":"glimt-sport-fem-snakkiser-for-glimt-juventus-litt-pudder-sminke-og-et-lite-ansiktsloft-trengs-avisa-nordland","status":"publish","type":"post","link":"https:\/\/www.europesays.com\/no\/95516\/","title":{"rendered":"Glimt, Sport | Fem snakkiser f\u00f8r Glimt \u2013 Juventus: \u2013 Litt pudder, sminke og et lite ansiktsl\u00f8ft trengs &#8211; Avisa Nordland"},"content":{"rendered":"<ol>\n<li><a href=\"https:\/\/news.google.com\/rss\/articles\/CBMiswFBVV95cUxQc1dfTjlFbU1xRU43RGVwcEpPalpISExkd1dBdnpnYV9XbWp6dkNRTm5aUU8zblhlVFpfanpYQS1YUTIyR3l4eUVvZlFwcHdadHZWQVVqYkFEV0l5d1B5ZFZnTlcyU1g1dnJKZFFubDRyTkhqS3BKVjhQVVg0c1J6WG43NEg0Zlh2REc1Nl9EREVWOGM1QXZSR2Y2ajlMT2tNT01YWFpDaXp5bkR3TWNwa3ZpVQ?oc=5\" target=\"_blank\" rel=\"nofollow noopener\">Glimt, Sport | Fem snakkiser f\u00f8r Glimt \u2013 Juventus: \u2013 Litt pudder, sminke og et lite ansiktsl\u00f8ft trengs<\/a>&nbsp;&nbsp;Avisa Nordland<\/li>\n<li><a href=\"https:\/\/news.google.com\/rss\/articles\/CBMiywFBVV95cUxPSlVIWlFFc05uSDc2eFRNempuNXFwZ1hDN3lGMnl2S0N0M1JlZkNMdVhtcGp2ZlpsWTIzb0VZcng2SzlyalNOLUN6Wkphay04Y1dBUDhsMV9LLWpQRUY4Qi1FOGtOeGtzdUVOUDhtcEdBUjdObGJqUk5OdFpzRFRQOHhyOEdvdXlDQ0hZMnMySnZ1RVZ3alB3OEVZay1jVXFDTnoxaHNGTzV5S0JwQzBJX0F0cGJaUVBuNTJyWHRVZHJ0ejN3cTI1V2F3Zw?oc=5\" target=\"_blank\" rel=\"nofollow noopener\">Bod\u00f8\/Glimt-spillerne flykter fra uv\u00e6ret: Gult farevarsel f\u00f8r mesterliga-oppgj\u00f8ret mot Juventus<\/a>&nbsp;&nbsp;NRK<\/li>\n<li><a href=\"https:\/\/news.google.com\/rss\/articles\/CBMihgFBVV95cUxNQUtBNU90ZTc5VUZ1dDJpX0E3S19NbmVEMzJWMlhzQkE1MUx3dTRqYTV2THZQbEoxVTcwV2I4Q3VDWnlqdVZLT3g5cnlGNWNlZVJzSlhyclN0M3hKUDVWM1pHUElYV0lDdlQ2Vnl2ellMTHBNUE11VlRuSmxLd3FmZVozTXFKQQ?oc=5\" target=\"_blank\" rel=\"nofollow noopener\">Champions League, Bod\u00f8 Glimt | Ny Norge-frykt i Italia: \u2013 Skummelt<\/a>&nbsp;&nbsp;Nettavisen<\/li>\n<li><a href=\"https:\/\/news.google.com\/rss\/articles\/CBMilAFBVV95cUxQN2NMNXJFY1hEeVJJYS1mSjVmdDlzOXpucmRZV1F4Qi1MNTYxR3pSNTFoeE1obWVKVFlIWUIwMG0zZmlSVDlkRWZGNFhZdkJQU2E2ekJMT29wa2tqQVlDNjVoZFNSVTYyOVd2bWFHdl8xV21QRGlfVjVET2xBbmhQYkVSbVJEWWJWamVDUENoVWFTTnZw?oc=5\" target=\"_blank\" rel=\"nofollow noopener\">Knutsen oppgitt over v\u00e6r-sp\u00f8rsm\u00e5l f\u00f8r Juventus-kampen<\/a>&nbsp;&nbsp;VG<\/li>\n<li><a href=\"https:\/\/news.google.com\/rss\/articles\/CBMiZkFVX3lxTE5XSk9JWURGRS1HdnVOUEE3QWw0UWtNSHJqUFBrZWJwcFRMWTRJcERWRlZoRlppeHhPY0cwMVJLTUU2OE4yLWFydlJZUDFBV1RVTFRVaFRGSVR5Xy1ROTNuR3RLME9KQQ?oc=5\" target=\"_blank\" rel=\"nofollow noopener\">Gult farevarsel<\/a>&nbsp;&nbsp;Dagbladet<\/li>\n<\/ol>\n","protected":false},"excerpt":{"rendered":"Glimt, Sport | Fem snakkiser f\u00f8r Glimt \u2013 Juventus: \u2013 Litt pudder, sminke og et lite ansiktsl\u00f8ft trengs&nbsp;&nbsp;Avisa&hellip;\n","protected":false},"author":2,"featured_media":95517,"comment_status":"","ping_status":"","sticky":false,"template":"","format":"standard","meta":{"footnotes":""},"categories":[5],"tags":[20,21,24,25,15,19,22,23,17,18,13,30,28,29,14,16,26,27],"class_list":{"0":"post-95516","1":"post","2":"type-post","3":"status-publish","4":"format-standard","5":"has-post-thumbnail","7":"category-overskrifter","8":"tag-breaking-news","9":"tag-breakingnews","10":"tag-featured-news","11":"tag-featurednews","12":"tag-headlines","13":"tag-hovedoppslag","14":"tag-latest-news","15":"tag-latestnews","16":"tag-main-news","17":"tag-mainnews","18":"tag-news","19":"tag-no","20":"tag-norge","21":"tag-norway","22":"tag-nyheter","23":"tag-overskrifter","24":"tag-top-stories","25":"tag-topstories"},"share_on_mastodon":{"url":"https:\/\/pubeurope.com\/@no\/115605641960287382","error":""},"_links":{"self":[{"href":"https:\/\/www.europesays.com\/no\/wp-json\/wp\/v2\/posts\/95516","targetHints":{"allow":["GET"]}}],"collection":[{"href":"https:\/\/www.europesays.com\/no\/wp-json\/wp\/v2\/posts"}],"about":[{"href":"https:\/\/www.europesays.com\/no\/wp-json\/wp\/v2\/types\/post"}],"author":[{"embeddable":true,"href":"https:\/\/www.europesays.com\/no\/wp-json\/wp\/v2\/users\/2"}],"replies":[{"embeddable":true,"href":"https:\/\/www.europesays.com\/no\/wp-json\/wp\/v2\/comments?post=95516"}],"version-history":[{"count":0,"href":"https:\/\/www.europesays.com\/no\/wp-json\/wp\/v2\/posts\/95516\/revisions"}],"wp:featuredmedia":[{"embeddable":true,"href":"https:\/\/www.europesays.com\/no\/wp-json\/wp\/v2\/media\/95517"}],"wp:attachment":[{"href":"https:\/\/www.europesays.com\/no\/wp-json\/wp\/v2\/media?parent=95516"}],"wp:term":[{"taxonomy":"category","embeddable":true,"href":"https:\/\/www.europesays.com\/no\/wp-json\/wp\/v2\/categories?post=95516"},{"taxonomy":"post_tag","embeddable":true,"href":"https:\/\/www.europesays.com\/no\/wp-json\/wp\/v2\/tags?post=95516"}],"curies":[{"name":"wp","href":"https:\/\/api.w.org\/{rel}","templated":true}]}}