{"id":95520,"date":"2025-11-24T16:35:44","date_gmt":"2025-11-24T16:35:44","guid":{"rendered":"https:\/\/www.europesays.com\/no\/95520\/"},"modified":"2025-11-24T16:35:44","modified_gmt":"2025-11-24T16:35:44","slug":"hva-sier-stjernene-om-din-dag-10","status":"publish","type":"post","link":"https:\/\/www.europesays.com\/no\/95520\/","title":{"rendered":"Hva sier stjernene om din dag?"},"content":{"rendered":"<p class=\"kicker \" style=\"\">horoskop<\/p>\n<p>    Slik blir din mandag.<\/p>\n<p>    Horoskop for mandag 24. november<\/p>\n<p>Hva bringer denne mandagen for ditt stjernetegn?<\/p>\n<p>V\u00e6ren 21\/3\u201320\/4\u00a0<\/p>\n<p>Mandagen er en passe dag der ingenting skiller seg ut, verken positivt eller negativt. Det er en god m\u00e5te \u00e5 starte uken p\u00e5, siden du kan fokusere p\u00e5 ditt. Dagen har en praktisk innflytelse fra Steinbukken som gj\u00f8r det til en utmerket dag for \u00e5 starte langsiktige prosjekter.<\/p>\n<p>Tyren 21\/4\u201321\/5\u00a0<\/p>\n<p>Akkurat n\u00e5 flyter mye i hverdagen din, ogs\u00e5 denne mandagen. Med dobbel jord i tegnet ditt f\u00e5r du en god start p\u00e5 uken, spesielt n\u00e5r det gjelder egne prosjekter eller arbeid og studier. Du er uvanlig organisert, og du f\u00e5r mye skryt \u2014 noe som kan vekke misunnelse hos enkelte kolleger.<\/p>\n<p>Tvillingene 22\/5\u201320\/6\u00a0<\/p>\n<p>I dag har du vanskelig for \u00e5 samarbeide i en st\u00f8rre gruppe, hovedsakelig fordi du trenger \u00e5 gj\u00f8re ting p\u00e5 din m\u00e5te. Du vil ikke at andre skal ha meninger om opplegget ditt, enten det handler om matlaging hjemme eller st\u00f8rre arbeidsprosjekter. Du vil v\u00e6re din egen sjef.<\/p>\n<p>Krepsen 21\/6\u201321\/7\u00a0<\/p>\n<p>Uken begynner rolig med en dag som fokuserer p\u00e5 det praktiske. Det kan v\u00e6re ting du ordner hjemme, detaljer du tar tak i p\u00e5 jobb, eller deler av en utdanning som du vier litt ekstra tid. Du trives best n\u00e5r du slipper \u00e5 sitte stille for lenge. I dag vil du gjerne v\u00e6re kreativ.<\/p>\n<p>L\u00f8ven 22\/7\u201322\/8\u00a0<\/p>\n<p>I dag har du b\u00e5de ild og jord i tegnet ditt, noe som demper din impulsive side \u2014 og det er positivt \u2014 men jord kan ogs\u00e5 bli en brems n\u00e5r du trenger \u00e5 komme raskt fremover. Det blir en indre drakamp n\u00e5r det praktiske og ettertenksomme m\u00f8ter det impulsive og ivrige i deg.<\/p>\n<p>Jomfruen 23\/8\u201322\/9\u00a0<\/p>\n<p>Du starter uken med dobbelt jord, noe som alltid er bra n\u00e5r det gjelder arbeid og praktiske oppgaver. Det du kan v\u00e6re d\u00e5rligere p\u00e5 i dag, er raske endringer og fleksibilitet. S\u00e5 lenge du f\u00e5r gj\u00f8re ting p\u00e5 din m\u00e5te og etter en klar plan, blir dette en utmerket dag.<\/p>\n<p>Vekten 23\/9\u201322\/10\u00a0<\/p>\n<p>Det finnes en stahet og besluttsomhet i deg i dag som er ganske uvanlig for Vekten. Det gj\u00f8r denne mandagen ypperlig for \u00e5 ta beslutninger \u2014 noe du vanligvis kan ha vanskelig for. Du vet hva du vil, selv i kompliserte sp\u00f8rsm\u00e5l, s\u00e5 bare kj\u00f8r p\u00e5.<\/p>\n<p>Skorpionen 23\/10\u201321\/11\u00a0<\/p>\n<p>Skorpionen pleier vanligvis \u00e5 f\u00f8lge hjertet og instinktene sine, men i dag stoppes du av en mer rasjonell tankegang \u2014 noe som b\u00e5de kan v\u00e6re bra og frustrerende. I dag vil du ogs\u00e5 helst jobbe selvstendig; du har vanskelig for \u00e5 ta imot kommandoer fra andre.<\/p>\n<p>Skytten 22\/11\u201320\/12\u00a0<\/p>\n<p>Det finnes lidenskap og ild i tegnet ditt i dag, noe som gj\u00f8r at du vil satse alt p\u00e5 en viss aff\u00e6re eller et prosjekt. Dessverre stoppes denne siden av en praktisk tankegang som gj\u00f8r deg forsiktig og litt engstelig. Du er rett og slett redd for \u00e5 mislykkes \u2014 ikke v\u00e6r det. Stol p\u00e5 talentet og kunnskapen din.<\/p>\n<p>Steinbukken 21\/12\u201320\/1\u00a0<\/p>\n<p>Mandagen har en dobbel innflytelse fra ditt eget tegn, noe som gj\u00f8r det til en utmerket dag b\u00e5de for langsiktig planlegging og for \u00e5 fokusere p\u00e5 n\u00e5et. Du st\u00e5r foran en pr\u00f8ve, test eller utfordring av noe slag, og som den Steinbukken du er, s\u00f8rger du for \u00e5 forberede deg grundig.<\/p>\n<p>Vannmannen 21\/1\u201319\/2\u00a0<\/p>\n<p>I dag har du en lang liste med ting du vil f\u00e5 gjort. Det kan gjelde b\u00e5de skole, jobb og private prosjekter. Vannmannen er god p\u00e5 kreative planer, men noen ganger blir det ikke mer enn visjoner. I dag f\u00e5r du imidlertid drahjelp fra jord, noe som gj\u00f8r at du faktisk gjennomf\u00f8rer det du har planlagt.<\/p>\n<p>Fiskene 20\/2\u201320\/3\u00a0<\/p>\n<p>Du tenker mye og har sterke meninger denne mandagen, noe du gjerne uttrykker h\u00f8yt. Det er bra at du sier hva du mener \u2014 bare tenk over hvor du uttrykker det. Ikke alle arenaer passer for denne typen \u00e5penhet, s\u00e5 velg tidspunkt med omhu.<\/p>\n<p>Les ogs\u00e5: <a href=\"https:\/\/www.elle.no\/ukas-horoskop-ukeshoroskop\/ukeshoroskop-mandag-2411-sondag-3011\/918374\" target=\"_blank\" rel=\"nofollow noopener\">Slik blir denne uka for ditt stjernetegn &#8230;<\/a><\/p>\n","protected":false},"excerpt":{"rendered":"horoskop Slik blir din mandag. Horoskop for mandag 24. november Hva bringer denne mandagen for ditt stjernetegn? V\u00e6ren&hellip;\n","protected":false},"author":2,"featured_media":95521,"comment_status":"","ping_status":"","sticky":false,"template":"","format":"standard","meta":{"footnotes":""},"categories":[58],"tags":[71,30,28,29,72],"class_list":{"0":"post-95520","1":"post","2":"type-post","3":"status-publish","4":"format-standard","5":"has-post-thumbnail","7":"category-underholdning","8":"tag-entertainment","9":"tag-no","10":"tag-norge","11":"tag-norway","12":"tag-underholdning"},"share_on_mastodon":{"url":"https:\/\/pubeurope.com\/@no\/115605649810121434","error":""},"_links":{"self":[{"href":"https:\/\/www.europesays.com\/no\/wp-json\/wp\/v2\/posts\/95520","targetHints":{"allow":["GET"]}}],"collection":[{"href":"https:\/\/www.europesays.com\/no\/wp-json\/wp\/v2\/posts"}],"about":[{"href":"https:\/\/www.europesays.com\/no\/wp-json\/wp\/v2\/types\/post"}],"author":[{"embeddable":true,"href":"https:\/\/www.europesays.com\/no\/wp-json\/wp\/v2\/users\/2"}],"replies":[{"embeddable":true,"href":"https:\/\/www.europesays.com\/no\/wp-json\/wp\/v2\/comments?post=95520"}],"version-history":[{"count":0,"href":"https:\/\/www.europesays.com\/no\/wp-json\/wp\/v2\/posts\/95520\/revisions"}],"wp:featuredmedia":[{"embeddable":true,"href":"https:\/\/www.europesays.com\/no\/wp-json\/wp\/v2\/media\/95521"}],"wp:attachment":[{"href":"https:\/\/www.europesays.com\/no\/wp-json\/wp\/v2\/media?parent=95520"}],"wp:term":[{"taxonomy":"category","embeddable":true,"href":"https:\/\/www.europesays.com\/no\/wp-json\/wp\/v2\/categories?post=95520"},{"taxonomy":"post_tag","embeddable":true,"href":"https:\/\/www.europesays.com\/no\/wp-json\/wp\/v2\/tags?post=95520"}],"curies":[{"name":"wp","href":"https:\/\/api.w.org\/{rel}","templated":true}]}}