{"id":95524,"date":"2025-11-24T16:44:09","date_gmt":"2025-11-24T16:44:09","guid":{"rendered":"https:\/\/www.europesays.com\/no\/95524\/"},"modified":"2025-11-24T16:44:09","modified_gmt":"2025-11-24T16:44:09","slug":"korrupsjonsskandale-og-trumps-fredsplan-utfordrer-ukraina","status":"publish","type":"post","link":"https:\/\/www.europesays.com\/no\/95524\/","title":{"rendered":"Korrupsjonsskandale og Trumps fredsplan utfordrer Ukraina"},"content":{"rendered":"<p>    Ukrainas president Volodymyr Zelenskyj er satt under sterkt press som f\u00f8lge av Donald Trumps fredsplan, men utfordres ogs\u00e5 fra flere andre hold. <\/p>\n<p>\n        Ukrainas president Volodymyr Zelenskyj har lenge hatt stor st\u00f8tte b\u00e5de blant egne landsmenn og hos vestlige allierte, men presses n\u00e5 fra flere hold.<br \/>\n        Den ukrainske presidentens kontor \/ AP \/ NTB\n    <\/p>\n<p class=\"kicker t30 tertiary color_mobile_tertiary\" style=\"\">Verden<\/p>\n<p>Nesten fire \u00e5r har g\u00e5tt siden Russlands fullskala invasjon av Ukraina, og krisene har den siste tiden st\u00e5tt i k\u00f8 for landets president. <\/p>\n<p>Tidligere i m\u00e5neden fikk Volodymyr Zelenskyj en korrupsjonsskandale av dimensjoner i fanget, da det ble avdekket at betrodde medarbeidere hadde stukket rundt 1 milliard kroner i egne lommer. <\/p>\n<p>Ukrainas justisminister Herman Halusjtsjenko og energiminister Svitlana Hryntsjuk har f\u00e5tt sparken, mens andre er i s\u00f8kelyset. <\/p>\n<p>Tymur Mindich, som er partner i et medieproduksjonsselskap der Zelenskyj selv tidligere var medeier, har angivelig flyktet fra landet. <\/p>\n<p>Skadelig timing<\/p>\n<p>Flere folkevalgte har krevd at presidenten m\u00e5 sparke sin mektige stabssjef Andrij Jermak. Verken han eller Zelenskyj anklages riktignok for korrupsjon, men mange mener at de b\u00e6rer sin del av ansvaret for det som er avdekket. <\/p>\n<p>At Zelenskyj tidligere i \u00e5r fors\u00f8kte \u00e5 legge ned landets antikorrupsjonsbyr\u00e5, blir ogs\u00e5 p\u00e5pekt. <\/p>\n<p>Trumps utkast til fredsplan, som blant annet inneb\u00e6rer at Ukraina m\u00e5 avst\u00e5 rundt 20 prosent av sitt territorium til Russland og forplikte seg til aldri \u00e5 s\u00f8ke medlemskap i Nato, kom p\u00e5 toppen av korrupsjonsskandalen.<\/p>\n<p>\u2013 Timingen er sv\u00e6rt skadelig for Ukraina, konstaterer Ukraina-eksperten Orysia Lutsevych i tankesmia Chatham House til nyhetsbyr\u00e5et AP.<\/p>\n<p>\u2013 Presset p\u00e5 Ukraina er n\u00e5 hardere enn noensinne, medga Zelenskyj i en videotale fredag. <\/p>\n<p>Rykker sakte fram<\/p>\n<p>Utviklingen p\u00e5 slagmarken i Ukraina g\u00e5r heller ikke i landets fav\u00f8r. Russiske styrker rykker stadig fram langs den 1000 kilometer lange fronten, om enn langsomt og med store tap. <\/p>\n<p>Daglig angripes ukrainske kraftverk og annen infrastruktur, noe som har resultert i alvorlig str\u00f8mmangel samtidig med at vinteren kryper n\u00e6rmere. <\/p>\n<p>Den ukrainske h\u00e6ren sliter ogs\u00e5 med ammunisjonsmangel, samt rekrutteringsproblemer fordi tapene har v\u00e6rt store og mange ukrainere i vernepliktig alder har forlatt landet. <\/p>\n<p>\u2013 For mye makt<\/p>\n<p>Zelenskyjs parti Folkets tjener sikret seg to tredeler av setene i nasjonalforsamlingen i 2019, men er n\u00e5 splittet. <\/p>\n<p>Flere folkevalgte har hoppet av, noe som kan resultere i at Zelenskyj mister det parlamentariske flertallet. <\/p>\n<p>Flere av presidentens tidligere allierte krever endringer, selv om de ikke n\u00f8dvendigvis lufter kritikken offentlig, sier den uavhengige politiske eksperten Mykola Davidiuk til AP.<\/p>\n<p>Mye av kritikken g\u00e5r ut p\u00e5 at Zelenskyj har samlet for mye makt hos seg selv og Jermak.<\/p>\n<p>\u2013 Zelenskyjs lederstil fungerer ikke lenger, sier Davidiuk.<\/p>\n<p>Unntakstilstand<\/p>\n<p>Selv om Zelenskyjs grep om nasjonalforsamlingen er svekket og populariteten hans stuper, er det f\u00e5 som tror at han kommer til \u00e5 bli avsatt s\u00e5 lenge krigen p\u00e5g\u00e5r \u2013 med mindre han frivillig trekker seg.<\/p>\n<p>Presidentperioden hans utl\u00f8p egentlig i fjor, men som f\u00f8lge av krigen er det innf\u00f8rt unntakstilstand og umulig \u00e5 holde nyvalg. <\/p>\n<p>\u00d8kende motvind i nasjonalforsamlingen kan imidlertid gj\u00f8re det vanskelig for Zelenskyj \u00e5 f\u00e5 de folkevalgte med p\u00e5 en eventuell fredsavtale som inneb\u00e6rer store innr\u00f8mmelser. <\/p>\n<p>Opposisjonen har forel\u00f8pig ikke stilt med noen reell motkandidat, men general Valerij Zaluzjnyj, som fikk sparken av Zelenskyj som h\u00e6rsjef i februar 2024, blir av enkelte trukket fram som en mulig utfordrer. <\/p>\n<p>I dag er generalen Ukrainas ambassad\u00f8r i Storbritannia, men nekter for at han har politiske ambisjoner. <\/p>\n<p>\u2013 Er s\u00e5rbar<\/p>\n<p>\u2013 Zelenskyj er s\u00e5rbar, mener Lutsevych.<\/p>\n<p>\u2013 B\u00e5de USA og Russland s\u00e5 den innenlandske skandalen og bestemte seg for \u00e5 legge mer press p\u00e5 ham for \u00e5 f\u00e5 ham til \u00e5 g\u00e5 med p\u00e5 en russisk plan, sier hun. <\/p>\n<p>Men dette fungerer kanskje ikke som planlagt, ettersom europeiske allierte raskt kom Ukraina til unnsetning og kritiserte planen, p\u00e5peker Lutsevych.<\/p>\n<p>Zelenskyj selv advarte fredag ukrainerne mot \u00e5 drive politiske spill og i stedet st\u00e5 sammen. <\/p>\n<p>\u2013 Det vil v\u00e6re mye lettere for meg \u00e5 oppn\u00e5 en anstendig fred for oss n\u00e5r jeg vet at nasjonen st\u00e5r bak meg, sa han. <\/p>\n<p>                <img decoding=\"async\" src=\"https:\/\/www.europesays.com\/no\/wp-content\/uploads\/2025\/11\/10071880.webp\" width=\"480\" height=\"274\" title=\"Ukrainas president Volodymyr Zelenskyj nyter stor popularitet i Vesten, men opplever synkende popularitet p\u00e5 hjemmebane. Dette bilder er fra et bes\u00f8k i Sverige i oktober, der statsminister Ulf Kristersson tok imot ham.\" alt=\"\" loading=\"lazy\" style=\"\"\/><\/p>\n<p>\n            Ukrainas president Volodymyr Zelenskyj nyter stor popularitet i Vesten, men opplever synkende popularitet p\u00e5 hjemmebane. Dette bilder er fra et bes\u00f8k i Sverige i oktober, der statsminister Ulf Kristersson tok imot ham.<br \/>\n            TT \/ NTB\n        <\/p>\n<p>                <img decoding=\"async\" src=\"https:\/\/www.europesays.com\/no\/wp-content\/uploads\/2025\/11\/10070784.webp\" width=\"480\" height=\"274\" title=\"President Donald Trumps utkast til fredsplan for Ukraina inneb\u00e6rer at landet m\u00e5 avst\u00e5 20 prosent av sitt territorium til Russland. Det vil v\u00e6re sv\u00e6rt vanskelig \u00e5 svelge for president Volodymyr Zelenskyj.\" alt=\"\" loading=\"lazy\" style=\"\"\/><\/p>\n<p>\n            President Donald Trumps utkast til fredsplan for Ukraina inneb\u00e6rer at landet m\u00e5 avst\u00e5 20 prosent av sitt territorium til Russland. Det vil v\u00e6re sv\u00e6rt vanskelig \u00e5 svelge for president Volodymyr Zelenskyj.<br \/>\n            AP \/ NTB\n        <\/p>\n<p>                <img decoding=\"async\" src=\"https:\/\/www.europesays.com\/no\/wp-content\/uploads\/2025\/11\/10071881.webp\" width=\"480\" height=\"274\" title=\"Russland gjennomf\u00f8rer daglig angrep mot kraftverk og annen infrastruktur i Ukraina. De rammer ogs\u00e5 mange boligblokker som her i Ternopil sist uke.\" alt=\"\" loading=\"lazy\" style=\"\"\/><\/p>\n<p>\n            Russland gjennomf\u00f8rer daglig angrep mot kraftverk og annen infrastruktur i Ukraina. De rammer ogs\u00e5 mange boligblokker som her i Ternopil sist uke.<br \/>\n            AP \/ NTB\n        <\/p>\n<p>                <img decoding=\"async\" src=\"https:\/\/www.europesays.com\/no\/wp-content\/uploads\/2025\/11\/10071882.webp\" width=\"480\" height=\"274\" title=\"Ukraina har m\u00e5ttet betale en h\u00f8y pris siden Russlands fullskala invasjon for snart fire \u00e5r siden. Daglig m\u00e5 nye ofre gravlegges.\" alt=\"\" loading=\"lazy\" style=\"\"\/><\/p>\n<p>\n            Ukraina har m\u00e5ttet betale en h\u00f8y pris siden Russlands fullskala invasjon for snart fire \u00e5r siden. Daglig m\u00e5 nye ofre gravlegges.<br \/>\n            AP \/ NTB\n        <\/p>\n<p>                <img decoding=\"async\" src=\"https:\/\/www.europesays.com\/no\/wp-content\/uploads\/2025\/11\/10071883.webp\" width=\"480\" height=\"274\" title=\"Den ukrainske h\u00e6ren sliter med rekrutteringen og mangel p\u00e5 ammunisjon. Russiske styrker rykker stadig fram, om enn sakte og med store tap.\" alt=\"\" loading=\"lazy\" style=\"\"\/><\/p>\n<p>\n            Den ukrainske h\u00e6ren sliter med rekrutteringen og mangel p\u00e5 ammunisjon. Russiske styrker rykker stadig fram, om enn sakte og med store tap.<br \/>\n            AP \/ NTB\n        <\/p>\n","protected":false},"excerpt":{"rendered":"Ukrainas president Volodymyr Zelenskyj er satt under sterkt press som f\u00f8lge av Donald Trumps fredsplan, men utfordres ogs\u00e5&hellip;\n","protected":false},"author":2,"featured_media":95525,"comment_status":"","ping_status":"","sticky":false,"template":"","format":"standard","meta":{"footnotes":""},"categories":[12],"tags":[20,21,24,25,15,22,23,13,30,28,29,14,16,26,27,42,43,44,45],"class_list":{"0":"post-95524","1":"post","2":"type-post","3":"status-publish","4":"format-standard","5":"has-post-thumbnail","7":"category-verden","8":"tag-breaking-news","9":"tag-breakingnews","10":"tag-featured-news","11":"tag-featurednews","12":"tag-headlines","13":"tag-latest-news","14":"tag-latestnews","15":"tag-news","16":"tag-no","17":"tag-norge","18":"tag-norway","19":"tag-nyheter","20":"tag-overskrifter","21":"tag-top-stories","22":"tag-topstories","23":"tag-verden","24":"tag-world","25":"tag-world-news","26":"tag-worldnews"},"share_on_mastodon":{"url":"https:\/\/pubeurope.com\/@no\/115605685915183536","error":""},"_links":{"self":[{"href":"https:\/\/www.europesays.com\/no\/wp-json\/wp\/v2\/posts\/95524","targetHints":{"allow":["GET"]}}],"collection":[{"href":"https:\/\/www.europesays.com\/no\/wp-json\/wp\/v2\/posts"}],"about":[{"href":"https:\/\/www.europesays.com\/no\/wp-json\/wp\/v2\/types\/post"}],"author":[{"embeddable":true,"href":"https:\/\/www.europesays.com\/no\/wp-json\/wp\/v2\/users\/2"}],"replies":[{"embeddable":true,"href":"https:\/\/www.europesays.com\/no\/wp-json\/wp\/v2\/comments?post=95524"}],"version-history":[{"count":0,"href":"https:\/\/www.europesays.com\/no\/wp-json\/wp\/v2\/posts\/95524\/revisions"}],"wp:featuredmedia":[{"embeddable":true,"href":"https:\/\/www.europesays.com\/no\/wp-json\/wp\/v2\/media\/95525"}],"wp:attachment":[{"href":"https:\/\/www.europesays.com\/no\/wp-json\/wp\/v2\/media?parent=95524"}],"wp:term":[{"taxonomy":"category","embeddable":true,"href":"https:\/\/www.europesays.com\/no\/wp-json\/wp\/v2\/categories?post=95524"},{"taxonomy":"post_tag","embeddable":true,"href":"https:\/\/www.europesays.com\/no\/wp-json\/wp\/v2\/tags?post=95524"}],"curies":[{"name":"wp","href":"https:\/\/api.w.org\/{rel}","templated":true}]}}