{"id":95526,"date":"2025-11-24T16:45:08","date_gmt":"2025-11-24T16:45:08","guid":{"rendered":"https:\/\/www.europesays.com\/no\/95526\/"},"modified":"2025-11-24T16:45:08","modified_gmt":"2025-11-24T16:45:08","slug":"frykten-for-ki-boble-biter-seg-fast-oracle-er-pa-mange-mater-kanarifuglen-dagens-naeringsliv","status":"publish","type":"post","link":"https:\/\/www.europesays.com\/no\/95526\/","title":{"rendered":"Frykten for KI-boble biter seg fast: \u2013 Oracle er p\u00e5 mange m\u00e5ter kanarifuglen &#8211; Dagens N\u00e6ringsliv"},"content":{"rendered":"<ol>\n<li><a href=\"https:\/\/news.google.com\/rss\/articles\/CBMi2AFBVV95cUxPdi16a0k4em5lZDk0Y3JmckdZLUFSZy1JaUJGT1c0OWdWaGZjdWkwcXlYRGgtUDRoMTFndzYyb1pfU0xYdGZmYl9FUG5hRC1UTWZwdGhRdlN0YUtxUzA5Q3FGZ1QxSEdjdVZlYjhOYTE4Z2JxQm5wRnJDLXRGMWRiUVY5ekw5Mm95Y1lyblJyZDA2TkM0RWlQS0tTbEQ3OWl5bU5ZZWtXYmhMdG94TGhsU2c3MlN6aXctT21BOC13Mm9qcGtsUG1BczVETDlJQTloMEowODBJQ2k?oc=5\" target=\"_blank\" rel=\"nofollow noopener\">Frykten for KI-boble biter seg fast: \u2013 Oracle er p\u00e5 mange m\u00e5ter kanarifuglen<\/a>&nbsp;&nbsp;Dagens N\u00e6ringsliv<\/li>\n<li><a href=\"https:\/\/news.google.com\/rss\/articles\/CBMimwFBVV95cUxNcHBvUVA4NDhac0tGaFFsNndaNHdRNVpsbmltWHVBc1FWMjZ2MU9PeXpmbmNWT2ZoLVl1WWQ1UDBPdDdVTEM3N2dSVDNINFRIVnEwTTVsSXh4YnUxaWk4SlllOV9QM2NTemV0WGVza2tyMGJRaWUzeUZ1T0hfaVQxZDZkcVUyZGFualVQaDdsWDFSeWg3d2lINERmaw?oc=5\" target=\"_blank\" rel=\"nofollow noopener\">Google-topp: M\u00e5 \u00f8ke KI-kapasiteten tusen ganger<\/a>&nbsp;&nbsp;Nettavisen<\/li>\n<li><a href=\"https:\/\/news.google.com\/rss\/articles\/CBMijgFBVV95cUxPQ0syUWJEdGZKZGk3OU9wNGxUa3MwZzRIVE8yS3hUdnpEQUJHQndhVHdGQ01UNXpUdjdWV1R4RE50elpoWU1uSHVvSDh2VEZsMDVMZU1qdzBlaFJWNUhFbU9zU0tMWF9NWXBnb2NBbHl5UHRrVHFDdHVDOUVJZUlNb25vZThLVmpGOWNKTDZn?oc=5\" target=\"_blank\" rel=\"nofollow noopener\">Google-sjefen om AI-boble: \u2013 Ingen selskaper er immune<\/a>&nbsp;&nbsp;E24<\/li>\n<li><a href=\"https:\/\/news.google.com\/rss\/articles\/CBMiqAFBVV95cUxQZnJEU0MyS3loTlRndmxzbHVPeENkS3RielZPRlFhYTluWDZpdktvaU54VUJYNXg5UTcwQmNtaS1uUUZjLW1JUmg4QV9FeVF2WUtDRlhpV25XbDM2cmoxN2htNkg4TzlOdFRlX1VCN1pnUGl0QTFGSk50aVVQNkxGSjhvc2VFd3VHQXZ0bkdpWUtsaGtWRnhxYjZfLXRrQ1dTWS1zOFNnc2g?oc=5\" target=\"_blank\" rel=\"nofollow noopener\">Oracle-aksjekursen kommer tilbake til jorden: er ORCL et kj\u00f8p n\u00e5?<\/a>&nbsp;&nbsp;Invezz<\/li>\n<li><a href=\"https:\/\/news.google.com\/rss\/articles\/CBMikgFBVV95cUxQVk1uZFhvLWFKekZsMi1pSjJST2pHUmRleVZiN0cxaGROTHJoVjhTcEw0YjBKbDYzS3g1Zl9sb2FDVHFQQktWSnpUWUNhbTJOZkUwcHVrcThvYlhXS19LY1VMWkh5eGVWMTQxTDlYLTd4azZTSlRuY08xTGx4ZTh4Nk1SNW1HU2V4N2RrTm15c2JCdw?oc=5\" target=\"_blank\" rel=\"nofollow noopener\">Ron Paul advarer om at Feds &#8216;Fantasi-penger&#8217; driver AI-boblen<\/a>&nbsp;&nbsp;Bitcoin.com News<\/li>\n<\/ol>\n","protected":false},"excerpt":{"rendered":"Frykten for KI-boble biter seg fast: \u2013 Oracle er p\u00e5 mange m\u00e5ter kanarifuglen&nbsp;&nbsp;Dagens N\u00e6ringsliv Google-topp: M\u00e5 \u00f8ke KI-kapasiteten&hellip;\n","protected":false},"author":2,"featured_media":95527,"comment_status":"","ping_status":"","sticky":false,"template":"","format":"standard","meta":{"footnotes":""},"categories":[56],"tags":[60,61,62,30,28,29],"class_list":{"0":"post-95526","1":"post","2":"type-post","3":"status-publish","4":"format-standard","5":"has-post-thumbnail","7":"category-naeringsliv","8":"tag-business","9":"tag-economy","10":"tag-naeringsliv","11":"tag-no","12":"tag-norge","13":"tag-norway"},"share_on_mastodon":{"url":"","error":""},"_links":{"self":[{"href":"https:\/\/www.europesays.com\/no\/wp-json\/wp\/v2\/posts\/95526","targetHints":{"allow":["GET"]}}],"collection":[{"href":"https:\/\/www.europesays.com\/no\/wp-json\/wp\/v2\/posts"}],"about":[{"href":"https:\/\/www.europesays.com\/no\/wp-json\/wp\/v2\/types\/post"}],"author":[{"embeddable":true,"href":"https:\/\/www.europesays.com\/no\/wp-json\/wp\/v2\/users\/2"}],"replies":[{"embeddable":true,"href":"https:\/\/www.europesays.com\/no\/wp-json\/wp\/v2\/comments?post=95526"}],"version-history":[{"count":0,"href":"https:\/\/www.europesays.com\/no\/wp-json\/wp\/v2\/posts\/95526\/revisions"}],"wp:featuredmedia":[{"embeddable":true,"href":"https:\/\/www.europesays.com\/no\/wp-json\/wp\/v2\/media\/95527"}],"wp:attachment":[{"href":"https:\/\/www.europesays.com\/no\/wp-json\/wp\/v2\/media?parent=95526"}],"wp:term":[{"taxonomy":"category","embeddable":true,"href":"https:\/\/www.europesays.com\/no\/wp-json\/wp\/v2\/categories?post=95526"},{"taxonomy":"post_tag","embeddable":true,"href":"https:\/\/www.europesays.com\/no\/wp-json\/wp\/v2\/tags?post=95526"}],"curies":[{"name":"wp","href":"https:\/\/api.w.org\/{rel}","templated":true}]}}