{"id":95543,"date":"2025-11-24T17:02:29","date_gmt":"2025-11-24T17:02:29","guid":{"rendered":"https:\/\/www.europesays.com\/no\/95543\/"},"modified":"2025-11-24T17:02:29","modified_gmt":"2025-11-24T17:02:29","slug":"er-alle-som-vil-forandre-verden-influensere","status":"publish","type":"post","link":"https:\/\/www.europesays.com\/no\/95543\/","title":{"rendered":"Er alle som vil forandre verden influensere?"},"content":{"rendered":"\n<p>Ragnhild Risnes  Musiker og skuespiller<\/p>\n<p>Publisert:<br \/>\n  20. november 2025 kl. 20:14<br \/>\n  Oppdatert:<br \/>\n  22. november 2025 kl. 19:22\n <\/p>\n<p>Du leser n\u00e5 en kommentarartikkel. Den uttrykker skribentens mening.<\/p>\n<p><strong>Den nye tv-serien <\/strong>\u00d8lhunden Berit ble akkurat anmeldt i Morgenbladet under overskriften: \u00abDette er ikke \u00abinnhold\u00bb, men tv-drama som vil noe\u00bb. Jeg kvapp til da jeg leste det. Enn at det m\u00e5 presiseres? Og s\u00e5 enda et kvepp: Klart det m\u00e5 presiseres!<\/p>\n<p>For vi drukner i innhold. Og jeg bidrar til det: Jeg lager musikk, og vil gjerne at folk skal h\u00f8re den. Derfor p\u00f8ser jeg ut content \u2013 ny l\u00e5t p\u00e5 fredag, jeg har kj\u00f8pt meg et talglys p\u00e5 Svartlamon, snart konsert, det er tilbud p\u00e5 kiwi \u2026 p\u00e5 coop.<\/p>\n<p><img decoding=\"async\" src=\"data:image\/gif;base64,R0lGODlhEAAJAIAAAP\/\/\/wAAACH5BAEAAAAALAAAAAAQAAkAAAIKhI+py+0Po5yUFQA7\" alt=\"\"\/><br \/>\n  Vennen Synne S\u00f8rgjerd ga Ragnhild Risnes tips om \u00e5 legge ut video hver dag. <\/p>\n<p><strong>\u00abHvis du vi<\/strong>l at folk skal h\u00f8re p\u00e5 musikken din, m\u00e5 du legge ut en video p\u00e5 Tiktok hver dag.\u00bb<\/p>\n<p>Tipset fikk jeg i 2022 av Synne S\u00f8rgjerd \u2013 artist og guru innen iscenesettelse av selvet. \u00abDet trenger ikke v\u00e6re en bra video, bare \u2013 noe. Det er det som skal til\u00bb. Og hun hadde rett. Jeg begynte neste dag \u2013 la ut morsomme snutter, videoer av at jeg sang. Holdt det g\u00e5ende \u2013 fikk f\u00f8lgere og foresp\u00f8rsler om jeg kunne gi ut musikken. S\u00e5 g\u00f8y. Endelig et publikum.<\/p>\n<p>Men ogs\u00e5 en enorm bismak. For i det jeg ble gjenkjent av kj\u00f8rel\u00e6reren min som \u00abrundballdama\u00bb, (her kan vel redaksjonen sette inn den berykta videoen, slik at lesere av nettavisa f\u00e5r se den, mens dere velsignede lesere av papiravisa f\u00e5r leve lykkelig uvitende) brast noe i meg.<\/p>\n<p>I det jeg gira ned fra tredje til andre gir, inns\u00e5 jeg: Jeg var blitt en influenser. Eller?<\/p>\n<p><strong>Hva er en influenser?<\/strong><\/p>\n<p>Store norske leksikon definerer influensere som \u00abpersoner som ytrer seg offentlig i sosiale medier for \u00e5 p\u00e5virke beslutninger, holdninger og handlinger hos sine f\u00f8lgere\u00bb.<\/p>\n<p>Jeg er p\u00e5 sosiale medier \u2013 check. Jeg vil p\u00e5virke! Holdninger? Ja, la oss stoppe klimaendringene, forsvare menneskerettigheter \u2013 for Guds skyld \u2013 stopp gruvedrift p\u00e5 havbunnen! Og handlinger? Tjaaaa \u2026 str\u00f8m l\u00e5ta mi? Beslutninger? Inn i EU, og kom p\u00e5 konserten min.<\/p>\n<p>Men med denne logikken blir jo alle som bruker sosiale medier for \u00e5 p\u00e5virke folk \u2013 forandre verden \u2013 influensere. N\u00e5r jeg lukker \u00f8ynene og manifesterer en influenser, ser jeg en ung, blond og solbrun kvinne med gode tenner \u2013 ikke ulikt meg selv i gode stunder, nuvel nuvel \u2026 Men om man ser vekk fra sosiale medier, kunne man ut ifra leksikondefinisjonen like gjerne sett for seg Jesus, Greta Thunberg eller for s\u00e5 vidt Gandhi. Tusenvis slutta seg til den 385 km saltmarsjen hans; han manet til ikkevold gjennom eksempel, og klesdrakten var alt annet enn tilfeldig.<\/p>\n<p><img decoding=\"async\" src=\"data:image\/gif;base64,R0lGODlhEAAJAIAAAP\/\/\/wAAACH5BAEAAAAALAAAAAAQAAkAAAIKhI+py+0Po5yUFQA7\" alt=\"\"\/><br \/>\n  Ragnhild Risnes fotografert i Botanisk Hage p\u00e5 T\u00f8yen, i forbindelse med album-foto, singel-foto, pressebilder og headshots. &#13;15.09.2024&#13;Foto: Stine Moldfjell<br \/>\n  <strong>Foto:<\/strong> Stine Moldfjell Ragnhild Risnes <\/p>\n<p>Musiker og skuespiller fra Trondheim.<\/p>\n<p><strong>Men influenseroppskrifta <\/strong>v\u00e5r mangler en viktig ingrediens: reklamen. Og for \u00e5 ha reklame, m\u00e5 du ha et produkt. Sp\u00f8rsm\u00e5let da er hva vi definerer som et produkt: et par l\u00f8pesko, en l\u00f8petur, en l\u00f8per? I de samme feeden finner vi hold-in, poesi, oppussing, l\u00f8petips og debattinnlegg. Kunstnerne blogger, politikerne er p\u00e5 Tiktok, mens bloggerne skriver b\u00f8ker. Er det rart vi blir forvirra?<\/p>\n<p>Jeg sliter innimellom selv med \u00e5 forst\u00e5 forskjellen p\u00e5 en sokk og en sang: hver har sin bruk, men jeg skj\u00f8nner ikke hva jeg skal med noen av dem.<\/p>\n<p><strong>Hva n\u00e5!!!<\/strong><\/p>\n<p>Eller hva jeg skal med meg selv. For n\u00e5r jeg selv dukker opp i denne feeden, klemt mellom et vippeserum og en pulsklokke, flyter bildene sammen, og jeg er et produkt.\u00a0Noe man kan like eller ikke like, kj\u00f8pe eller ikke kj\u00f8pe.<\/p>\n<p><img decoding=\"async\" src=\"data:image\/gif;base64,R0lGODlhEAAJAIAAAP\/\/\/wAAACH5BAEAAAAALAAAAAAQAAkAAAIKhI+py+0Po5yUFQA7\" alt=\"\"\/><br \/>\n  Bandbilde av Lugaren. Her jobber de med promovideo til l\u00e5ta Ullsokken Funk.<\/p>\n<p><strong>Og jeg opplever<\/strong> at vi i dag er en kjendistr\u00f8tt befolkning, som gjerne vil ha en annen offentlighet, men at vi sitter fast i clickbait og forbilder vi egentlig ikke ser opp til.<\/p>\n<p>Jo da, vi har f\u00e5tt en bevissthet rundt at det er \u00ablitt mye\u00bb med oppsummerende artikler fra hver eneste opptreden i Skal vi danse, men det er som om vi ikke har funnet et spr\u00e5k vi trenger enn\u00e5. Ja, i klikkenes tidsalder framst\u00e5r ofte kreativitet som et egoistisk selvpromoteringsprosjekt; samfunnsengasjement blir redusert til reklame, mens kroppskomplekser bl\u00e5ses opp til komplekse sp\u00f8rsm\u00e5l om livet selv.<\/p>\n<p>S\u00e5 vi sitter fast mellom publisitetsbarken og den kunstneriske veden i \u00f8nske om n\u00e5 ut, og den eneste arenaen\u00a0er\u00a0sosiale medier.\u00a0Men jeg vil ikke forholde meg til andre mennesker som forbrukere, og blir nedstemt av \u00e5 overtale andre til \u00e5 lytte til meg \u2013 det er hyggeligere hvis det er frivillig. Jeg er interessert i engasjement, ikke \u00abengagement\u00bb.<\/p>\n<p>S\u00e5 i v\u00e5r kom endelig den eksistensielle krisa: Jeg inns\u00e5 at jeg lagde innhold jeg ikke unner meg selv \u00e5 se. Folk b\u00f8r heller lese ei god bok enn \u00e5 se p\u00e5 videoer av meg som spiser frukt. G\u00e5 en tur eller v\u00e6r med venner, innholdet mitt mangler innhold \u2013 det har blitt content.<\/p>\n<p>I en god l\u00e5t, et kunstverk eller film, derimot, kan vi mennesker m\u00f8tes: vi ler, blir r\u00f8rt, pulsen synkroniseres, og det dirrer i oss. I det dypt menneskelige vi alle deler, liker jeg \u00e5 tro. Det beste er at det skjer p\u00e5 uforklarlig vis, og har kraft til \u00e5 forandre oss p\u00e5 samme, uransakelige m\u00e5te \u2013 uten produktplassering.<\/p>\n<p>Og \u00e5 forveksle formidling med influenseri, reduserer b\u00e5de avsender og mottaker. Vi blir kj\u00f8per og selger, som aldri m\u00f8tes. Ut\u00f8verne mister scenekanten \u2013 hvor ideer kan kastes ut og bli m\u00f8tt \u2013 og blir sittende ved et speil og lure:\u00a0\u00abHvorfor ble det som skulle skape fellesskap, handlende om\u00a0meg?\u00bb.<\/p>\n<p>Men n\u00e5 er dette (medie) landskapet vi lever i. Og det m\u00e5 vi l\u00e6re \u00e5 leve med. Men dette landskapet er et kulturlandskap: det kan formes! Men la oss ikke forandre dette landskapet gjennom betalt innhold eller boter, men med nennsom beiting. Ja, la meg i dag influensere deg til \u00e5 se p\u00e5 deg selv som en sau, som t\u00e5lmodig dr\u00f8vtygger sine urter og str\u00e5, og tenker over hvem som er gjeteren og hvor flokken er.<\/p>\n<p><strong>Les <a href=\"https:\/\/www.adressa.no\/tag\/ragnhild-risnes\/\" rel=\"noopener nofollow\" target=\"_blank\">flere tekster av Ragnhild Risnes her!<\/a><\/strong><\/p>\n<p>  Adresseavisens spaltister Vis mer \u2193 <\/p>\n<ul class=\"List\">\n<li>\n<p>Nick Faradonbeh, lege<\/p>\n<\/li>\n<li>\n<p>Anette Syvertsdatter Carr, ern\u00e6ringsr\u00e5dgiver og idrettsfysiolog<\/p>\n<\/li>\n<li>\n<p>Erlend Loe, forfatter<\/p>\n<\/li>\n<li>\n<p>Eskil Grendahl Sivertsen, forsker og spesialr\u00e5dgiver ved Forsvarets forskningsinstitutt<\/p>\n<\/li>\n<li>\n<p>Ragnhild Risnes, skuespiller og musiker<\/p>\n<\/li>\n<li>\n<p>Sivert Bj\u00f8rnstad, avtroppende stortingspolitiker for Frp og partner i Storm Samfunn fra 1. oktober<\/p>\n<\/li>\n<li>\n<p>Tatiana Elsoukova, litteraturformidler og skribent<\/p>\n<\/li>\n<\/ul>\n","protected":false},"excerpt":{"rendered":"Ragnhild Risnes Musiker og skuespiller Publisert: 20. november 2025 kl. 20:14 Oppdatert: 22. november 2025 kl. 19:22 Du&hellip;\n","protected":false},"author":2,"featured_media":95544,"comment_status":"","ping_status":"","sticky":false,"template":"","format":"standard","meta":{"footnotes":""},"categories":[58],"tags":[494,12364,71,279,3801,8486,2229,266,760,635,2898,221,30,28,29,12365,3222,792,72],"class_list":{"0":"post-95543","1":"post","2":"type-post","3":"status-publish","4":"format-standard","5":"has-post-thumbnail","7":"category-underholdning","8":"tag-adressasnapchat","9":"tag-bloggerne","10":"tag-entertainment","11":"tag-eu","12":"tag-fellesskap","13":"tag-fredagsspaltist","14":"tag-influenser","15":"tag-kommentar","16":"tag-kommentarer","17":"tag-kunst","18":"tag-media","19":"tag-musikk","20":"tag-no","21":"tag-norge","22":"tag-norway","23":"tag-ragnhild-risnes","24":"tag-sosiale-medier","25":"tag-tv-serie","26":"tag-underholdning"},"share_on_mastodon":{"url":"https:\/\/pubeurope.com\/@no\/115605755825306992","error":""},"_links":{"self":[{"href":"https:\/\/www.europesays.com\/no\/wp-json\/wp\/v2\/posts\/95543","targetHints":{"allow":["GET"]}}],"collection":[{"href":"https:\/\/www.europesays.com\/no\/wp-json\/wp\/v2\/posts"}],"about":[{"href":"https:\/\/www.europesays.com\/no\/wp-json\/wp\/v2\/types\/post"}],"author":[{"embeddable":true,"href":"https:\/\/www.europesays.com\/no\/wp-json\/wp\/v2\/users\/2"}],"replies":[{"embeddable":true,"href":"https:\/\/www.europesays.com\/no\/wp-json\/wp\/v2\/comments?post=95543"}],"version-history":[{"count":0,"href":"https:\/\/www.europesays.com\/no\/wp-json\/wp\/v2\/posts\/95543\/revisions"}],"wp:featuredmedia":[{"embeddable":true,"href":"https:\/\/www.europesays.com\/no\/wp-json\/wp\/v2\/media\/95544"}],"wp:attachment":[{"href":"https:\/\/www.europesays.com\/no\/wp-json\/wp\/v2\/media?parent=95543"}],"wp:term":[{"taxonomy":"category","embeddable":true,"href":"https:\/\/www.europesays.com\/no\/wp-json\/wp\/v2\/categories?post=95543"},{"taxonomy":"post_tag","embeddable":true,"href":"https:\/\/www.europesays.com\/no\/wp-json\/wp\/v2\/tags?post=95543"}],"curies":[{"name":"wp","href":"https:\/\/api.w.org\/{rel}","templated":true}]}}