{"id":95554,"date":"2025-11-24T17:20:15","date_gmt":"2025-11-24T17:20:15","guid":{"rendered":"https:\/\/www.europesays.com\/no\/95554\/"},"modified":"2025-11-24T17:20:15","modified_gmt":"2025-11-24T17:20:15","slug":"begynner-a-bli-kaldt","status":"publish","type":"post","link":"https:\/\/www.europesays.com\/no\/95554\/","title":{"rendered":"\u2013 Begynner \u00e5 bli kaldt"},"content":{"rendered":"\n<p class=\"_paragraph_o9xde_4 _paragraph_xtcu6_10 layout-component text-serif-m layout-normal text-serif-m layout-padded\">Hverken varmeanlegget eller toalettene fungerer som normalt etter p\u00e5kj\u00f8rselen. Passasjer Morten Hagen kjenner kulden p\u00e5 kroppen, skriver <a href=\"https:\/\/www.nrk.no\/nordland\/tog-havarerte-pa-nordlandsbanen-etter-reinpakjorsel-1.17665686\" class=\"_link_o9xde_39\" rel=\"nofollow noopener\" target=\"_blank\">NRK<\/a>. <\/p>\n<p class=\"_paragraph_o9xde_4 _paragraph_xtcu6_10 layout-component text-serif-m layout-normal text-serif-m layout-padded\">Toget skulle etter rutetabellen v\u00e6rt fremme i Bod\u00f8 klokken 17.44. Havariet skjedde omtrent klokken 13.30, opplyser togselskapet <a href=\"https:\/\/www.vg.no\/tag\/sj?utm_source=vg-article&amp;utm_medium=auto-tagger&amp;utm_campaign=BxV6ge\" class=\"_link_o9xde_39\" rel=\"nofollow noopener\" target=\"_blank\">SJ<\/a> til VG. <\/p>\n<p class=\"_paragraph_o9xde_4 _paragraph_xtcu6_10 layout-component text-serif-m layout-normal text-serif-m layout-padded\">SJ Norge skriver p\u00e5 sine <a href=\"https:\/\/www.nrk.no\/nordland\/tog-havarerte-pa-nordlandsbanen-etter-reinpakjorsel-1.17665686\" class=\"_link_o9xde_39\" rel=\"nofollow noopener\" target=\"_blank\">nettsider<\/a> at de reisende vil bli evakuert for videre transport med buss for tog buss for togReisende fra Mosj\u00f8en til Bod\u00f8 blir henvist til buss for tog fra Mosj\u00f8en kl. 16:57 til Bod\u00f8 21:01. Tog fra Bod\u00f8 12:27 til Steinkjer 20:21 er innstilt mellom Mosj\u00f8en og Steinkjer.. <\/p>\n<ul class=\"_list_o9xde_3 _list_xtcu6_9 _unordered_o9xde_106 layout-component text-serif-m layout-normal text-serif-m layout-padded\">\n<li class=\"_item_o9xde_30\"><a href=\"https:\/\/www.vg.no\/tips-oss\" class=\"_link_o9xde_39\" rel=\"nofollow noopener\" target=\"_blank\"><strong class=\"_strong_o9xde_25\">Er du ber\u00f8rt av toghavariet? Har du bilder eller video? Tips oss!<\/strong><\/a><\/li>\n<\/ul>\n<p>Aktiver kart<br \/>\nSn\u00f8scooter og ATV til evakueringen<\/p>\n<p class=\"_paragraph_o9xde_4 _paragraph_xtcu6_10 layout-component text-serif-m layout-normal text-serif-m layout-padded\">If\u00f8lge politiet var det 65 personer om bord. Ingen skal v\u00e6re skadet, sier operasjonsleder Tommy Bech til VG.<\/p>\n<p class=\"_paragraph_o9xde_4 _paragraph_xtcu6_10 layout-component text-serif-m layout-normal text-serif-m layout-padded\">\u2013 N\u00f8detatene er p\u00e5 vei til stedet for evakuere av togsettet over til en ventende buss, st\u00e5r det i politiloggen. <\/p>\n<p class=\"_paragraph_o9xde_4 _paragraph_xtcu6_10 layout-component text-serif-m layout-normal text-serif-m layout-padded\">Toget st\u00e5r 800\u2013900 meter fra n\u00e6rmeste vei i et omr\u00e5de det er litt utfordrende til \u00e5 komme seg til, s\u00e5 det er vi som koordinerer evakueringen, sier operasjonsleder Bech. <\/p>\n<p class=\"_paragraph_o9xde_4 _paragraph_xtcu6_10 layout-component text-serif-m layout-normal text-serif-m layout-padded\"><strong class=\"_strong_o9xde_25\">Det brukes sn\u00f8scooter og ATV for \u00e5 evakuere passasjerene.<\/strong><\/p>\n<p class=\"_paragraph_o9xde_4 _paragraph_xtcu6_10 layout-component text-serif-m layout-normal text-serif-m layout-padded\">Frivillig mannskap fra Norsk Folkehjelp og R\u00f8de Kors Hjelpekorps bist\u00e5r med evakueringen.<\/p>\n<p class=\"_paragraph_o9xde_4 _paragraph_xtcu6_10 layout-component text-serif-m layout-normal text-serif-m layout-padded\">Rundt 20 frivillige og ti terrengkj\u00f8ret\u00f8y er i sving, skriver R\u00f8de Kors i en pressemelding. <\/p>\n<p class=\"_paragraph_o9xde_4 _paragraph_xtcu6_10 layout-component text-serif-m layout-normal text-serif-m layout-padded\"><strong class=\"_strong_o9xde_25\">Etter kl.17 er evakueringen av togsettet startet, langs to akser, skriver politiet.<\/strong><\/p>\n<p class=\"_paragraph_o9xde_4 _paragraph_xtcu6_10 layout-component text-serif-m layout-normal text-serif-m layout-padded\">\u2013 Noen evakueres nordover med en skinnevogn, resterende evakueres s\u00f8rover langs toglinjen med ATV og sn\u00f8skuter til ventende buss, st\u00e5r det i politiloggen. <\/p>\n<p>\u2013 Begynner \u00e5 bli litt kaldt<\/p>\n<p class=\"_paragraph_o9xde_4 _paragraph_xtcu6_10 layout-component text-serif-m layout-normal text-serif-m layout-padded\">Henrik Fredriksen er en av passasjerene som er p\u00e5 toget. Han reiser fra Trondheim til Bod\u00f8.<\/p>\n<p class=\"_paragraph_o9xde_4 _paragraph_xtcu6_10 layout-component text-serif-m layout-normal text-serif-m layout-padded\">\u2013 Det begynner \u00e5 bli litt kaldt, men vi skal snart g\u00e5 til bussen. N\u00e5r de er klare, skal vi bevege oss 800 meter, sier han til VG.<\/p>\n<p><img alt=\"Toget har stanset i n\u00e6rheten av Svenningdal\" class=\"_image_qp4xg_65 layout-component layout-normal\" data-fullscreen- data-track-element-type=\"Article image fullscreen\" data-track-name=\"ImageFullscreen\" decoding=\"async\" loading=\"lazy\" height=\"4032\" itemprop=\"image\"  src=\"https:\/\/www.europesays.com\/no\/wp-content\/uploads\/2025\/11\/d741c098-1029-4b5e-937d-6b123568e0bd\"  style=\"object-position:0% 0%\" width=\"3024\"\/>Toget har stanset i n\u00e6rheten av Svenningdal<\/p>\n<p class=\"_paragraph_o9xde_4 _paragraph_xtcu6_10 layout-component text-serif-m layout-normal text-serif-m layout-padded\">\u2013 Hvordan g\u00e5r det med dere p\u00e5 toget?<\/p>\n<p class=\"_paragraph_o9xde_4 _paragraph_xtcu6_10 layout-component text-serif-m layout-normal text-serif-m layout-padded\">\u2013 Det er god stemning, og det er fint at det skjer n\u00e5 og ikke om noen timer. For det blir jo sikkert kaldt, det er jo sikkert 15 minus her. <\/p>\n<p class=\"_paragraph_o9xde_4 _paragraph_xtcu6_10 layout-component text-serif-m layout-normal text-serif-m layout-padded\">\u2013 Er folk godt nok kledd?<\/p>\n<p class=\"_paragraph_o9xde_4 _paragraph_xtcu6_10 layout-component text-serif-m layout-normal text-serif-m layout-padded\">\u2013 Folk er jo godt kledd her, s\u00e5 det g\u00e5r bra. Og s\u00e5 har vi f\u00e5tt varmetepper, sier Henriksen.<\/p>\n<p>14 minusgrader<\/p>\n<p class=\"_paragraph_o9xde_4 _paragraph_xtcu6_10 layout-component text-serif-m layout-normal text-serif-m layout-padded\">\u2013 Det er tekniske problemer som gj\u00f8r at vi ikke kan kj\u00f8re videre for egen maskin, sier pressevakt i SJ, Henrik Forseth.<\/p>\n<p class=\"_paragraph_o9xde_4 _paragraph_xtcu6_10 layout-component text-serif-m layout-normal text-serif-m layout-padded\">Totalt 63 passasjerer var om bord i toget. <\/p>\n<p class=\"_paragraph_o9xde_4 _paragraph_xtcu6_10 layout-component text-serif-m layout-normal text-serif-m layout-padded\">\u2013 Det har v\u00e6rt str\u00f8m p\u00e5 togsettet, men ingen varme. Det er jo 14 minusgrader i omr\u00e5det, s\u00e5 det har v\u00e6rt kaldt. Men vi har delt ut varmefolier til de reisende som har trengt det, Forseth.<\/p>\n<p class=\"_paragraph_o9xde_4 _paragraph_xtcu6_10 layout-component text-serif-m layout-normal text-serif-m layout-padded\">Rundt klokken 16 begynte de \u00e5 evakuere passasjerene ut av togsettet med bistand fra n\u00f8detatene.<\/p>\n<p class=\"_paragraph_o9xde_4 _paragraph_xtcu6_10 layout-component text-serif-m layout-normal text-serif-m layout-padded\">\u2013 I f\u00f8rste omgang sendes de til et krisesenter som n\u00f8detatene har opprettet i Trofors, sier Forseth. <\/p>\n<p class=\"_paragraph_o9xde_4 _paragraph_xtcu6_10 layout-component text-serif-m layout-normal text-serif-m layout-padded\">If\u00f8lge politiet er samleplass for evakuerte kommunehuset p\u00e5 Trofors. <\/p>\n<p>Kj\u00f8rte p\u00e5 reinsdyr<\/p>\n<p class=\"_paragraph_o9xde_4 _paragraph_xtcu6_10 layout-component text-serif-m layout-normal text-serif-m layout-padded\">Passasjerene vil deretter bli sendt videre med buss for tog for \u00e5 fullf\u00f8re reisen. <\/p>\n<p class=\"_paragraph_o9xde_4 _paragraph_xtcu6_10 layout-component text-serif-m layout-normal text-serif-m layout-padded\">F\u00f8r toget havarerte, kolliderte det med reinsdyr.<\/p>\n<p class=\"_paragraph_o9xde_4 _paragraph_xtcu6_10 layout-component text-serif-m layout-normal text-serif-m layout-padded\">\u2013 Det var totalt fem reinsdyr. De er antatt omkommet. Vi vet forel\u00f8pig ikke om dette er \u00e5rsaken til havariet, sier Forseth. <\/p>\n<p class=\"_paragraph_o9xde_4 _paragraph_xtcu6_10 layout-component text-serif-m layout-normal text-serif-m layout-padded\">Togsettet skal etter planen berges av et annet rundt 17.30, opplyser Forseth. <\/p>\n<p>       <img decoding=\"async\" alt=\"Tips oss illustrasjon\" src=\"https:\/\/www.europesays.com\/no\/wp-content\/uploads\/2025\/10\/pssst-small.webp.webp\"\/>    <\/p>\n<p class=\"title-serif-s\">Har du tips?<\/p>\n<p class=\"text-sans-m\">Send oss informasjon, bilder eller video.<\/p>\n<p>  <a href=\"https:\/\/www.vg.no\/tips-oss\" rel=\"nofollow noopener\" target=\"_blank\"> Tips oss <\/a>      <\/p>\n","protected":false},"excerpt":{"rendered":"Hverken varmeanlegget eller toalettene fungerer som normalt etter p\u00e5kj\u00f8rselen. Passasjer Morten Hagen kjenner kulden p\u00e5 kroppen, skriver NRK.&hellip;\n","protected":false},"author":2,"featured_media":95555,"comment_status":"","ping_status":"","sticky":false,"template":"","format":"standard","meta":{"footnotes":""},"categories":[5],"tags":[20,21,24,25,15,19,22,23,17,18,13,30,28,29,14,16,223,5147,1923,26,27],"class_list":{"0":"post-95554","1":"post","2":"type-post","3":"status-publish","4":"format-standard","5":"has-post-thumbnail","7":"category-overskrifter","8":"tag-breaking-news","9":"tag-breakingnews","10":"tag-featured-news","11":"tag-featurednews","12":"tag-headlines","13":"tag-hovedoppslag","14":"tag-latest-news","15":"tag-latestnews","16":"tag-main-news","17":"tag-mainnews","18":"tag-news","19":"tag-no","20":"tag-norge","21":"tag-norway","22":"tag-nyheter","23":"tag-overskrifter","24":"tag-samferdsel","25":"tag-sj","26":"tag-tog","27":"tag-top-stories","28":"tag-topstories"},"share_on_mastodon":{"url":"https:\/\/pubeurope.com\/@no\/115605826937366511","error":""},"_links":{"self":[{"href":"https:\/\/www.europesays.com\/no\/wp-json\/wp\/v2\/posts\/95554","targetHints":{"allow":["GET"]}}],"collection":[{"href":"https:\/\/www.europesays.com\/no\/wp-json\/wp\/v2\/posts"}],"about":[{"href":"https:\/\/www.europesays.com\/no\/wp-json\/wp\/v2\/types\/post"}],"author":[{"embeddable":true,"href":"https:\/\/www.europesays.com\/no\/wp-json\/wp\/v2\/users\/2"}],"replies":[{"embeddable":true,"href":"https:\/\/www.europesays.com\/no\/wp-json\/wp\/v2\/comments?post=95554"}],"version-history":[{"count":0,"href":"https:\/\/www.europesays.com\/no\/wp-json\/wp\/v2\/posts\/95554\/revisions"}],"wp:featuredmedia":[{"embeddable":true,"href":"https:\/\/www.europesays.com\/no\/wp-json\/wp\/v2\/media\/95555"}],"wp:attachment":[{"href":"https:\/\/www.europesays.com\/no\/wp-json\/wp\/v2\/media?parent=95554"}],"wp:term":[{"taxonomy":"category","embeddable":true,"href":"https:\/\/www.europesays.com\/no\/wp-json\/wp\/v2\/categories?post=95554"},{"taxonomy":"post_tag","embeddable":true,"href":"https:\/\/www.europesays.com\/no\/wp-json\/wp\/v2\/tags?post=95554"}],"curies":[{"name":"wp","href":"https:\/\/api.w.org\/{rel}","templated":true}]}}