{"id":9556,"date":"2025-08-16T10:16:09","date_gmt":"2025-08-16T10:16:09","guid":{"rendered":"https:\/\/www.europesays.com\/no\/9556\/"},"modified":"2025-08-16T10:16:09","modified_gmt":"2025-08-16T10:16:09","slug":"earth-stjerna-samuel-blenkin-falt-i-bresprekk","status":"publish","type":"post","link":"https:\/\/www.europesays.com\/no\/9556\/","title":{"rendered":"Earth\u00bb-stjerna Samuel Blenkin falt i bresprekk"},"content":{"rendered":"\n<p class=\"_lead_1bvmi_2 _lead_xtcu6_50 layout-component text-serif-m layout-normal text-serif-l layout-component layout-wide layout-padded _wide_17hqh_1 layout-padded\">\u2013 Det var ekte frykt, sier Samuel Blenkin (29) til VG. <\/p>\n<p><img alt=\"STJERNESKUDD: Samuel Blenkin p\u00e5 r\u00f8d l\u00f8per under den europeiske premierevisningen av \u00abAlien: Earth\u00bb.  Foto: Doug Peters \/ Pa Photos \/ NTB\" class=\"_image_qp4xg_65 layout-component layout-wide\" data-fullscreen- data-track-element-type=\"Article image fullscreen\" data-track-name=\"ImageFullscreen\" fetchpriority=\"high\" decoding=\"sync\" loading=\"eager\" height=\"4253\" itemprop=\"image\"  src=\"https:\/\/www.europesays.com\/no\/wp-content\/uploads\/2025\/08\/7c4cb175-9ef7-4f28-b302-74dcb61cc141\"  style=\"object-position:0% 0%\" width=\"4578\"\/>STJERNESKUDD: Samuel Blenkin p\u00e5 r\u00f8d l\u00f8per under den europeiske premierevisningen av \u00abAlien: Earth\u00bb.  Foto: Doug Peters \/ Pa Photos \/ NTB<\/p>\n<ul aria-hidden=\"true\" class=\"_images_1y6fe_106\">\n<li><a class=\"_link_1y6fe_111\" href=\"https:\/\/www.vg.no\/forfatter\/thor-benjamin-brekken\" style=\"z-index:1\" title=\"Benjamin Brekken\" rel=\"nofollow noopener\" target=\"_blank\"><img alt=\"Bilde av Benjamin Brekken\" class=\"_image_1y6fe_88\" fetchpriority=\"low\" loading=\"lazy\" decoding=\"async\" itemprop=\"image\"  src=\"https:\/\/www.europesays.com\/no\/wp-content\/uploads\/2025\/08\/1755339368_379_1729a004-83db-4715-83a1-201a2b6019bd\"  width=\"480\"\/><\/a><\/li>\n<\/ul>\n<p> Oppdatert l\u00f8rdag 16. august kl. 11:15     <\/p>\n<p class=\"_paragraph_1bvmi_4 _paragraph_xtcu6_10 layout-component text-serif-m layout-normal text-serif-m layout-padded\">\u2013 Hva kan jeg sp\u00f8rre deg om for \u00e5 trigge en interessant j\u00e6vla samtale?<\/p>\n<p class=\"_paragraph_1bvmi_4 _paragraph_xtcu6_10 layout-component text-serif-m layout-normal text-serif-m layout-padded\">Skuespiller Samuel Blenkin (29) flirer godt av VGs sp\u00f8rsm\u00e5l. Heldigvis tar han referansen kvikt. Det er hentet fra noe hans karakter Boy Kavalier sier i den nye serien \u00abAlien: Earth\u00bb.<\/p>\n<p class=\"_paragraph_1bvmi_4 _paragraph_xtcu6_10 layout-component text-serif-m layout-normal text-serif-m layout-padded\">\u2013 Jeg kan snakke om hva som helst, men kanskje hva som gj\u00f8r oss menneskelige? Er v\u00e5r menneskelighet knyttet til det faktum at vi skal d\u00f8? Hva er meningen med livet? svarer Blenkin.<\/p>\n<p class=\"_paragraph_1bvmi_4 _paragraph_xtcu6_10 layout-component text-serif-m layout-normal text-serif-m layout-padded\">Denne dype tematikken er tungt til stede i \u00abAlien: Earth\u00bb, den f\u00f8rste TV-serien fra det popul\u00e6re \u00abAlien\u00bb-universet. <\/p>\n<p><img alt=\"BARFOT RIKING: Samuel Blenkin som den arrogante og visjon\u00e6re tech-milliard\u00e6ren Boy Kavalier i \u00abAlien: Earth\u00bb.  Foto: Patrick Brown \/ FX\" class=\"_image_qp4xg_65 layout-component layout-normal\" data-fullscreen- data-track-element-type=\"Article image fullscreen\" data-track-name=\"ImageFullscreen\" decoding=\"async\" loading=\"lazy\" height=\"1068\" itemprop=\"image\"  src=\"https:\/\/www.europesays.com\/no\/wp-content\/uploads\/2025\/08\/56fd46f4-b04e-4deb-be61-c7935d478cd6\"  style=\"object-position:0% 0%\" width=\"2087\"\/>BARFOT RIKING: Samuel Blenkin som den arrogante og visjon\u00e6re tech-milliard\u00e6ren Boy Kavalier i \u00abAlien: Earth\u00bb.  Foto: Patrick Brown \/ FX<\/p>\n<p class=\"_paragraph_1bvmi_4 _paragraph_xtcu6_10 layout-component text-serif-m layout-normal text-serif-m layout-padded\">I Disney Pluss-serien har menneskeheten utviklet seg til \u00e5 best\u00e5 av AI-styrte roboter og menneskelignende kyborger, i tillegg til vanlige folk. I buskene lurer blodst\u00f8rstige romvesener. <\/p>\n<p class=\"_paragraph_1bvmi_4 _paragraph_xtcu6_10 layout-component text-serif-m layout-normal text-serif-m layout-padded\">\u00abAlien: Earth\u00bb utforsker hva som definerer bevissthet og menneskelighet, samtidig som den borer ned i \u00abAlien\u00bb-franchisens reneste f\u00f8lelse, nemlig frykt. Kvelende og panikkartet frykt. <\/p>\n<p class=\"_paragraph_1bvmi_4 _paragraph_xtcu6_10 layout-component text-serif-m layout-normal layout-padded\"><strong class=\"_strong_1bvmi_25\">Les ogs\u00e5:<\/strong> <a href=\"https:\/\/www.vg.no\/i\/GyVzBB\" data-track-element-type=\"Link\" data-track-id=\"link:GyVzBB\" class=\"_link_1bvmi_39\" rel=\"nofollow noopener\" target=\"_blank\">Timothy Olyphant: \u2013 H\u00f8res ut som et mareritt<\/a><\/p>\n<p><img alt=\"SKUMLE: De fryktinngytende Xenomorph-skapningene terroriserer jordkloden i \u00abAlien: Earth\u00bb.   Foto: Disney+ \/ Disney+\" class=\"_image_qp4xg_65 layout-component layout-normal\" data-fullscreen- data-track-element-type=\"Article image fullscreen\" data-track-name=\"ImageFullscreen\" decoding=\"async\" loading=\"lazy\" height=\"1080\" itemprop=\"image\"  src=\"https:\/\/www.europesays.com\/no\/wp-content\/uploads\/2025\/08\/19e06ce3-3fbe-4423-9166-d7bd52a13196\"  style=\"object-position:0% 0%\" width=\"1920\"\/>SKUMLE: De fryktinngytende Xenomorph-skapningene terroriserer jordkloden i \u00abAlien: Earth\u00bb.   Foto: Disney+ \/ Disney+<\/p>\n<p class=\"_paragraph_1bvmi_4 _paragraph_xtcu6_10 layout-component text-serif-m layout-normal text-serif-m layout-padded\">\u2013 Kan du fortelle om et \u00f8yeblikk i livet da du var skikkelig redd?<\/p>\n<p class=\"_paragraph_1bvmi_4 _paragraph_xtcu6_10 layout-component text-serif-m layout-normal text-serif-m layout-padded\">Blenkin fisker fram en speiderhistorie fra hjernebarken.<\/p>\n<p class=\"_paragraph_1bvmi_4 _paragraph_xtcu6_10 layout-component text-serif-m layout-normal text-serif-m layout-padded\">\u2013 Da jeg var ung skulle vi p\u00e5 speiderleir i Sveits, og vi dro p\u00e5 fottur opp p\u00e5 en isbre. Der falt jeg ned i en sprekk. Den var ikke veldig stor, kanskje bare tre meter ned, men jeg falt helt til bunnen. <\/p>\n<p class=\"_paragraph_1bvmi_4 _paragraph_xtcu6_10 layout-component text-serif-m layout-normal text-serif-m layout-padded\">Heldigvis hadde turf\u00f8lget tatt sine forholdsregler og bundet seg sammen i tau.<\/p>\n<p class=\"_paragraph_1bvmi_4 _paragraph_xtcu6_10 layout-component text-serif-m layout-normal text-serif-m layout-padded\">\u2013 Men jeg skrek. Det var ekte frykt. <\/p>\n<p class=\"_paragraph_1bvmi_4 _paragraph_xtcu6_10 layout-component text-serif-m layout-normal text-serif-m layout-padded\"><strong class=\"_strong_1bvmi_25\">Se hvordan \u00abAlien: Earth\u00bb-stjernene reagerer n\u00e5r reporteren drar fram en valp under intervjuet:<\/strong><\/p>\n<p class=\"_paragraph_1bvmi_4 _paragraph_xtcu6_10 layout-component text-serif-m layout-normal text-serif-m layout-padded\">Blenkins medskuespiller Babou Ceesay (46) er ogs\u00e5 med p\u00e5 intervjuet. Han trekker fram et \u00f8yeblikk fra \u00abAlien: Earth\u00bb-innspillingen som fikk ham til \u00e5 f\u00f8le p\u00e5 b\u00e5de redsel og mestring. <\/p>\n<p class=\"_paragraph_1bvmi_4 _paragraph_xtcu6_10 layout-component text-serif-m layout-normal text-serif-m layout-padded\">\u2013 Jeg skal ikke r\u00f8pe for mye, men jeg hadde en opplevelse med vann under opptakene. Jeg er litt klaustrofobisk og liker ikke visse situasjoner. Dette var en situasjon som burde ha trigget meg, men endte opp med \u00e5 bli en av de beste dagene jeg noensinne har hatt p\u00e5 et sett, forteller Ceesay.<\/p>\n<p class=\"_paragraph_1bvmi_4 _paragraph_xtcu6_10 layout-component text-serif-m layout-normal text-serif-m layout-padded\">\u2013 Det var helt sinnssykt, avslutter han. <\/p>\n<p><img alt=\"FORN\u00d8YD TREKL\u00d8VER: Babou Ceesay, Timothy Olyphant og Samuel Blenkin i samtale med VGs reporter.   Foto: Disney \/ VG\" class=\"_image_qp4xg_65 layout-component layout-normal\" data-fullscreen- data-track-element-type=\"Article image fullscreen\" data-track-name=\"ImageFullscreen\" decoding=\"async\" loading=\"lazy\" height=\"876\" itemprop=\"image\"  src=\"https:\/\/www.europesays.com\/no\/wp-content\/uploads\/2025\/08\/4251ef42-614a-417b-996b-5175b107c0e1\"  style=\"object-position:0% 0%\" width=\"1432\"\/>FORN\u00d8YD TREKL\u00d8VER: Babou Ceesay, Timothy Olyphant og Samuel Blenkin i samtale med VGs reporter.   Foto: Disney \/ VG<\/p>\n<p class=\"_paragraph_1bvmi_4 _paragraph_xtcu6_10 layout-component text-serif-m layout-normal text-serif-m layout-padded\"><strong class=\"_strong_1bvmi_25\">Se flere saker fra film- og serieverdenen:<\/strong><\/p>\n","protected":false},"excerpt":{"rendered":"\u2013 Det var ekte frykt, sier Samuel Blenkin (29) til VG. STJERNESKUDD: Samuel Blenkin p\u00e5 r\u00f8d l\u00f8per under&hellip;\n","protected":false},"author":2,"featured_media":9557,"comment_status":"","ping_status":"","sticky":false,"template":"","format":"standard","meta":{"footnotes":""},"categories":[58],"tags":[374,71,1996,30,28,29,375,376,72],"class_list":{"0":"post-9556","1":"post","2":"type-post","3":"status-publish","4":"format-standard","5":"has-post-thumbnail","7":"category-underholdning","8":"tag-disney","9":"tag-entertainment","10":"tag-frykt","11":"tag-no","12":"tag-norge","13":"tag-norway","14":"tag-serier","15":"tag-tv-serier","16":"tag-underholdning"},"share_on_mastodon":{"url":"","error":""},"_links":{"self":[{"href":"https:\/\/www.europesays.com\/no\/wp-json\/wp\/v2\/posts\/9556","targetHints":{"allow":["GET"]}}],"collection":[{"href":"https:\/\/www.europesays.com\/no\/wp-json\/wp\/v2\/posts"}],"about":[{"href":"https:\/\/www.europesays.com\/no\/wp-json\/wp\/v2\/types\/post"}],"author":[{"embeddable":true,"href":"https:\/\/www.europesays.com\/no\/wp-json\/wp\/v2\/users\/2"}],"replies":[{"embeddable":true,"href":"https:\/\/www.europesays.com\/no\/wp-json\/wp\/v2\/comments?post=9556"}],"version-history":[{"count":0,"href":"https:\/\/www.europesays.com\/no\/wp-json\/wp\/v2\/posts\/9556\/revisions"}],"wp:featuredmedia":[{"embeddable":true,"href":"https:\/\/www.europesays.com\/no\/wp-json\/wp\/v2\/media\/9557"}],"wp:attachment":[{"href":"https:\/\/www.europesays.com\/no\/wp-json\/wp\/v2\/media?parent=9556"}],"wp:term":[{"taxonomy":"category","embeddable":true,"href":"https:\/\/www.europesays.com\/no\/wp-json\/wp\/v2\/categories?post=9556"},{"taxonomy":"post_tag","embeddable":true,"href":"https:\/\/www.europesays.com\/no\/wp-json\/wp\/v2\/tags?post=9556"}],"curies":[{"name":"wp","href":"https:\/\/api.w.org\/{rel}","templated":true}]}}