{"id":95588,"date":"2025-11-24T17:59:13","date_gmt":"2025-11-24T17:59:13","guid":{"rendered":"https:\/\/www.europesays.com\/no\/95588\/"},"modified":"2025-11-24T17:59:13","modified_gmt":"2025-11-24T17:59:13","slug":"minneord-til-minne-marit-grande-haugdal-til-minne","status":"publish","type":"post","link":"https:\/\/www.europesays.com\/no\/95588\/","title":{"rendered":"Minneord, Til minne | Marit Grande Haugdal til minne"},"content":{"rendered":"\n<p>Kj\u00e6re spreke, musikalske, jordn\u00e6re og flinke Marit.<\/p>\n<p>Et stort sjokk for oss alle at du m\u00e5tte forlate oss s\u00e5 altfor tidlig. Vi sitter sp\u00f8rrende igjen, men ogs\u00e5 med s\u00e5 uendelig mange gode minner \u2013 fra kor, kringkauk og Koreill. S\u00e5 mange turer, opplevelser og gleder vi har hatt i lag.<\/p>\n<p>Likevel er det spesielt ett minne som dukker opp og som sier s\u00e5 mye om deg, Marit. Da vi var p\u00e5 \u00abEvert Taube festival\u00bb i vakre Bohusl\u00e4n og fikk oppleve Sven Bertil Taube \u00ablive\u00bb med kjente og kj\u00e6re Everts viser \u2013 og mange andre flotte visesangere. Vi camperte i lavvoen og badet i sj\u00f8en i Taubes sommerrike, og etterp\u00e5 fant du fram gitaren og sangen tonet ut i den lyse sommernatten.<\/p>\n<p>Dagen etter bes\u00f8kte vi \u00abBaldersn\u00e4s herreg\u00e5rd\u00bb med sine store, gamle tr\u00e6r, krydderhager, roser og en stor park rik p\u00e5 fauna og fugleliv. Lavvoen fikk vi lov til \u00e5 sl\u00e5 opp p\u00e5 en odde ved Laxsj\u00f6n, og mens kaffen putret, tok du fram gitaren og vi sang til \u00abt\u00e5kedottene\u00bb som danset over vannet. B\u00e5tene p\u00e5 sj\u00f8en styrte mot land og lurte p\u00e5 om det var konsert; de var forundret over at vi kunne s\u00e5 mange svenske viser og sanger.<\/p>\n<p>\u00abJa, det kan vi vel\u00bb, sa du, smilte og spilte videre.<\/p>\n<p>Det sier s\u00e5 mye om deg, Marit. Du skapte hygge og stemning rundt deg.<\/p>\n<p>Takk for alle gode minner \u2013 jeg ser deg sitte i ei blomstereng med gitaren og spille mens fuglene kvitrer og alle koser seg.<\/p>\n","protected":false},"excerpt":{"rendered":"Kj\u00e6re spreke, musikalske, jordn\u00e6re og flinke Marit. Et stort sjokk for oss alle at du m\u00e5tte forlate oss&hellip;\n","protected":false},"author":2,"featured_media":3063,"comment_status":"","ping_status":"","sticky":false,"template":"","format":"standard","meta":{"footnotes":""},"categories":[58],"tags":[36,576,71,692,30,28,29,1533,12371,72],"class_list":{"0":"post-95588","1":"post","2":"type-post","3":"status-publish","4":"format-standard","5":"has-post-thumbnail","7":"category-underholdning","8":"tag-art","9":"tag-dodsfall","10":"tag-entertainment","11":"tag-minneord","12":"tag-no","13":"tag-norge","14":"tag-norway","15":"tag-opinion","16":"tag-til-minne","17":"tag-underholdning"},"share_on_mastodon":{"url":"https:\/\/pubeurope.com\/@no\/115605980034765014","error":""},"_links":{"self":[{"href":"https:\/\/www.europesays.com\/no\/wp-json\/wp\/v2\/posts\/95588","targetHints":{"allow":["GET"]}}],"collection":[{"href":"https:\/\/www.europesays.com\/no\/wp-json\/wp\/v2\/posts"}],"about":[{"href":"https:\/\/www.europesays.com\/no\/wp-json\/wp\/v2\/types\/post"}],"author":[{"embeddable":true,"href":"https:\/\/www.europesays.com\/no\/wp-json\/wp\/v2\/users\/2"}],"replies":[{"embeddable":true,"href":"https:\/\/www.europesays.com\/no\/wp-json\/wp\/v2\/comments?post=95588"}],"version-history":[{"count":0,"href":"https:\/\/www.europesays.com\/no\/wp-json\/wp\/v2\/posts\/95588\/revisions"}],"wp:featuredmedia":[{"embeddable":true,"href":"https:\/\/www.europesays.com\/no\/wp-json\/wp\/v2\/media\/3063"}],"wp:attachment":[{"href":"https:\/\/www.europesays.com\/no\/wp-json\/wp\/v2\/media?parent=95588"}],"wp:term":[{"taxonomy":"category","embeddable":true,"href":"https:\/\/www.europesays.com\/no\/wp-json\/wp\/v2\/categories?post=95588"},{"taxonomy":"post_tag","embeddable":true,"href":"https:\/\/www.europesays.com\/no\/wp-json\/wp\/v2\/tags?post=95588"}],"curies":[{"name":"wp","href":"https:\/\/api.w.org\/{rel}","templated":true}]}}