{"id":95591,"date":"2025-11-24T18:03:16","date_gmt":"2025-11-24T18:03:16","guid":{"rendered":"https:\/\/www.europesays.com\/no\/95591\/"},"modified":"2025-11-24T18:03:16","modified_gmt":"2025-11-24T18:03:16","slug":"havvind-flytende-havvind-esa-har-godkjent-statsstotte-til-havvind","status":"publish","type":"post","link":"https:\/\/www.europesays.com\/no\/95591\/","title":{"rendered":"Havvind, Flytende havvind | ESA har godkjent statsst\u00f8tte til havvind"},"content":{"rendered":"\n<p><b>ENERGI: <\/b>Alle ordninger for statsst\u00f8tte kan bli vurdert etter reglene for slikt i EU og E\u00d8S-avtalen. ESA er kontrollorganet som avgj\u00f8r om statsst\u00f8tte er lovlig eller ikke.<\/p>\n<p>N\u00e5 har ESA unders\u00f8kt om den nye st\u00f8tteordningen for utvikling av flytende havvindprosjekter \u2013 koblet til Utsira Nord \u2013 er innenfor regelverket. Konklusjonen er positiv.<\/p>\n<p>\u2013 Etter \u00e5 ha vurdert ordningen etter CISAF, har ESA konkludert med at den er i samsvar med E\u00d8S-avtalens regler for statsst\u00f8tte, og har derfor ingen innvendinger mot at ordningen gjennomf\u00f8res, skriver ESA i en pressemelding mandag ettermiddag.<\/p>\n<p>  <a href=\"https:\/\/www.h-avis.no\/5-62-1923939\" class=\"related-teaser has-image default-story-teaser article--c-eRUmMG article--c-eRUmMG-jKCPdD-design-default\" rel=\"nofollow noopener\" target=\"_blank\"><\/p>\n<p>    <img decoding=\"async\" loading=\"lazy\"  src=\"https:\/\/www.europesays.com\/no\/wp-content\/uploads\/2025\/11\/image001+%281%29.jpg\" alt=\"\" class=\"brick-c-cFOWSL\" style=\"\"\/><\/p>\n<p>\n            Les ogs\u00e5<\/p>\n<p>              Flytende havvind: \u2013 Kun to s\u00f8knader om \u00e5 bygge Utsira Nord\n        <\/p>\n<p>  <\/a><\/p>\n<p>CISAF er en avtale om ren industri, og avtalen har et rammeverk som tillater statsst\u00f8tte for \u00e5 n\u00e5 m\u00e5lene i avtalen. Dette er f\u00f8rste gang ESA har behandlet en st\u00f8tteordning under CISAF.<\/p>\n<p>St\u00f8tteordningen skal forvaltes av Enova, et statlig foretak under Klima- og milj\u00f8departementet. Den har en samlet ramme p\u00e5 inntil 10 milliarder kroner, og st\u00f8tten skal tildeles gjennom flere runder med anbudskonkurranser. Ordningen gjelder fram til 31. desember 2030, og erstatter et p\u00e5g\u00e5ende program som <a href=\"https:\/\/eftasurv.us16.list-manage.com\/track\/click?u=5c125148572f95fc7d394f5ba&amp;id=79ee520ad6&amp;e=7683d0f24d\" rel=\"nofollow noopener\" target=\"_blank\">ESA godkjente i 2023<\/a> under det midlertidige kriserammeverket for statsst\u00f8ttetiltak, som utl\u00f8per i desember 2025, skriver ESA i pressemeldingen.<\/p>\n<p>  <a href=\"https:\/\/www.h-avis.no\/5-62-1949008\" class=\"related-teaser has-image default-story-teaser article--c-eRUmMG article--c-eRUmMG-jKCPdD-design-default\" rel=\"nofollow noopener\" target=\"_blank\"><\/p>\n<p>    <img decoding=\"async\" loading=\"lazy\"  src=\"https:\/\/www.europesays.com\/no\/wp-content\/uploads\/2025\/11\/1764007396_83_unnamed.jpg\" alt=\"\" class=\"brick-c-cFOWSL\" style=\"\"\/><\/p>\n<p>\n            Les ogs\u00e5<\/p>\n<p>              Henter mer penger\n        <\/p>\n<p>  <\/a><\/p>\n","protected":false},"excerpt":{"rendered":"ENERGI: Alle ordninger for statsst\u00f8tte kan bli vurdert etter reglene for slikt i EU og E\u00d8S-avtalen. ESA er&hellip;\n","protected":false},"author":2,"featured_media":95592,"comment_status":"","ping_status":"","sticky":false,"template":"","format":"standard","meta":{"footnotes":""},"categories":[10],"tags":[36,20,21,382,24,25,5926,379,15,22,23,62,13,30,28,29,14,16,41,1510,26,27],"class_list":{"0":"post-95591","1":"post","2":"type-post","3":"status-publish","4":"format-standard","5":"has-post-thumbnail","7":"category-norge","8":"tag-art","9":"tag-breaking-news","10":"tag-breakingnews","11":"tag-energi","12":"tag-featured-news","13":"tag-featurednews","14":"tag-flytende-havvind","15":"tag-havvind","16":"tag-headlines","17":"tag-latest-news","18":"tag-latestnews","19":"tag-naeringsliv","20":"tag-news","21":"tag-no","22":"tag-norge","23":"tag-norway","24":"tag-nyheter","25":"tag-overskrifter","26":"tag-politikk","27":"tag-story","28":"tag-top-stories","29":"tag-topstories"},"share_on_mastodon":{"url":"https:\/\/pubeurope.com\/@no\/115605995860531927","error":""},"_links":{"self":[{"href":"https:\/\/www.europesays.com\/no\/wp-json\/wp\/v2\/posts\/95591","targetHints":{"allow":["GET"]}}],"collection":[{"href":"https:\/\/www.europesays.com\/no\/wp-json\/wp\/v2\/posts"}],"about":[{"href":"https:\/\/www.europesays.com\/no\/wp-json\/wp\/v2\/types\/post"}],"author":[{"embeddable":true,"href":"https:\/\/www.europesays.com\/no\/wp-json\/wp\/v2\/users\/2"}],"replies":[{"embeddable":true,"href":"https:\/\/www.europesays.com\/no\/wp-json\/wp\/v2\/comments?post=95591"}],"version-history":[{"count":0,"href":"https:\/\/www.europesays.com\/no\/wp-json\/wp\/v2\/posts\/95591\/revisions"}],"wp:featuredmedia":[{"embeddable":true,"href":"https:\/\/www.europesays.com\/no\/wp-json\/wp\/v2\/media\/95592"}],"wp:attachment":[{"href":"https:\/\/www.europesays.com\/no\/wp-json\/wp\/v2\/media?parent=95591"}],"wp:term":[{"taxonomy":"category","embeddable":true,"href":"https:\/\/www.europesays.com\/no\/wp-json\/wp\/v2\/categories?post=95591"},{"taxonomy":"post_tag","embeddable":true,"href":"https:\/\/www.europesays.com\/no\/wp-json\/wp\/v2\/tags?post=95591"}],"curies":[{"name":"wp","href":"https:\/\/api.w.org\/{rel}","templated":true}]}}