{"id":95611,"date":"2025-11-24T18:36:14","date_gmt":"2025-11-24T18:36:14","guid":{"rendered":"https:\/\/www.europesays.com\/no\/95611\/"},"modified":"2025-11-24T18:36:14","modified_gmt":"2025-11-24T18:36:14","slug":"nyheter-rjukan-kunde-forsokte-a-angripe-kiwi-ansatt","status":"publish","type":"post","link":"https:\/\/www.europesays.com\/no\/95611\/","title":{"rendered":"Nyheter, Rjukan | Kunde fors\u00f8kte \u00e5 angripe Kiwi-ansatt"},"content":{"rendered":"\n<p>Politiet ble tirsdag ettermiddag tilkalt til dagligvarebutikken Kiwi p\u00e5 Rjukan etter melding om en person som skapte uro og hindret adkomst. Hendelsen, som ble rapportert like etter klokken 16.55, involverte en person som if\u00f8lge meldingene sto og blokkerte inngangspartiet til butikken, noe som gjorde det vanskelig for kunder \u00e5 komme seg inn og ut.<\/p>\n<p>Videre fremkommer det at personen skal ha v\u00e6rt utagerende overfor ansatte og fors\u00f8kt \u00e5 angripe en av dem. Det er forel\u00f8pig ikke meldt om at noen personer har kommet fysisk til skade som f\u00f8lge av hendelsen.<\/p>\n<p>Politiet ble sendt til stedet for \u00e5 h\u00e5ndtere situasjonen og innhente mer informasjon. Rundt klokken 17:19 ble det opplyst at personen hadde forlatt stedet, men politiet fortsatte sin utrykning for \u00e5 snakke med vedkommende og avklare hendelsesforl\u00f8pet<\/p>\n","protected":false},"excerpt":{"rendered":"Politiet ble tirsdag ettermiddag tilkalt til dagligvarebutikken Kiwi p\u00e5 Rjukan etter melding om en person som skapte uro&hellip;\n","protected":false},"author":2,"featured_media":1273,"comment_status":"","ping_status":"","sticky":false,"template":"","format":"standard","meta":{"footnotes":""},"categories":[12],"tags":[36,20,21,24,25,15,2352,22,23,13,30,28,29,14,16,5935,1510,26,27,4713,42,43,44,45],"class_list":{"0":"post-95611","1":"post","2":"type-post","3":"status-publish","4":"format-standard","5":"has-post-thumbnail","7":"category-verden","8":"tag-art","9":"tag-breaking-news","10":"tag-breakingnews","11":"tag-featured-news","12":"tag-featurednews","13":"tag-headlines","14":"tag-kiwi","15":"tag-latest-news","16":"tag-latestnews","17":"tag-news","18":"tag-no","19":"tag-norge","20":"tag-norway","21":"tag-nyheter","22":"tag-overskrifter","23":"tag-rjukan","24":"tag-story","25":"tag-top-stories","26":"tag-topstories","27":"tag-trussel","28":"tag-verden","29":"tag-world","30":"tag-world-news","31":"tag-worldnews"},"share_on_mastodon":{"url":"https:\/\/pubeurope.com\/@no\/115606125783432480","error":""},"_links":{"self":[{"href":"https:\/\/www.europesays.com\/no\/wp-json\/wp\/v2\/posts\/95611","targetHints":{"allow":["GET"]}}],"collection":[{"href":"https:\/\/www.europesays.com\/no\/wp-json\/wp\/v2\/posts"}],"about":[{"href":"https:\/\/www.europesays.com\/no\/wp-json\/wp\/v2\/types\/post"}],"author":[{"embeddable":true,"href":"https:\/\/www.europesays.com\/no\/wp-json\/wp\/v2\/users\/2"}],"replies":[{"embeddable":true,"href":"https:\/\/www.europesays.com\/no\/wp-json\/wp\/v2\/comments?post=95611"}],"version-history":[{"count":0,"href":"https:\/\/www.europesays.com\/no\/wp-json\/wp\/v2\/posts\/95611\/revisions"}],"wp:featuredmedia":[{"embeddable":true,"href":"https:\/\/www.europesays.com\/no\/wp-json\/wp\/v2\/media\/1273"}],"wp:attachment":[{"href":"https:\/\/www.europesays.com\/no\/wp-json\/wp\/v2\/media?parent=95611"}],"wp:term":[{"taxonomy":"category","embeddable":true,"href":"https:\/\/www.europesays.com\/no\/wp-json\/wp\/v2\/categories?post=95611"},{"taxonomy":"post_tag","embeddable":true,"href":"https:\/\/www.europesays.com\/no\/wp-json\/wp\/v2\/tags?post=95611"}],"curies":[{"name":"wp","href":"https:\/\/api.w.org\/{rel}","templated":true}]}}