{"id":95612,"date":"2025-11-24T18:37:12","date_gmt":"2025-11-24T18:37:12","guid":{"rendered":"https:\/\/www.europesays.com\/no\/95612\/"},"modified":"2025-11-24T18:37:12","modified_gmt":"2025-11-24T18:37:12","slug":"skadd-i-arbeidsulykke-i-sarpsborg-nrk-ostfold-lokale-nyheter-tv-og-radio","status":"publish","type":"post","link":"https:\/\/www.europesays.com\/no\/95612\/","title":{"rendered":"Skadd i arbeidsulykke i Sarpsborg \u2013 NRK \u00d8stfold \u2013 Lokale nyheter, TV og radio"},"content":{"rendered":"<p>Klokken 10:37 ble politiet varslet om en arbeidsulykke ved Solli i Sarpsborg.<\/p>\n<p>Ulykken skjedde da en lastebil skulle levere fyllmasse med stokker og stubber p\u00e5 et anleggsomr\u00e5de i Sarpsborg.<\/p>\n<p>\u2013 Lemmene m\u00e5 \u00e5pnes manuelt ved tipping, og da har det falt ut en stubbe som har truffet vedkommende, sier operasjonsleder P\u00e5l Bjelland i \u00d8st politidistrikt.<\/p>\n<p>Hentet med luftambulanse<\/p>\n<p>En mann i 50-\u00e5ra er fl\u00f8yet til Ullev\u00e5l sykehus for behandling.<\/p>\n<p>\u2013 Han var ved bevissthet, sier Bjelland.<\/p>\n<p>Mannens tilstand beskrives som alvorlig, men ikke kritisk if\u00f8lge politiet, og de blir n\u00f8dt til \u00e5 vente til tirsdag f\u00f8r de kan ta en prat med vedkommende.<\/p>\n<p>Mannen jobbet for en transport\u00f8r som leverte fyllmasse p\u00e5 stedet.<\/p>\n<p>Arbeidstilsynet er rutinemessig varslet etter hendelsen.<\/p>\n<p>Arbeidsulykken har skjedd p\u00e5 et anleggsomr\u00e5de ved Solli i Sarpsborg.<\/p>\n<p>Vil bli etterforsket<\/p>\n<p>Politiet har startet etterforskning p\u00e5 forholdet ut ifra den informasjonen de har om hendelsen. Men politioverbetjent Brage Husdal i \u00d8st politidistrikt understreker at de ikke har full oversikt.<\/p>\n<p>\u2013 Det vil bli interessant for oss \u00e5 h\u00f8re hva pasienten sier selv om det som skal ha skjedd.<\/p>\n<p>Politiet mener de har en viss formening om hva som skal ha skjedd, men sier de er n\u00f8dt til \u00e5 snakke med mannen f\u00f8r de kan konkludere med noe som helst.<\/p>\n<p>\u2013 Mannen er under behandling s\u00e5 vi kommer ikke til \u00e5 komme i kontakt med han i kveld, forklarer Husdal til NRK.<\/p>\n<p>Husdal sier at det kan v\u00e6re aktuelt \u00e5 snakke med andre vitner etter hvert.<\/p>\n<p>Publisert<\/p>\n<p>24.11.2025, kl. 12.05<\/p>\n<p>Oppdatert<\/p>\n<p>24.11.2025, kl. 17.57<\/p>\n","protected":false},"excerpt":{"rendered":"Klokken 10:37 ble politiet varslet om en arbeidsulykke ved Solli i Sarpsborg. Ulykken skjedde da en lastebil skulle&hellip;\n","protected":false},"author":2,"featured_media":95613,"comment_status":"","ping_status":"","sticky":false,"template":"","format":"standard","meta":{"footnotes":""},"categories":[10],"tags":[20,21,24,25,15,22,23,13,30,28,29,14,16,26,27],"class_list":{"0":"post-95612","1":"post","2":"type-post","3":"status-publish","4":"format-standard","5":"has-post-thumbnail","7":"category-norge","8":"tag-breaking-news","9":"tag-breakingnews","10":"tag-featured-news","11":"tag-featurednews","12":"tag-headlines","13":"tag-latest-news","14":"tag-latestnews","15":"tag-news","16":"tag-no","17":"tag-norge","18":"tag-norway","19":"tag-nyheter","20":"tag-overskrifter","21":"tag-top-stories","22":"tag-topstories"},"share_on_mastodon":{"url":"https:\/\/pubeurope.com\/@no\/115606129810605268","error":""},"_links":{"self":[{"href":"https:\/\/www.europesays.com\/no\/wp-json\/wp\/v2\/posts\/95612","targetHints":{"allow":["GET"]}}],"collection":[{"href":"https:\/\/www.europesays.com\/no\/wp-json\/wp\/v2\/posts"}],"about":[{"href":"https:\/\/www.europesays.com\/no\/wp-json\/wp\/v2\/types\/post"}],"author":[{"embeddable":true,"href":"https:\/\/www.europesays.com\/no\/wp-json\/wp\/v2\/users\/2"}],"replies":[{"embeddable":true,"href":"https:\/\/www.europesays.com\/no\/wp-json\/wp\/v2\/comments?post=95612"}],"version-history":[{"count":0,"href":"https:\/\/www.europesays.com\/no\/wp-json\/wp\/v2\/posts\/95612\/revisions"}],"wp:featuredmedia":[{"embeddable":true,"href":"https:\/\/www.europesays.com\/no\/wp-json\/wp\/v2\/media\/95613"}],"wp:attachment":[{"href":"https:\/\/www.europesays.com\/no\/wp-json\/wp\/v2\/media?parent=95612"}],"wp:term":[{"taxonomy":"category","embeddable":true,"href":"https:\/\/www.europesays.com\/no\/wp-json\/wp\/v2\/categories?post=95612"},{"taxonomy":"post_tag","embeddable":true,"href":"https:\/\/www.europesays.com\/no\/wp-json\/wp\/v2\/tags?post=95612"}],"curies":[{"name":"wp","href":"https:\/\/api.w.org\/{rel}","templated":true}]}}