{"id":95622,"date":"2025-11-24T18:50:39","date_gmt":"2025-11-24T18:50:39","guid":{"rendered":"https:\/\/www.europesays.com\/no\/95622\/"},"modified":"2025-11-24T18:50:39","modified_gmt":"2025-11-24T18:50:39","slug":"jernbane-topper-mistet-fribilletter-fikk-gullkantet-avtale","status":"publish","type":"post","link":"https:\/\/www.europesays.com\/no\/95622\/","title":{"rendered":"Jernbane-topper mistet fribilletter: Fikk gullkantet avtale"},"content":{"rendered":"\n<p class=\"_lead_o9xde_2 _lead_xtcu6_50 layout-component text-serif-m layout-normal text-serif-l layout-component layout-wide layout-padded _wide_17hqh_1 layout-padded\">En tidligere toppleder fikk utbetalt nesten 330.000 kroner i fribillett-kompensasjon etter \u00e5 ha blitt pensjonist tidligere i \u00e5r.<\/p>\n<p><img alt=\"EVIG TOGBILLETT: Ansatte i Jernbanedirektoratet mistet retten til fribillett med tog for \u00e5tte \u00e5r siden. Fortsatt utbetaler direktoratet store bel\u00f8p \u00e5rlig i kompensasjon. Noen f\u00e5r en betydelig utbetaling n\u00e5r de g\u00e5r av.  Foto: Gorm Kallestad \/ NTB\" class=\"_image_qp4xg_65 layout-component layout-wide\" data-fullscreen- data-track-element-type=\"Article image fullscreen\" data-track-name=\"ImageFullscreen\" fetchpriority=\"high\" decoding=\"sync\" loading=\"eager\" height=\"6171\" itemprop=\"image\"  src=\"https:\/\/www.europesays.com\/no\/wp-content\/uploads\/2025\/11\/f32490c3-7595-4611-9965-78c3a151fc14\"  style=\"object-position:0% 0%\" width=\"9167\"\/>EVIG TOGBILLETT: Ansatte i Jernbanedirektoratet mistet retten til fribillett med tog for \u00e5tte \u00e5r siden. Fortsatt utbetaler direktoratet store bel\u00f8p \u00e5rlig i kompensasjon. Noen f\u00e5r en betydelig utbetaling n\u00e5r de g\u00e5r av.  Foto: Gorm Kallestad \/ NTB<\/p>\n<ul aria-hidden=\"true\" class=\"_images_18f0k_111\">\n<li><a class=\"_link_18f0k_116\" href=\"https:\/\/www.vg.no\/forfatter\/alf-bjarne-johnsen\" style=\"z-index:1\" title=\"Alf Bjarne Johnsen\" rel=\"nofollow noopener\" target=\"_blank\"><img alt=\"Bilde av Alf Bjarne Johnsen\" class=\"_image_18f0k_93\" fetchpriority=\"low\" loading=\"lazy\" decoding=\"async\" itemprop=\"image\"  src=\"https:\/\/www.europesays.com\/no\/wp-content\/uploads\/2025\/11\/1764010239_287_a8952b63-f4d3-424e-ab5c-93e67076c9b0\"  width=\"480\"\/><\/a><\/li>\n<\/ul>\n<p> Oppdatert mandag 24. november kl. 16:16    <\/p>\n<ul class=\"_list_o9xde_3 _list_64s2r_85 _unordered_o9xde_106 text-sans-m\">\n<li class=\"_item_o9xde_30\">Ansatte i Jernbanedirektoratet fikk kompensasjon da de mistet retten til fribilletter i 2017. Noen av de som hadde jobbet lengst i etaten, hadde dessuten avtale om livsvarige fribilletter. <\/li>\n<li class=\"_item_o9xde_30\">En tidligere toppleder fikk utbetalt nesten 330 000 kroner ved pensjonering i \u00e5r.<\/li>\n<li class=\"_item_o9xde_30\">Senterpartiet krever opprydding og mener kompensasjonene er urettferdige.<\/li>\n<li class=\"_item_o9xde_30\">Totalt har direktoratet utbetalt 5,9 millioner kroner i engangserstatning til ansatte som mistet livslange fribilletter. <\/li>\n<\/ul>\n<p>Vis mer <\/p>\n<p class=\"_paragraph_o9xde_4 _paragraph_xtcu6_10 layout-component text-serif-m layout-normal text-serif-m layout-padded\">Ansatte i <a href=\"https:\/\/www.vg.no\/tag\/jernbanedirektoratet?utm_source=vg-article&amp;utm_medium=auto-tagger&amp;utm_campaign=5pJBK1\" class=\"_link_o9xde_39\" rel=\"nofollow noopener\" target=\"_blank\">Jernbanedirektoratet<\/a> fikk en gullkantet avtale da de mistet retten til livsvarig fribillett med tog.<\/p>\n<p class=\"_paragraph_o9xde_4 _paragraph_xtcu6_10 layout-component text-serif-m layout-normal text-serif-m layout-padded\">Ordningen kom i stand i 2017. Da ble Jernbaneverket omdannet til et direktorat. <\/p>\n<p class=\"_paragraph_o9xde_4 _paragraph_xtcu6_10 layout-component text-serif-m layout-normal text-serif-m layout-padded\"><strong class=\"_strong_o9xde_25\">I \u00e5rene etterp\u00e5 har det statlige direktoratet utbetalt millionbel\u00f8p som kompensasjon for tapet av fribilletter. Dette var en ordning som ogs\u00e5 ga n\u00e6re familiemedlemmer rett til gratis togreiser.<\/strong><\/p>\n<p class=\"_paragraph_o9xde_4 _paragraph_xtcu6_10 layout-component text-serif-m layout-normal text-serif-m layout-padded\">Begrunnelsen for \u00e5 frata de ansatte sine fribilletter, var \u00e5 fjerne eventuelle bindinger mellom de ansatte og togoperat\u00f8rene. <\/p>\n<p>Vil rydde <\/p>\n<p class=\"_paragraph_o9xde_4 _paragraph_xtcu6_10 layout-component text-serif-m layout-normal text-serif-m layout-padded\">N\u00e5 krever Senterpartiet opprydding. <\/p>\n<p class=\"_paragraph_o9xde_4 _paragraph_xtcu6_10 layout-component text-serif-m layout-normal text-serif-m layout-padded\">Opplysningen om direkt\u00f8ren som fikk n\u00e6r 330.000 kroner ekstra da vedkommende gikk av, kom til Stortinget som et svar p\u00e5 sp\u00f8rsm\u00e5l fra Geir Inge Lien (Sp), medlem av Stortingets transportkomit\u00e9. <\/p>\n<p class=\"_paragraph_o9xde_4 _paragraph_xtcu6_10 layout-component text-serif-m layout-normal text-serif-m layout-padded\">Han ba samferdselsminister Jon-Ivar Nyg\u00e5rd (Ap) om en <a href=\"https:\/\/www.stortinget.no\/no\/Saker-og-publikasjoner\/Sporsmal\/Skriftlige-sporsmal-og-svar\/Skriftlig-sporsmal\/?qnid=112236\" class=\"_link_o9xde_39\" rel=\"nofollow noopener\" target=\"_blank\">oversikt over antallet med direkt\u00f8r<\/a> i tittelen og hvilke betingelser de har.<\/p>\n<p class=\"_paragraph_o9xde_4 _paragraph_xtcu6_10 layout-component text-serif-m layout-normal text-serif-m layout-padded\">Svaret var at det er 155 ansatte i departementet og underliggende etater med direkt\u00f8rtittel.    <\/p>\n<p class=\"_paragraph_o9xde_4 _paragraph_xtcu6_10 layout-component text-serif-m layout-normal text-serif-m layout-padded\"><strong class=\"_strong_o9xde_25\">\u2013 Det er p\u00e5 h\u00f8y tid at noen begynner \u00e5 rydde i ordningene, sier Lien. <\/strong><\/p>\n<p><img alt=\"VIL FJERNE FORDELER: Geir Inge Lien, til h\u00f8yre, og Sp-leder Trygve Slagsvold Vedum etterg\u00e5r n\u00e5 direkt\u00f8rer i offentlig sektor og deres ekstra goder.   Foto: Tore Kristiansen \/ VG\" class=\"_image_qp4xg_65 layout-component layout-normal\" data-fullscreen- data-track-element-type=\"Article image fullscreen\" data-track-name=\"ImageFullscreen\" decoding=\"async\" loading=\"lazy\" height=\"2915\" itemprop=\"image\"  src=\"https:\/\/www.europesays.com\/no\/wp-content\/uploads\/2025\/11\/ab01c018-bd6b-4e8f-92ce-a4b7aa168e64\"  style=\"object-position:0% 0%\" width=\"5472\"\/>VIL FJERNE FORDELER: Geir Inge Lien, til h\u00f8yre, og Sp-leder Trygve Slagsvold Vedum etterg\u00e5r n\u00e5 direkt\u00f8rer i offentlig sektor og deres ekstra goder.   Foto: Tore Kristiansen \/ VGFikk kompensasjon<\/p>\n<p class=\"_paragraph_o9xde_4 _paragraph_xtcu6_10 layout-component text-serif-m layout-normal text-serif-m layout-padded\">Nyg\u00e5rd redegjorde ogs\u00e5 for hva som skjedde da fribillettene i gamle Jernbaneverket ble avviklet i 2017.<\/p>\n<p class=\"_paragraph_o9xde_4 _paragraph_xtcu6_10 layout-component text-serif-m layout-normal text-serif-m layout-padded\"><strong class=\"_strong_o9xde_25\">Da fikk de ansatte tilbud om en raus kompensasjon, viser svaret til Stortinget, og andre dokumenter og avtaler som VG har f\u00e5tt innsyn i.<\/strong><\/p>\n<p class=\"_paragraph_o9xde_4 _paragraph_xtcu6_10 layout-component text-serif-m layout-normal text-serif-m layout-padded\">De som var ansatt f\u00f8r 2017 f\u00e5r en kompensasjon hver m\u00e5ned utbetalt som l\u00f8nn. Bel\u00f8pet tilsvarer prisen p\u00e5 et m\u00e5nedskort med tog. P\u00e5 toppen av dette f\u00e5r de kompensert for beregnet skatt p\u00e5 fordelen, som er satt til 45 prosent.<\/p>\n<p class=\"_paragraph_o9xde_4 _paragraph_xtcu6_10 layout-component text-serif-m layout-normal text-serif-m layout-padded\">I 2017 var utbetalingen 11 000 kroner i \u00e5ret. P\u00e5 toppen av dette fikk mange kompensasjon for at ogs\u00e5 ektefelle og barn under 18 \u00e5r mistet retten til fribilletter. Bel\u00f8pene er n\u00e5 betydelig h\u00f8yere fordi de er \u00e5rlig justert for prisstigning. <\/p>\n<p class=\"_paragraph_o9xde_4 _paragraph_xtcu6_10 layout-component text-serif-m layout-normal text-serif-m layout-padded\">\u2013 I dag er det 50 ansatte i Jernbanedirektoratet som f\u00e5r denne kompensasjonen, skriver kommunikasjonssjef Ruth H\u00f8yland J\u00f8nsrud i en e-post til VG.<\/p>\n<p>Penger for tap av livsvarig frikort <\/p>\n<p class=\"_paragraph_o9xde_4 _paragraph_xtcu6_10 layout-component text-serif-m layout-normal text-serif-m layout-padded\">Men en liten gruppe ansatte med ansiennitet fra f\u00f8r 2004, hadde fram til 2017 rett til livsvarige fribilletter p\u00e5 togreiser. Da ble det avtalt at de skulle f\u00e5 kompensert for dette gjennom en engangssum idet de ble pensjonert.<\/p>\n<p class=\"_paragraph_o9xde_4 _paragraph_xtcu6_10 layout-component text-serif-m layout-normal text-serif-m layout-padded\">21 ansatte har s\u00e5 langt f\u00e5tt kompensasjon for denne gullbilletten, opplyser direktoratet. <\/p>\n<p class=\"_paragraph_o9xde_4 _paragraph_xtcu6_10 layout-component text-serif-m layout-normal text-serif-m layout-padded\">If\u00f8lge en oversikt til VG, fikk disse 21 samlet utbetalt 5,9 millioner kroner. Det er 280.000 kroner i gjennomsnitt, utbetalt den m\u00e5neden de pensjonerte seg.<\/p>\n<p class=\"_paragraph_o9xde_4 _paragraph_xtcu6_10 layout-component text-serif-m layout-normal text-serif-m layout-padded\">Kompensasjonen er beregnet ut fra prisen p\u00e5 m\u00e5nedskortet fram til forventet gjennomsnittlig levealder, pluss et 45 prosent p\u00e5slag for \u00e5 dekke den enkeltes skattekostnad. <\/p>\n<p class=\"_paragraph_o9xde_4 _paragraph_xtcu6_10 layout-component text-serif-m layout-normal text-serif-m layout-padded\"><strong class=\"_strong_o9xde_25\">En direkt\u00f8r som ble pensjonist tidligere i \u00e5r, mottok 329.827 kroner i engangsutbetaling som kompensasjon for den livsvarige fribilletten.<\/strong><\/p>\n<p class=\"_paragraph_o9xde_4 _paragraph_xtcu6_10 layout-component text-serif-m layout-normal text-serif-m layout-padded\">Blant Jernbanedirektoratets n\u00e5v\u00e6rende 187 ansatte, er det fortsatt \u00e5tte personer som kan vente seg en tilsvarende utbetaling n\u00e5r de g\u00e5r av, f\u00e5r VG opplyst. <\/p>\n<p>\u2013 Ikke greit <\/p>\n<p class=\"_paragraph_o9xde_4 _paragraph_xtcu6_10 layout-component text-serif-m layout-normal text-serif-m layout-padded\">\u2013 Dette er ikke greit. Her m\u00e5 det ryddes opp, sier Geir Inge Lien til VG. <\/p>\n<p class=\"_paragraph_o9xde_4 _paragraph_xtcu6_10 layout-component text-serif-m layout-normal text-serif-m layout-padded\">Sp har i h\u00f8st g\u00e5tt til krig mot direkt\u00f8r-sjiktet i offentlig sektor. Partiet har fremmet et forslag i Stortinget om<a href=\"https:\/\/www.stortinget.no\/no\/Saker-og-publikasjoner\/Publikasjoner\/Representantforslag\/2025-2026\/dok8-202526-014s\/?all=true\" class=\"_link_o9xde_39\" rel=\"nofollow noopener\" target=\"_blank\"> \u00abavdirekt\u00f8rifisering\u00bb<\/a>.<\/p>\n<p class=\"_paragraph_o9xde_4 _paragraph_xtcu6_10 layout-component text-serif-m layout-normal text-serif-m layout-padded\"><strong class=\"_strong_o9xde_25\">\u2013 Men er det ikke rimelig at de ansatte f\u00e5r kompensasjon n\u00e5r de mister en \u00f8konomisk fordel i sitt ansettelsesforhold?<\/strong><\/p>\n<p class=\"_paragraph_o9xde_4 _paragraph_xtcu6_10 layout-component text-serif-m layout-normal text-serif-m layout-padded\">\u2013 Mange av disse har h\u00f8ye l\u00f8nninger, og s\u00e5 skal de f\u00e5 kompensasjon p\u00e5 toppen av dette. Det er ikke greit. Vi m\u00e5 se hvordan vi bruker de samlede ressursene i offentlig sektor, slik at vi kan avbyr\u00e5kratisere og sette pengene inn der de kan yte tjenester til vanlige folk, sier Lien. <\/p>\n<p>Mistet et personalgode <\/p>\n<p class=\"_paragraph_o9xde_4 _paragraph_xtcu6_10 layout-component text-serif-m layout-normal text-serif-m layout-padded\">Fredag ettermiddag kunne ikke Jernbanedirektoratet svare p\u00e5 uttalelsene fra Lien \u2013 ut over at dette er personalgoder for de som ble ansatt f\u00f8r 2017 og f\u00f8r 2004.<\/p>\n<p class=\"_paragraph_o9xde_4 _paragraph_xtcu6_10 layout-component text-serif-m layout-normal text-serif-m layout-padded\">I brevet til Stortinget begrunner samferdselsministeren ordningene slik:<\/p>\n<p class=\"_paragraph_o9xde_4 _paragraph_xtcu6_10 layout-component text-serif-m layout-normal text-serif-m layout-padded\">\u00abVed overgang fra Jernbaneverket til Jernbanedirektoratet 1. januar 2017 mistet ansatte personalbilletten de hadde i Jernbaneverket. Det ble utarbeidet en m\u00e5nedlig kompensasjon for \u00e5 kompensere for dette tapet. (&#8230;) Ansatte som var ansatt f\u00f8r 2004, har i tillegg en tilleggskompensasjon som utbetales ved pensjonering (engangsutbetaling) siden disse ansatte mistet den livslange fribilletten.\u00bb<\/p>\n","protected":false},"excerpt":{"rendered":"En tidligere toppleder fikk utbetalt nesten 330.000 kroner i fribillett-kompensasjon etter \u00e5 ha blitt pensjonist tidligere i \u00e5r.&hellip;\n","protected":false},"author":2,"featured_media":95623,"comment_status":"","ping_status":"","sticky":false,"template":"","format":"standard","meta":{"footnotes":""},"categories":[5],"tags":[20,21,24,25,1927,15,19,8059,6677,22,23,17,18,13,30,28,281,29,14,16,12373,26,27,205],"class_list":{"0":"post-95622","1":"post","2":"type-post","3":"status-publish","4":"format-standard","5":"has-post-thumbnail","7":"category-overskrifter","8":"tag-breaking-news","9":"tag-breakingnews","10":"tag-featured-news","11":"tag-featurednews","12":"tag-geir-inge-lien","13":"tag-headlines","14":"tag-hovedoppslag","15":"tag-jernbanedirektoratet","16":"tag-jon-ivar-nygard","17":"tag-latest-news","18":"tag-latestnews","19":"tag-main-news","20":"tag-mainnews","21":"tag-news","22":"tag-no","23":"tag-norge","24":"tag-norsk-politikk","25":"tag-norway","26":"tag-nyheter","27":"tag-overskrifter","28":"tag-togbilletter","29":"tag-top-stories","30":"tag-topstories","31":"tag-vgsamfunn"},"share_on_mastodon":{"url":"https:\/\/pubeurope.com\/@no\/115606180965053540","error":""},"_links":{"self":[{"href":"https:\/\/www.europesays.com\/no\/wp-json\/wp\/v2\/posts\/95622","targetHints":{"allow":["GET"]}}],"collection":[{"href":"https:\/\/www.europesays.com\/no\/wp-json\/wp\/v2\/posts"}],"about":[{"href":"https:\/\/www.europesays.com\/no\/wp-json\/wp\/v2\/types\/post"}],"author":[{"embeddable":true,"href":"https:\/\/www.europesays.com\/no\/wp-json\/wp\/v2\/users\/2"}],"replies":[{"embeddable":true,"href":"https:\/\/www.europesays.com\/no\/wp-json\/wp\/v2\/comments?post=95622"}],"version-history":[{"count":0,"href":"https:\/\/www.europesays.com\/no\/wp-json\/wp\/v2\/posts\/95622\/revisions"}],"wp:featuredmedia":[{"embeddable":true,"href":"https:\/\/www.europesays.com\/no\/wp-json\/wp\/v2\/media\/95623"}],"wp:attachment":[{"href":"https:\/\/www.europesays.com\/no\/wp-json\/wp\/v2\/media?parent=95622"}],"wp:term":[{"taxonomy":"category","embeddable":true,"href":"https:\/\/www.europesays.com\/no\/wp-json\/wp\/v2\/categories?post=95622"},{"taxonomy":"post_tag","embeddable":true,"href":"https:\/\/www.europesays.com\/no\/wp-json\/wp\/v2\/tags?post=95622"}],"curies":[{"name":"wp","href":"https:\/\/api.w.org\/{rel}","templated":true}]}}