{"id":95624,"date":"2025-11-24T18:51:16","date_gmt":"2025-11-24T18:51:16","guid":{"rendered":"https:\/\/www.europesays.com\/no\/95624\/"},"modified":"2025-11-24T18:51:16","modified_gmt":"2025-11-24T18:51:16","slug":"handball-vm-2025-kvinner-program-og-sendeskjema-2","status":"publish","type":"post","link":"https:\/\/www.europesays.com\/no\/95624\/","title":{"rendered":"H\u00e5ndball-VM 2025 kvinner: Program og sendeskjema"},"content":{"rendered":"<p class=\"extendedContent hyperion-css-eyn926\" data-test-tag=\"lead-text\">H\u00e5ndballjentenes VM n\u00e6rmer seg med stormskritt. Norge er favoritt i Tyskland og Nederland.<\/p>\n<p><img decoding=\"async\" class=\"image-asset hyperion-css-u06ts1\" data-test-tag=\"image-asset\" src=\"https:\/\/www.europesays.com\/no\/wp-content\/uploads\/2025\/11\/1764010275_211_99be0299-3ebf-4084-85e6-bd78d624bbda\"  alt=\"\"  loading=\"eager\" fetchpriority=\"high\" style=\"aspect-ratio:2048 \/ 1302\"\/> Foto: Paul S. Amundsen \/ NTB<\/p>\n<ul data-test-tag=\"byline:authors\" data-testid=\"byline:authors\" class=\"hyperion-css-1772xtw\">\n<li class=\"hyperion-css-b8p8ys\"><img decoding=\"async\" class=\"image-asset hyperion-css-u06ts1\" data-test-tag=\"image-asset\" src=\"https:\/\/www.europesays.com\/no\/wp-content\/uploads\/2025\/11\/1764010276_432_9167fa6a-7320-4d6f-b3c9-6c4ecb8beb8c\"  alt=\"Jostein Overvik, VG\"  fetchpriority=\"auto\" style=\"aspect-ratio:2048 \/ 2048\"\/>\n<p>Jostein Overvik, VG<\/p>\n<\/li>\n<\/ul>\n<p>Publisert: 24.11.2025 15:14<\/p>\n<p class=\"paywall hyperion-css-1j42uic\">Mesterskapet arrangeres i fem forskjellige byer i de to arrang\u00f8rlandene. Norge skal til spillegruppespill i tyske Trier og fortsetter etter alt \u00e5 d\u00f8mme mesterskapet i Dortmund. Avslutningen foreg\u00e5r med semifinale og finale i Rotterdam.<\/p>\n<p class=\"paywall hyperion-css-1j42uic\">For f\u00f8rste gang siden 1993 spiller Norge VM uten Thorir HergeirssonThorir HergeirssonLandslagssjef 2009-2024. Trener under Marit Breivik 2001-2009. eller Marit BreivikMarit BreivikLandslagssjef 1994-2009 som landslagssjef. Ole Gustav Gjekstad har hatt jobben siden nytt\u00e5r.<\/p>\n<p class=\"hyperion-css-1jdfwvl\">Tror du Norge vinner-h\u00e5ndball-VM?<\/p>\n<p>N\u00e5r og hvor spilles VM?<\/p>\n<p class=\"paywall hyperion-css-1j42uic\">VM starter 26. november. Finalen spilles 14. desember.<\/p>\n<p class=\"paywall hyperion-css-1j42uic\">32 lag fordelt p\u00e5 \u00e5tte grupper spiller gruppespill Rotterdam, Hertogenbosch, Stuttgart og Trier.<\/p>\n<p class=\"paywall hyperion-css-1j42uic\">Tre av fire lag fra gruppespillet g\u00e5r videre til hovedrunden i Rotterdam, Hertogenbosch og Dortmund.<\/p>\n<p class=\"paywall hyperion-css-1j42uic\">De to beste fra hver av de fire hovedrundene g\u00e5r videre til kvartfinalene i Rotterdam og Dortmund.<\/p>\n<p>Norges kamper i gruppespillet<\/p>\n<p class=\"paywall hyperion-css-1j42uic\">27. november kl. 20.30: Norge \u2013 S\u00f8r-Korea.<\/p>\n<p class=\"paywall hyperion-css-1j42uic\">29. november kl. 20.30: Kasakhstan \u2013 Norge<\/p>\n<p class=\"paywall hyperion-css-1j42uic\">1. desember kl. 20.30: Norge \u2013 Angola<\/p>\n<p class=\"paywall hyperion-css-1j42uic\"><a aria-label=\"Hele kampprogrammet finner du her.\" class=\"default hyperion-css-1raymq9\" href=\"https:\/\/en.wikipedia.org\/wiki\/2025_World_Women&#039;s_Handball_Championship\" target=\"_blank\" rel=\"noopener nofollow noreferrer\" data-test-tag=\"external-link\">Hele kampprogrammet finner du her.<\/a><\/p>\n<p>Viaplay \/ TV 3 sender VM<\/p>\n<p class=\"paywall hyperion-css-1j42uic\">Du kan se alle Norges kamper i VM-kamper p\u00e5 TV 3. De str\u00f8mmes ogs\u00e5 p\u00e5 Viaplay.<\/p>\n<p class=\"paywall hyperion-css-1j42uic\">Enkelte kamper blir ogs\u00e5 vist p\u00e5 V sport-kanalene. Du kan se alle 144 VM-kamper p\u00e5 Viaplay.<\/p>\n<p class=\"paywall hyperion-css-1j42uic\">Norges kamper kommenteres av Daniel H\u00f8glund og Gunnar Pettersen.<\/p>\n<p class=\"paywall hyperion-css-1j42uic\">Studioeksperter blir Stine Oftedal Dahmke og Ole Erevik. Viaplay kommer til \u00e5 ha flere eksperter underveis i mesterskapet.<\/p>\n<p><img decoding=\"async\" class=\"image-asset hyperion-css-u06ts1\" data-test-tag=\"image-asset\" src=\"https:\/\/www.europesays.com\/no\/wp-content\/uploads\/2025\/11\/1764010276_570_55c49d7d-b7c4-411c-90a8-9af8c1b36f9d\"  alt=\"\"  loading=\"eager\" fetchpriority=\"high\" style=\"aspect-ratio:2048 \/ 1365\"\/> Foto: Beate Oma Dahle \/ NTBN\u00e5r spilles VM-finalen?<\/p>\n<p class=\"paywall hyperion-css-1j42uic\">VM-finalen spilles i arenaen Ahoy i Rotterdam kl. 17.30 s\u00f8ndag 14. desember.<\/p>\n<p>Hva er Norges VM-sjanser?<\/p>\n<p class=\"paywall hyperion-css-1j42uic\">H\u00e5ndballjentene regnes som favoritt til VM-gullet sammen med Frankrike. Danmark, Ungarn og Nederland er de fremste utfordrerne.<\/p>\n<p class=\"paywall hyperion-css-1j42uic\">I 2023 tapte Norge VM-finalen for nettopp Frankrike, mens de norske kvinnene vant sitt siste VM-gull i 2021. Ogs\u00e5 den gang mot Frankrike i finalen.<\/p>\n<p class=\"paywall hyperion-css-1j42uic\">Norges g\u00e5r til VM med \u00e5tte strake seire i banken, men har ikke m\u00f8tte mange toppnasjoner f\u00f8r mesterskapet. Men Ungarn, som tok EM-bronse i fjor, ble nylig sl\u00e5tt med seks m\u00e5l.<\/p>\n<p class=\"paywall hyperion-css-1j42uic\">Fra fjor\u00e5rets EM-gull mangler Camilla Herrem, Kari Brattset Dale, Silje Solberg-\u00d8sthassel, Sanna Solberg-Isaksen og Marit R\u00f8sberg Jacobsen.<\/p>\n<p class=\"paywall hyperion-css-1j42uic\">Katrine Lunde spiller sitt 25. og siste mesterskap.<\/p>\n<p>Her er Norges EM-tropp<\/p>\n<p class=\"paywall hyperion-css-1j42uic\"><strong>M\u00e5lvakter:<\/strong> Katrine Lunde (R\u00f8de Stjerne), June Cecilie Krogh (Storhamar), Eli Marie Raasok (Storhamar).<\/p>\n<p class=\"paywall hyperion-css-1j42uic\"><strong>Bakspillere: <\/strong>Veronica Kristiansen (Gy\u00f6r), Stine Ruscetta Skogrand (Ikast), Live Rushfeldt Deila (Team Esbjerg), Nora M\u00f8rk (Team Esbjerg), Kristine Breist\u00f8l (Gy\u00f6r), Ingvild Kristiansen Bakkerud (Odense), Henny Ella Reistad (Team Esbjerg), Anniken Obaidli (Storhamar), Thale Rushfeldt Deila (Odense).<\/p>\n<p class=\"paywall hyperion-css-1j42uic\"><strong>Kantspillere:<\/strong> Malin Aune (Storhamar), Emilie Margrethe Hovden (Gy\u00f6r), Anniken Wollik (SCM Ramnicu), <\/p>\n<p class=\"paywall hyperion-css-1j42uic\"><strong>Strekspillere: <\/strong>Maren Aardahl (Odense), Vilde Mortensen Ingstad (FTC Hungaria), Selma Henriksen (Sola).<\/p>\n","protected":false},"excerpt":{"rendered":"H\u00e5ndballjentenes VM n\u00e6rmer seg med stormskritt. Norge er favoritt i Tyskland og Nederland. Foto: Paul S. Amundsen \/&hellip;\n","protected":false},"author":2,"featured_media":95625,"comment_status":"","ping_status":"","sticky":false,"template":"","format":"standard","meta":{"footnotes":""},"categories":[59],"tags":[30,28,29,83,82],"class_list":{"0":"post-95624","1":"post","2":"type-post","3":"status-publish","4":"format-standard","5":"has-post-thumbnail","7":"category-sport","8":"tag-no","9":"tag-norge","10":"tag-norway","11":"tag-sport","12":"tag-sports"},"share_on_mastodon":{"url":"https:\/\/pubeurope.com\/@no\/115606184913296730","error":""},"_links":{"self":[{"href":"https:\/\/www.europesays.com\/no\/wp-json\/wp\/v2\/posts\/95624","targetHints":{"allow":["GET"]}}],"collection":[{"href":"https:\/\/www.europesays.com\/no\/wp-json\/wp\/v2\/posts"}],"about":[{"href":"https:\/\/www.europesays.com\/no\/wp-json\/wp\/v2\/types\/post"}],"author":[{"embeddable":true,"href":"https:\/\/www.europesays.com\/no\/wp-json\/wp\/v2\/users\/2"}],"replies":[{"embeddable":true,"href":"https:\/\/www.europesays.com\/no\/wp-json\/wp\/v2\/comments?post=95624"}],"version-history":[{"count":0,"href":"https:\/\/www.europesays.com\/no\/wp-json\/wp\/v2\/posts\/95624\/revisions"}],"wp:featuredmedia":[{"embeddable":true,"href":"https:\/\/www.europesays.com\/no\/wp-json\/wp\/v2\/media\/95625"}],"wp:attachment":[{"href":"https:\/\/www.europesays.com\/no\/wp-json\/wp\/v2\/media?parent=95624"}],"wp:term":[{"taxonomy":"category","embeddable":true,"href":"https:\/\/www.europesays.com\/no\/wp-json\/wp\/v2\/categories?post=95624"},{"taxonomy":"post_tag","embeddable":true,"href":"https:\/\/www.europesays.com\/no\/wp-json\/wp\/v2\/tags?post=95624"}],"curies":[{"name":"wp","href":"https:\/\/api.w.org\/{rel}","templated":true}]}}