{"id":95710,"date":"2025-11-24T20:32:16","date_gmt":"2025-11-24T20:32:16","guid":{"rendered":"https:\/\/www.europesays.com\/no\/95710\/"},"modified":"2025-11-24T20:32:16","modified_gmt":"2025-11-24T20:32:16","slug":"forbruker-handel-black-week-skeptisk-til-de-sakalte-tilbudene","status":"publish","type":"post","link":"https:\/\/www.europesays.com\/no\/95710\/","title":{"rendered":"Forbruker, Handel | Black Week: \u2013 Skeptisk til de s\u00e5kalte tilbudene"},"content":{"rendered":"\n<p>Den store handleuken Black Week er i gang \u2014 ogs\u00e5 i Hamar.<\/p>\n<p>Varebilen til Marte Hansen er fylt med IKEA-m\u00f8bler og varer fra andre butikker.<\/p>\n<p>Hun har nettopp handlet et nytt TV-feste p\u00e5 Elkj\u00f8p Hamar.<\/p>\n<p>\u2013 Slitsom handleuke, p\u00e5 godt og vondt, men det finnes ogs\u00e5 noen bra tilbud som gj\u00f8r det verdt \u00e5 handle.<\/p>\n<p>\u2013 Butikkene skrur opp prisene f\u00f8r de skrur de ned igjen. Jeg stoler ikke p\u00e5 tilbudene, men er ganske flink til \u00e5 f\u00f8lge med p\u00e5 nett. P\u00e5 sider som Prisjakt og lignende. Og da unng\u00e5r man noen feller, sier Hansen.<\/p>\n<p>\u2013 Falske premisser<\/p>\n<p>Det er mange som er enige med henne.<\/p>\n<p>NHH-professor Tor W. Andreassen sier konseptet har utspilt sin rolle. Utsagnet f\u00e5r geh\u00f8r hos mange forbrukere.<\/p>\n<p>Det begynte med \u00abBlack Friday\u00bb, s\u00e5 kom \u00abCyber Monday\u00bb, deretter \u00abBlack Week\u00bb, og enkelte snakker om \u00abBlack Month\u00bb.<\/p>\n<p>En ny unders\u00f8kelse viser stor skepsis, og flere velger \u00e5 boikotte hele tilbudsuken.<\/p>\n<p>\u2013 Rabattene settes p\u00e5 falske premisser.<\/p>\n<p>Han hevder at Black Week har mistet sin tidligere effekt fordi tilbudene har blitt for mange og utvannet gjennom \u00e5ret.<\/p>\n<p>\u2013 Black Week har utspilt sin rolle. Det har blitt helt inflatert, sier Andreassen til E24.<\/p>\n<p>   <img decoding=\"async\" width=\"1200\" height=\"675\" fetchpriority=\"low\"  loading=\"lazy\"  src=\"https:\/\/www.europesays.com\/no\/wp-content\/uploads\/2025\/11\/a52ddd4d-a7da-4713-97fd-020ac2166698.jpg\" alt=\"\" class=\"brick-c-cFOWSL\" style=\"--brick-image-ratio: 1200 \/ 675;\"\/><\/p>\n<p>      Professor Tor W. Andreassen mener at folket har mistet tilliten til Black Week-prisene.<br \/>\n      Foto: Gorm Kallestad \/ NTB scanpix\n    <\/p>\n<p>Professoren peker p\u00e5 at butikker ofte \u00f8ker prisene f\u00f8r salget, slik at rabattene fremst\u00e5r st\u00f8rre enn de er. Han mener dette skaper \u00abfalske premisser\u00bb.<\/p>\n<p>Han tror ikke \u00e5rets salg vil gi butikkene stor omsetningsvekst, fordi forbrukerne er mer bevisste.<\/p>\n<p>N\u00e5r er egentlig normale priser i Norge? Ogs\u00e5 i juletiden ligger mange varer p\u00e5 salg.<\/p>\n<p>Dette handler vi<\/p>\n<p>Inne p\u00e5 Elkj\u00f8p er varehussjef Fazli Maxharrj str\u00e5lende forn\u00f8yd.<\/p>\n<p>\u2013 Starten p\u00e5 Black Week har v\u00e6rt helt ekstrem. Veldig, veldig bra. G\u00f8y at det er s\u00e5 mye interesse, og det setter vi som driver med handel veldig pris p\u00e5.<\/p>\n<p>Elkj\u00f8p er blant akt\u00f8rene som fronter handlem\u00e5neden mest aggressivt i kampanjer og reklame.<\/p>\n<p>\u2013 Vi kj\u00f8rer hardt, og det er moro \u00e5 g\u00e5 i front der, sier han og smiler.<\/p>\n<p>   <img decoding=\"async\" width=\"6048\" height=\"4032\" fetchpriority=\"low\"  loading=\"lazy\"  src=\"https:\/\/www.europesays.com\/no\/wp-content\/uploads\/2025\/11\/blackweeke-3.jpg\" alt=\"\" class=\"brick-c-cFOWSL\" style=\"--brick-image-ratio: 6048 \/ 4032;\"\/><\/p>\n<p>      Varehussjef Fazli Maxharrj hos Elkj\u00f8p Hamar sier det har v\u00e6rt en stor p\u00e5gang, og det er s\u00e6rlig nye TVer folket vil ha.<br \/>\n      Foto: Jo E. Brenden\n    <\/p>\n<p>\u2013 Hvordan er omsetningen?<\/p>\n<p>\u2013 Vi ser i Hamar og i hele Norge at det blir en bra vekst i forhold til fjor\u00e5ret.<\/p>\n<p>\u2013 Hva har folk lokalt sl\u00e5tt til p\u00e5?<\/p>\n<p>\u2013 Ny TV er blitt veldig popul\u00e6rt \u2014 kanskje fordi Norge skal til VM og folk vil v\u00e6re tidlig ute. Robotst\u00f8vsugere selger ogs\u00e5 godt.<\/p>\n<p>   <img decoding=\"async\" width=\"2000\" height=\"1100\" fetchpriority=\"low\"  loading=\"lazy\"  src=\"https:\/\/www.europesays.com\/no\/wp-content\/uploads\/2025\/11\/blackweek.jpg\" alt=\"\" class=\"brick-c-cFOWSL\" style=\"--brick-image-ratio: 2000 \/ 1100;\"\/><\/p>\n<p>      DOMINERER: Black Friday og Black Week er n\u00e5 synlig over alt.<br \/>\n      Foto: Prisjakt\n    <\/p>\n<p>\u2013 Men er det juksetilbud i butikkene, som mange hevder?<\/p>\n<p>\u2013 Nei, hos oss er det veldig gode tilbud akkura n\u00e5t. Og det mener jeg med h\u00e5nden p\u00e5 hjertet.<\/p>\n<p>\u2013 Vi ser prisen p\u00e5 varer opp mot normalpris, og de kj\u00f8rer vi ut til kundene ganske mye billigere. Jeg anbefaler folk \u00e5 kj\u00f8pe, for de er n\u00e5 man virkelig kan spare penger.<\/p>\n<p>            Slik s\u00f8rger du for ikke \u00e5 bli lurt under Black Week<\/p>\n<ul>\n<li>Sjekk pris\u00adhistorikken. Bruk tjenester som Prisjakt og Prisguiden for \u00e5 se om varen faktisk er billigere n\u00e5 enn for \u00e9n\u2013tre m\u00e5neder siden. Falske f\u00f8rpriser avsl\u00f8res raskt.<\/li>\n<li>Sammenlign flere butikker. Ikke stol p\u00e5 \u00e9n akt\u00f8r. Sjekk minst tre konkurrenter f\u00f8r du konkluderer. Store prisforskjeller betyr ofte at tilbudet ikke er reelt.<\/li>\n<li>Se etter reelle prosentkutt \u2013 ikke \u201copptil\u201d. Kampanjer som lover \u00abopptil 70 %\u00bb betyr sjelden at de fleste varene er s\u00e5 billige. Se p\u00e5 varen du faktisk skal kj\u00f8pe og sammenlign dens pris mot tidligere niv\u00e5er.<\/li>\n<li>Unng\u00e5 impulskj\u00f8p. Lag en konkret handleliste p\u00e5 forh\u00e5nd. Hvis varen ikke st\u00e5r p\u00e5 lista \u2013 hopp over. De beste kj\u00f8pene er planlagte, ikke trigget av bannere og tidsfrister.<\/li>\n<li>Sjekk om varen er utsolgt \u2013 og les det med liten skrift. Noen kjeder lokker med knalltilbud p\u00e5 modeller de nesten ikke har p\u00e5 lager. Sjekk tilgjengelighet og leveringsvilk\u00e5r f\u00f8r du trykker \u00abkj\u00f8p\u00bb.<\/li>\n<\/ul>\n","protected":false},"excerpt":{"rendered":"Den store handleuken Black Week er i gang \u2014 ogs\u00e5 i Hamar. Varebilen til Marte Hansen er fylt&hellip;\n","protected":false},"author":2,"featured_media":95711,"comment_status":"","ping_status":"","sticky":false,"template":"","format":"standard","meta":{"footnotes":""},"categories":[10],"tags":[36,20,21,24,25,823,1552,3523,15,22,23,13,30,28,29,14,16,216,1510,26,27],"class_list":{"0":"post-95710","1":"post","2":"type-post","3":"status-publish","4":"format-standard","5":"has-post-thumbnail","7":"category-norge","8":"tag-art","9":"tag-breaking-news","10":"tag-breakingnews","11":"tag-featured-news","12":"tag-featurednews","13":"tag-forbruker","14":"tag-hamar","15":"tag-handel","16":"tag-headlines","17":"tag-latest-news","18":"tag-latestnews","19":"tag-news","20":"tag-no","21":"tag-norge","22":"tag-norway","23":"tag-nyheter","24":"tag-overskrifter","25":"tag-okonomi-og-naeringsliv","26":"tag-story","27":"tag-top-stories","28":"tag-topstories"},"share_on_mastodon":{"url":"https:\/\/pubeurope.com\/@no\/115606581985455705","error":""},"_links":{"self":[{"href":"https:\/\/www.europesays.com\/no\/wp-json\/wp\/v2\/posts\/95710","targetHints":{"allow":["GET"]}}],"collection":[{"href":"https:\/\/www.europesays.com\/no\/wp-json\/wp\/v2\/posts"}],"about":[{"href":"https:\/\/www.europesays.com\/no\/wp-json\/wp\/v2\/types\/post"}],"author":[{"embeddable":true,"href":"https:\/\/www.europesays.com\/no\/wp-json\/wp\/v2\/users\/2"}],"replies":[{"embeddable":true,"href":"https:\/\/www.europesays.com\/no\/wp-json\/wp\/v2\/comments?post=95710"}],"version-history":[{"count":0,"href":"https:\/\/www.europesays.com\/no\/wp-json\/wp\/v2\/posts\/95710\/revisions"}],"wp:featuredmedia":[{"embeddable":true,"href":"https:\/\/www.europesays.com\/no\/wp-json\/wp\/v2\/media\/95711"}],"wp:attachment":[{"href":"https:\/\/www.europesays.com\/no\/wp-json\/wp\/v2\/media?parent=95710"}],"wp:term":[{"taxonomy":"category","embeddable":true,"href":"https:\/\/www.europesays.com\/no\/wp-json\/wp\/v2\/categories?post=95710"},{"taxonomy":"post_tag","embeddable":true,"href":"https:\/\/www.europesays.com\/no\/wp-json\/wp\/v2\/tags?post=95710"}],"curies":[{"name":"wp","href":"https:\/\/api.w.org\/{rel}","templated":true}]}}