{"id":95714,"date":"2025-11-24T20:39:05","date_gmt":"2025-11-24T20:39:05","guid":{"rendered":"https:\/\/www.europesays.com\/no\/95714\/"},"modified":"2025-11-24T20:39:05","modified_gmt":"2025-11-24T20:39:05","slug":"saksoker-egen-arbeidsgiver-krever-overtid-for-ekstravakter-nrk-norge-oversikt-over-nyheter-fra-ulike-deler-av-landet","status":"publish","type":"post","link":"https:\/\/www.europesays.com\/no\/95714\/","title":{"rendered":"Saks\u00f8ker egen arbeidsgiver \u2013 krever overtid for ekstravakter \u2013 NRK Norge \u2013 Oversikt over nyheter fra ulike deler av landet"},"content":{"rendered":"<p><strong>\u2013 Jeg \u00f8nsker at vi kan f\u00e5 flere fulltidsstillinger. Og at vi kan slippe \u00e5 v\u00e6re tilgjengelig n\u00e5r arbeidsgiver \u00f8nsker. F\u00e5 litt mer frihet og bedre \u00f8konomi, sier Lisa-Kristine Skatvedt-Hansen til NRK.<\/strong><\/p>\n<p><img decoding=\"async\"   src=\"data:image\/gif;base64,R0lGODlhAQABAIAAAAAAAP\/\/\/yH5BAEAAAAALAAAAAABAAEAAAIBRAA7\" loading=\"eager\" alt=\"To kvinner st\u00e5r sammen i en moderne innend\u00f8rs setting. Den ene kvinnen peker p\u00e5 et papir som den andre holder. Omgivelsene best\u00e5r av lys og \u00e5pne rom med tre- og glassdetaljer. Begge kvinner er kledd i m\u00f8rke og lyse kl\u00e6r.\" title=\"Foto: William Jobling \/ NRK\"\/><\/p>\n<p>Foto: William Jobling \/ NRK<\/p>\n<p>Hun har nettopp truffet forbundsadvokat Tina Storsletten Nordstr\u00f8m p\u00e5 kontoret til Fagforbundet i Hamar r\u00e5dhus. S\u00f8ksm\u00e5let som de forbereder, er forel\u00f8pig siste utvikling i en sak som kan endre norsk arbeidsliv ganske fundamentalt.<\/p>\n<p>Med utgangspunkt i to avgj\u00f8relser fra EU-domstolen mener LO og Fagforbundet at deltidsansatte ikke lenger m\u00e5 jobbe like mye som heltidsansatte f\u00f8r de f\u00e5r overtidsbetalt.<\/p>\n<p>Kravet til helsefagarbeideren p\u00e5 Hamar strekker seg tre \u00e5r tilbake i tid og omfatter flere enn 1000 arbeidstimer og mer enn 350.000 kroner.<\/p>\n<p><strong>\u2013 Alle deltidsansatte som jobber utover sin stillingsprosent og ikke mottar overtidsbetaling, vil potensielt kunne ha et krav mot sin arbeidsgiver, sier Fagforbundets advokat Tina Storsletten Nordstr\u00f8m til NRK.<\/strong><\/p>\n<p>Her st\u00e5r striden<\/p>\n<ul>\n<li>Fagforbundet og LO viser til to avgj\u00f8relser i EU-domstolen og sl\u00e5r fast at det er ulovlig diskriminering at deltidsansatte ikke har samme rett til overtidsbetalt fra f\u00f8rste time som heltidsansatte.<\/li>\n<li>Organisasjonene mener EU-dommene etablerer at dette over tid har v\u00e6rt gjeldende rett i Norge. Derfor mener LO at deltidsansatte har rett til \u00e5 kreve etterbetalt for merarbeid utover egen stillingsbr\u00f8k.<\/li>\n<li>Arbeidsgivere i privat og offentlig sektor protesterer mot dette. De mener m\u00e5let om en heltidskultur er en aktverdig grunn til \u00e5 forskjellsbehandle deltidsansatte og heltidsansatte n\u00e5r det gjelder overtid.<\/li>\n<\/ul>\n<p>I oktober gikk NHO, KS, Virke og Spekter ut med<a href=\"https:\/\/e24.no\/norsk-oekonomi\/i\/ny5d0o\/vil-fagforbundet-svekke-ansattes-motivasjon-til-aa-jobbe-heltid\" ec-id=\"https:\/\/e24.no\/norsk-oekonomi\/i\/ny5d0o\/vil-fagforbundet-svekke-ansattes-motivasjon-til-aa-jobbe-heltid\" ec-name=\"fire argumenter for sitt syn:\" rel=\"nofollow noopener\" target=\"_blank\"> fire argumenter for sitt syn:<\/a><\/p>\n<ol>\n<li>Overtidsbetaling til deltidsansatte fra f\u00f8rste time vil gj\u00f8re det mer l\u00f8nnsomt \u00e5 jobbe deltid enn heltid.<\/li>\n<li>Ansatte vil f\u00e5 ulik l\u00f8nn for samme arbeidsmengde: En student som jobber deltid vil kunne tjene mer enn en heltidsansatt som er p\u00e5 jobb fra 8 til 16. Sagt p\u00e5 en annen m\u00e5te: En heltidsansatt som jobber full arbeidsuke vil f\u00e5 mindre betalt for uka enn en deltidsansatt som jobber like lenge.<\/li>\n<li>Fordi det blir for dyrt med overtid, vil ekstravakter som deltidsansatte i dag har fortrinnsrett p\u00e5, heller kunne g\u00e5 til tilkallingsvikarer eller innleide.<\/li>\n<li>Betydelige samfunns\u00f8konomiske konsekvenser. Det vil p\u00e5f\u00f8re b\u00e5de offentlig- og privat sektor milliarder i \u00f8kte kostnader. \u202f\u202f<\/li>\n<\/ol>\n<p>Vil ha full jobb<\/p>\n<p>S\u00f8ksm\u00e5let mot Hamar kommune er \u00e9n av flere \u00abpilotsaker\u00bb. Gjennom rettslige runder i forskjellige tariffomr\u00e5der h\u00e5per Fagforbundet \u00e5 f\u00e5 sementert prinsippet som organisasjonen mener EU-domstolen har etablert som gjeldende rett i Norge.<\/p>\n<p>Lisa-Kristine Skatvedt-Hansen sier det ikke f\u00f8rst og fremst er etterbetaling av overtidstimer som motiverer henne. Hun h\u00e5per saken vil gi henne og flere deltidsansatte i omsorgssektoren full stilling.<\/p>\n<p><strong>\u2013 Det er fordi det blir lettere med familielivet. Hvis vaktene er kommet p\u00e5 forh\u00e5nd, s\u00e5 er det lettere \u00e5 planlegge, sier hun til NRK. <\/strong><\/p>\n<p>For noen \u00e5r tilbake startet Lisa-Kristine Skatvedt-Hansen jobben med \u00e5 omskolere seg fra renholder til helsefagarbeider. Det var en stor dag da fagbrevet var i boks i mai i fjor.<\/p>\n<p><img decoding=\"async\"   src=\"data:image\/gif;base64,R0lGODlhAQABAIAAAAAAAP\/\/\/yH5BAEAAAAALAAAAAABAAEAAAIBRAA7\" loading=\"eager\" alt=\"Lisa-Kristine Skatvedt-Hansen\" title=\"Foto: Privat \/ NRK\"\/><\/p>\n<p class=\"\">STOLT: Lisa-Kristine Skatvedt-Hansen viser stolt fram fagbrevet som dokumenterer at hun har omskolert seg fra renholder til helsefagarbeider.<\/p>\n<p>Foto: Privat \/ NRK<\/p>\n<p>I dag jobber hun til sammen 65 prosent, fordelt p\u00e5 et sykehjem og en omsorgsbolig i kommunen. Ofte ringer telefonen om ekstravakter samme dag. Det gj\u00f8r det vanskelig \u00e5 planlegge p\u00e5 hjemmebane og kj\u00f8re barna p\u00e5 sju og ti \u00e5r til ulike fritidsaktiviteter.<\/p>\n<p>\u2013 Hvordan er det \u00e5 g\u00e5 til sak mot sin egen arbeidsgiver?<\/p>\n<p><strong>\u2013 Jeg vil jo gjerne komme videre og f\u00e5 en st\u00f8rre stilling. Og da er jo dette en m\u00e5te \u00e5 gj\u00f8re det p\u00e5. For jeg trives jo veldig godt p\u00e5 jobb.<\/strong><\/p>\n<p>\u2013 Men er det rettferdig at du skal f\u00e5 overtidsbetalt for ekstravakter n\u00e5r heltidsansatte m\u00e5 jobbe 100 prosent for \u00e5 f\u00e5 den samme overtida?<\/p>\n<p>\u2013 Det er forskjellig hva folk sier om det, men prinsippet er jo at vi skal pr\u00f8ve \u00e5 f\u00e5 flere i heltidsstillinger. For du velger jo liksom ikke selv n\u00e5r du vil ha en full stilling.<\/p>\n<p>Slik svarer eksperten<\/p>\n<p>NRK har bedt professor Marianne Jenum Hotvedt ved det juridiske fakultetet ved Universitetet i Oslo oppsummere saken. Her er hennes vurdering:<\/p>\n<ul>\n<li>EU-dommene klargj\u00f8r at den norske overtidsregelen \u2013 der deltidsansatte f\u00f8rst f\u00e5r overtidstillegg n\u00e5r de arbeider utover full stilling \u2013 leder til forskjellsbehandling av deltidsansatte. Det er ulovlig med mindre forskjellsbehandlingen kan rettferdiggj\u00f8res.<\/li>\n<li>Dommene viser ogs\u00e5 at den tradisjonelle begrunnelsen for den norske overtidsregelen \u2013 \u00e5 hindre utstrakt overtidsarbeid &#8211; ikke holder.<\/li>\n<li>Men dommene gir ikke noe helt klart svar p\u00e5 om den norske regelen kan rettferdiggj\u00f8res i m\u00e5let om en heltidskultur eller om den m\u00e5 endres.<\/li>\n<\/ul>\n<p>Avviser kravet<\/p>\n<p>Hamar kommune og kommuneorganisasjonen KS har avvist kravet.<\/p>\n<p>\u2013 Sp\u00f8rsm\u00e5let som reises gjelder alle arbeidsgivere og alle som jobber deltid i Norge. Kommunen mener at dette b\u00f8r l\u00f8ses sentralt av partene, sier kommunedirekt\u00f8r Osmund Kaldheim i Hamar til NRK.<\/p>\n<p><img decoding=\"async\"   src=\"data:image\/gif;base64,R0lGODlhAQABAIAAAAAAAP\/\/\/yH5BAEAAAAALAAAAAABAAEAAAIBRAA7\" loading=\"eager\" alt=\"En mann st\u00e5r i en moderne lobby og gestikulerer med h\u00e5nden. Han har p\u00e5 seg en gr\u00e5 blazer og en lysebl\u00e5 skjorte. Bakgrunnen viser planter og en uformell innredning. Det er naturlig lys som str\u00f8mmer inn gjennom store vinduer.\" title=\"Foto: William Jobling \/ NRK\"\/><\/p>\n<p class=\"\">AVVISER: Kommunedirekt\u00f8r Osmund Kaldheim i Hamar har avvist kravet fra Skatvedt-Hansen.<\/p>\n<p>Foto: William Jobling \/ NRK<\/p>\n<p>Han viser til at regjeringen har satt ned et partssammensatt utvalg, som skal utrede handlingsrommet etter avgj\u00f8relsen i EU-domstolen.<\/p>\n<p><strong>\u2013 Norge trenger all den arbeidskraften vi kan f\u00e5. Hvis det blir mer attraktivt \u00e5 jobbe deltid enn \u00e5 jobbe heltid, s\u00e5 har vi en alvorlig utfordring, sier direkt\u00f8r for arbeidsliv i kommuneorganisasjonen KS, Tor Arne Gangs\u00f8, til NRK.<\/strong><\/p>\n<p><img decoding=\"async\"   src=\"data:image\/gif;base64,R0lGODlhAQABAIAAAAAAAP\/\/\/yH5BAEAAAAALAAAAAABAAEAAAIBRAA7\" loading=\"eager\" alt=\"Tor Arne Gangs\u00f8 i KS\" title=\"Foto: Even Bj\u00f8rings\u00f8y Johnsen \/ NRK\"\/><\/p>\n<p class=\"\">ADVARER: Kommuneorganisasjonen KS og Tor Arne Gangs\u00f8 advarer mot prinsippet om overtid fra f\u00f8rste time for deltidsansatte.<\/p>\n<p>Foto: Even Bj\u00f8rings\u00f8y Johnsen \/ NRK<\/p>\n<p>Han er enig i at EU-dommene kan leses som at deltidsansatte diskrimineres n\u00e5r de m\u00e5 jobbe full stilling f\u00f8r de f\u00e5r utbetalt overtid. Men:<\/p>\n<p>\u2013 Vi mener likevel \u00e5 ha jussen p\u00e5 v\u00e5r side, fordi den norske praksisen fremmer en heltidskultur \u2013 som b\u00e5de den enkelte, arbeidsgiverne og Norge er tjent med. Dette er kjernen i det den partssammensatte arbeidsgruppa skal fors\u00f8ke \u00e5 finne ut av. <\/p>\n<p>Debatten om overtidsbetalt for alle ekstravakter ble tema i Dagsnytt 18 tidligere denne m\u00e5neden.<\/p>\n<p>\u2013 Vil gjelde alle<\/p>\n<p>Forbundsadvokat Tina Storsletten Nordstr\u00f8m i Fagforbundet sier retten til overtidsbetalt fra f\u00f8rste time vil gjelde alle deltidsansatte. Hun sier krav kan fremmes for inntil tre \u00e5r tilbake i tid, uavhengig av hva man jobber med og hvem som er arbeidsgiver.<\/p>\n<p>\u2013 Hvordan skal man g\u00e5 fram hvis man har et slikt krav?<\/p>\n<p><strong>\u2013 Hvis du er fagorganisert, blir det \u00e5 ta kontakt med tillitsvalgte, som m\u00e5 f\u00f8lge opp saken som et alminnelig l\u00f8nnskrav. Men n\u00e5r det er sagt, s\u00e5 vil vi ikke kunne ta ut s\u00f8ksm\u00e5l for alle deltidsansatte, sier advokaten.<\/strong><\/p>\n<p>\u2013 Hvor lang tid vil dette ta?<\/p>\n<p>\u2013 N\u00e5 har vi s\u00f8ksm\u00e5l i det sivilrettslige sporet, og vi skal i tingretten f\u00f8rst. Det pleier \u00e5 ta en seks m\u00e5neders tid. S\u00e5 m\u00e5 vi bare anta at dette blir anket. S\u00e5 vi snakker flere \u00e5r f\u00f8r h\u00f8yesterett f\u00e5r dette p\u00e5 bordet.<\/p>\n<p><img decoding=\"async\"   src=\"data:image\/gif;base64,R0lGODlhAQABAIAAAAAAAP\/\/\/yH5BAEAAAAALAAAAAABAAEAAAIBRAA7\" loading=\"eager\" alt=\"En kvinne st\u00e5r i en gang med moderne interi\u00f8r. Hun har p\u00e5 seg en lys, m\u00f8nstrete jakke og en hvit t-skjorte. I bakgrunnen er det lyst og oversiktlig med glassvegger og en trepanelert vegg. Milj\u00f8et gir et inntrykk av en profesjonell setting.\" title=\"Foto: William Jobling \/ NRK\"\/><\/p>\n<p class=\"\">ADVOKAT: Fagforbundet og forbundsadvokat Tina Storsletten Nordstr\u00f8m bist\u00e5r i s\u00f8ksm\u00e5let mot Hamar kommune. Selve stevningen blir sendt i l\u00f8pet av en uke eller to.<\/p>\n<p>Foto: William Jobling \/ NRK<\/p>\n<p>Avviser kritikken<\/p>\n<p><strong>Fagforbundets nyvalgte leder Helene Skeibrok er selv bosatt i Hamar. Ogs\u00e5 hun er utdannet helsefagarbeider, med erfaring fra arbeid i br\u00f8kstillinger, f\u00f8r hun ble tillitsvalgt p\u00e5 heltid.<\/strong><\/p>\n<p>\u2013 Av helsefagarbeiderstillinger s\u00e5 langt i \u00e5r, s\u00e5 er kun 30 prosent lyst ut som hele stillinger. Det er en ukultur som g\u00e5r ut p\u00e5 \u00e5 lyse ut deltid framfor heltid, og her er det spesielt kvinner som kommer d\u00e5rligst ut.<\/p>\n<p><img decoding=\"async\"   src=\"data:image\/gif;base64,R0lGODlhAQABAIAAAAAAAP\/\/\/yH5BAEAAAAALAAAAAABAAEAAAIBRAA7\" loading=\"eager\" alt=\"En person st\u00e5r utend\u00f8rs if\u00f8rt en svart dunjakke og gr\u00f8nn halsduk. Omr\u00e5det har tr\u00e6r og bygninger i bakgrunnen. Det er tydelig at det er vinter, med kalde farger og gr\u00e5tt lys. Bilen kan sees i bakgrunnen p\u00e5 en vei.\" title=\"Foto: William Jobling \/ NRK\"\/><\/p>\n<p class=\"\">LEDER: Helene Skeibrok leder LOs st\u00f8rste forbund, Fagforbundet. Hun har selv erfaring som omsorgsarbeider i sm\u00e5 stillinger.<\/p>\n<p>Foto: William Jobling \/ NRK<\/p>\n<p><strong>Hun avviser at Fagforbundets krav paradoksalt vil gj\u00f8re det mer l\u00f8nnsomt \u00e5 jobbe deltid framfor heltid.<\/strong><\/p>\n<p>\u2013 Det er arbeidsgiver som har styringsrett og faktisk lyser ut stillingene, s\u00e5 de kan jo velge \u00e5 lyse ut stillinger i hele 100 prosent. S\u00e5 da kan de ogs\u00e5 unng\u00e5 akkurat den problematikken.<\/p>\n<p>\u2013 Men de fleste som jobber deltid, gj\u00f8r jo det fordi de \u00f8nsker det?<\/p>\n<p>\u2013 Mange av v\u00e5re medlemmer som svarer at de \u00f8nsker \u00e5 jobbe deltid, begrunner det med at arbeidsbelastningen er for stor, og at de kanskje ikke har helse til \u00e5 jobbe i 100 prosent. Da er det heller ikke snakk om frivillig deltidsarbeid.<\/p>\n<p>\u2013 Men vil ikke dette kravet gj\u00f8re det mer lukrativt \u00e5 g\u00e5 fra heltidsstilling til deltidsstilling, og kanskje ogs\u00e5 \u00f8ke omfanget av innleie i norsk arbeidsliv?<\/p>\n<p>\u2013 Arbeidsgiver har styringsrett p\u00e5 hvordan de lyser ut stillingsst\u00f8rrelsene, s\u00e5 det kan de fint styre.<\/p>\n<p>\u2013 Hva sier du til dem som n\u00e5 vil vurdere \u00e5 g\u00e5 ned i stilling fra 100 til 70 prosent og be arbeidsgiveren sin om \u00e5 betale overtid for de siste 30?<\/p>\n<p><strong>\u2013 Det vil jeg advare mot: For det er ingen automatikk i at arbeidsgiver da vil bruke deg i det resterende 30 prosent. Det kan de jo bare takke nei til.<\/strong><\/p>\n<p>Publisert<\/p>\n<p>24.11.2025, kl. 19.08<\/p>\n","protected":false},"excerpt":{"rendered":"\u2013 Jeg \u00f8nsker at vi kan f\u00e5 flere fulltidsstillinger. Og at vi kan slippe \u00e5 v\u00e6re tilgjengelig n\u00e5r&hellip;\n","protected":false},"author":2,"featured_media":95715,"comment_status":"","ping_status":"","sticky":false,"template":"","format":"standard","meta":{"footnotes":""},"categories":[10],"tags":[20,21,24,25,15,22,23,13,30,28,29,14,16,26,27],"class_list":{"0":"post-95714","1":"post","2":"type-post","3":"status-publish","4":"format-standard","5":"has-post-thumbnail","7":"category-norge","8":"tag-breaking-news","9":"tag-breakingnews","10":"tag-featured-news","11":"tag-featurednews","12":"tag-headlines","13":"tag-latest-news","14":"tag-latestnews","15":"tag-news","16":"tag-no","17":"tag-norge","18":"tag-norway","19":"tag-nyheter","20":"tag-overskrifter","21":"tag-top-stories","22":"tag-topstories"},"share_on_mastodon":{"url":"https:\/\/pubeurope.com\/@no\/115606609532658722","error":""},"_links":{"self":[{"href":"https:\/\/www.europesays.com\/no\/wp-json\/wp\/v2\/posts\/95714","targetHints":{"allow":["GET"]}}],"collection":[{"href":"https:\/\/www.europesays.com\/no\/wp-json\/wp\/v2\/posts"}],"about":[{"href":"https:\/\/www.europesays.com\/no\/wp-json\/wp\/v2\/types\/post"}],"author":[{"embeddable":true,"href":"https:\/\/www.europesays.com\/no\/wp-json\/wp\/v2\/users\/2"}],"replies":[{"embeddable":true,"href":"https:\/\/www.europesays.com\/no\/wp-json\/wp\/v2\/comments?post=95714"}],"version-history":[{"count":0,"href":"https:\/\/www.europesays.com\/no\/wp-json\/wp\/v2\/posts\/95714\/revisions"}],"wp:featuredmedia":[{"embeddable":true,"href":"https:\/\/www.europesays.com\/no\/wp-json\/wp\/v2\/media\/95715"}],"wp:attachment":[{"href":"https:\/\/www.europesays.com\/no\/wp-json\/wp\/v2\/media?parent=95714"}],"wp:term":[{"taxonomy":"category","embeddable":true,"href":"https:\/\/www.europesays.com\/no\/wp-json\/wp\/v2\/categories?post=95714"},{"taxonomy":"post_tag","embeddable":true,"href":"https:\/\/www.europesays.com\/no\/wp-json\/wp\/v2\/tags?post=95714"}],"curies":[{"name":"wp","href":"https:\/\/api.w.org\/{rel}","templated":true}]}}