{"id":95716,"date":"2025-11-24T20:40:12","date_gmt":"2025-11-24T20:40:12","guid":{"rendered":"https:\/\/www.europesays.com\/no\/95716\/"},"modified":"2025-11-24T20:40:12","modified_gmt":"2025-11-24T20:40:12","slug":"ordentlig-fest","status":"publish","type":"post","link":"https:\/\/www.europesays.com\/no\/95716\/","title":{"rendered":"&#8211; Ordentlig fest"},"content":{"rendered":"<p class=\"kicker \" style=\"\">\u00abTroll 2\u00bb:<\/p>\n<p>  Flere kjente fjes str\u00f8mmer til filmpremieren. Se parene og kjolene!<\/p>\n<p>\n    KOSTE SEG: Frps stortingsmann Simen Velle fra Asker dukket opp med s\u00f8steren Andrea i armkroken. De to koste seg p\u00e5 filmpremieren! Foro: Andreas Fadum\/Se og H\u00f8r\n  <\/p>\n<p>COLOSSEUM \/ OSLO (Se og H\u00f8r): Mandag kveld er det duket for filmpremiere p\u00e5 \u00abTroll 2\u00bb, oppf\u00f8lgeren til storfilmen \u00abTroll\u00bb, som har gjort stor internal suksess.\u00a0<\/p>\n<p>    <a itemprop=\"url\" href=\"https:\/\/www.seher.no\/kjendis\/rort-til-tarer\/83863777\" rel=\"nofollow noopener\" target=\"_blank\"><\/p>\n<p>      <img loading=\"lazy\" decoding=\"async\" src=\"https:\/\/www.europesays.com\/no\/wp-content\/uploads\/2025\/11\/1764016807_590_83863829.webp\" width=\"980\" height=\"441\" title=\"Viste frem ny kj\u00e6reste\" alt=\"\" class=\"lazyload\" style=\"--aspect-ratio-image: 2.22; \"\/><\/p>\n<p>        Viste frem ny kj\u00e6reste<\/p>\n<p>    <\/a><\/p>\n<p>I oppf\u00f8lgeren gjenforenes publikum med hovedkarakterene, spilt av Ine Marie Wilmann (40), Kim Falck (42) og Mads Sj\u00f8g\u00e5rd Pettersen (41). Trioen f\u00e5r ogs\u00e5 selskap av Sara Khorami (38) i rollen som Marion.<\/p>\n<p>&#8211; Kjent litt p\u00e5 det<\/p>\n<p>I anledning premieren er den r\u00f8pde l\u00f8peren rullet ut, og en rekke kjendiser har tatt turen til Colosseum kino.<\/p>\n<p>    <a itemprop=\"url\" href=\"https:\/\/www.seher.no\/video\/bekrefter-sagt-det-til-ingrid\/3URQC0gg\" rel=\"nofollow noopener\" target=\"_blank\"><\/p>\n<p>      <img loading=\"lazy\" decoding=\"async\" src=\"https:\/\/www.europesays.com\/no\/wp-content\/uploads\/2025\/11\/83895583.webp\" width=\"147\" height=\"98\" title=\"Bekrefter: - Sagt det til Ingrid\" alt=\"\" class=\"lazyload\" style=\"--aspect-ratio-image: 1.50; \"\/><\/p>\n<p>        Bekrefter: &#8211; Sagt det til Ingrid<\/p>\n<p>    <\/a><\/p>\n<p>Skuespiller Ine Marie Wilmann, som spiller Nora Tidemann, var blant de f\u00f8rste p\u00e5 l\u00f8peren. <\/p>\n<p>          <img loading=\"lazy\" decoding=\"async\" src=\"https:\/\/www.europesays.com\/no\/wp-content\/uploads\/2025\/11\/83895599.webp\" width=\"686\" height=\"995\" title=\"GLEDER SEG: Ine Marie Wilmann ser fram til kveldens filmpremiere. Foto: Andreas Fadum \/ Se og H\u00f8r\" alt=\"\" class=\"\" style=\"--aspect-ratio-image: 0.69; \"\/><\/p>\n<p>\n          GLEDER SEG: Ine Marie Wilmann ser fram til kveldens filmpremiere. Foto: Andreas Fadum \/ Se og H\u00f8r\n      <\/p>\n<p>&#8211; Det f\u00f8les veldig bra \u00e5 v\u00e6re her. Vi har gledet oss veldig, og det har v\u00e6rt g\u00f8y \u00e5 spille den inn. Det er mange som gleder seg til \u00e5 se filmen, s\u00e5 jeg tror det blir en ordentlig fest og eventyrstund, sier hun til Se og H\u00f8r.<\/p>\n<p>&#8211; Kjenner du p\u00e5 litt nerver?<\/p>\n<p>    <a itemprop=\"url\" href=\"https:\/\/www.seher.no\/video\/nervene-var-hoye\/pIhQ1nNR\" rel=\"nofollow noopener\" target=\"_blank\"><\/p>\n<p>      <img loading=\"lazy\" decoding=\"async\" src=\"https:\/\/www.europesays.com\/no\/wp-content\/uploads\/2025\/11\/1764016808_921_83888947.webp\" width=\"980\" height=\"441\" title=\"- Nervene var h\u00f8ye\" alt=\"\" class=\"lazyload\" style=\"--aspect-ratio-image: 2.22; \"\/><\/p>\n<p>        &#8211; Nervene var h\u00f8ye<\/p>\n<p>    <\/a><\/p>\n<p>&#8211; Jeg har ikke kjent p\u00e5 s\u00e5 mye nerver. Og jeg vet at de som likte den forrige, gleder seg n\u00e5. Men jeg har kjent p\u00e5 det litt i det siste at: \u00ab\u00c5ja, folk skal jo mene noe n\u00e5r de ser den\u00bb.<\/p>\n<p>Alexandra Joner avsl\u00f8rte tidligere denne m\u00e5neden at hun og kj\u00e6resten Joachim Lindbo venter sitt f\u00f8rste barn. N\u00e5 \u00e5pner hun opp om hvordan det g\u00e5r med graviditeten:<\/p>\n<p>          <img loading=\"lazy\" decoding=\"async\" src=\"https:\/\/www.europesays.com\/no\/wp-content\/uploads\/2025\/11\/83895659.webp\" width=\"686\" height=\"995\" title=\"PREMIERE: Alexandra Joner og kj\u00e6resten Joachim Lindbo. Foto: Andreas Fadum \/ Se og H\u00f8r\" alt=\"\" class=\"\" style=\"--aspect-ratio-image: 0.69; \"\/><\/p>\n<p>\n          PREMIERE: Alexandra Joner og kj\u00e6resten Joachim Lindbo. Foto: Andreas Fadum \/ Se og H\u00f8r\n      <\/p>\n<p>&#8211; Det g\u00e5r veldig bra med meg. Jeg er en h\u00f8ne som ruger p\u00e5 et egg, ha ha. Men enn s\u00e5 lenge g\u00e5r det fint med kroppen, det eneste jeg har merket er at jeg har blitt mer andpusten, sier hun og ler.<\/p>\n<p class=\"font-weight-bold m-font-weight-bold italic m-italic\" data-lab-font_weight=\"font-weight-bold\" data-lab-italic=\"italic\">&#8211; Hvordan var det \u00e5 holde p\u00e5 hemmeligheten?<\/p>\n<p>    <a itemprop=\"url\" href=\"https:\/\/www.seher.no\/kjendis\/gift-pa-ny\/83894022\" rel=\"nofollow noopener\" target=\"_blank\"><\/p>\n<p>      <img loading=\"lazy\" decoding=\"async\" src=\"https:\/\/www.europesays.com\/no\/wp-content\/uploads\/2025\/11\/83895367.webp\" width=\"980\" height=\"441\" title=\"Gift p\u00e5 ny\" alt=\"\" class=\"lazyload\" style=\"--aspect-ratio-image: 2.22; \"\/><\/p>\n<p>        Gift p\u00e5 ny<\/p>\n<p>    <\/a><\/p>\n<p class=\"font-weight-bold m-font-weight-bold italic m-italic\" data-lab-font_weight=\"font-weight-bold\" data-lab-italic=\"italic\">&#8211; Helt fantastisk.\u00a0Jeg anbefaler alle \u00e5 gj\u00f8re det &#8211; for det f\u00f8les veldig eget. Det handlet ogs\u00e5 helt \u00e6rlig litt om \u00e5 ford\u00f8ye det litt alene, s\u00e5 jeg er forn\u00f8yd med det valget. <\/p>\n<p>Det nygifte ekteparet Kim Wigaard (37) og Marius Hagen (35) forteller at de gleder seg stort til \u00e5 se oppf\u00f8lgeren.<\/p>\n<p>          <img loading=\"lazy\" decoding=\"async\" src=\"https:\/\/www.europesays.com\/no\/wp-content\/uploads\/2025\/11\/83895695.webp\" width=\"686\" height=\"995\" title=\"PREMIERE: Marius Hagen og kj\u00e6resten Kim Wigaard. Foto: Andreas Fadum \/ Se og H\u00f8r\" alt=\"\" class=\"\" style=\"--aspect-ratio-image: 0.69; \"\/><\/p>\n<p>\n          PREMIERE: Marius Hagen og kj\u00e6resten Kim Wigaard. Foto: Andreas Fadum \/ Se og H\u00f8r\n      <\/p>\n<p> &#8211; Forventningene til filmen er jo at det skal v\u00e6re en episk film, som f\u00f8les ut som at den har kostet ganske mye penger. Vi synes jo at eneren var veldig bra, s\u00e5 vi h\u00e5per at den lever opp til de forventningene, sier paret.<\/p>\n<p>    <a itemprop=\"url\" href=\"https:\/\/www.seher.no\/kongelig\/dette-har-aldri-skjedd-for\/83894212\" rel=\"nofollow noopener\" target=\"_blank\"><\/p>\n<p>      <img loading=\"lazy\" decoding=\"async\" src=\"https:\/\/www.europesays.com\/no\/wp-content\/uploads\/2025\/11\/83894660.webp\" width=\"980\" height=\"441\" title=\"Dette har aldri skjedd f\u00f8r\" alt=\"\" class=\"lazyload\" style=\"--aspect-ratio-image: 2.22; \"\/><\/p>\n<p>        Dette har aldri skjedd f\u00f8r<\/p>\n<p>    <\/a><\/p>\n<p>Tidligere denne m\u00e5neden var Sebastian Solberg (34) sv\u00e6rt uheldig etter \u00e5 ha falt fra en barstol p\u00e5 etterfesten til \u00abSkal vi danse\u00bb. Fallet resulterte i at han r\u00f8k leddb\u00e5ndene i begge kn\u00e6r.<\/p>\n<p>To vonde kn\u00e6r og krykker stopper imidlertid ikke 34-\u00e5ringen fra \u00e5 ha det g\u00f8y p\u00e5 premiere. <\/p>\n<p>          <img loading=\"lazy\" decoding=\"async\" src=\"https:\/\/www.europesays.com\/no\/wp-content\/uploads\/2025\/11\/83895715.webp\" width=\"686\" height=\"995\" title=\"KRYKKER: Sebastian Solberg ankommer premieren p\u00e5 krykker etter at han skadet kn\u00e6rne tidligere i november. Foto: Andreas Fadum \/ Se og H\u00f8r\" alt=\"\" class=\"\" style=\"--aspect-ratio-image: 0.69; \"\/><\/p>\n<p>\n          KRYKKER: Sebastian Solberg ankommer premieren p\u00e5 krykker etter at han skadet kn\u00e6rne tidligere i november. Foto: Andreas Fadum \/ Se og H\u00f8r\n      <\/p>\n<p> &#8211; Jeg gleder meg til i kveld og det kommer til \u00e5 bli veldig g\u00f8y. Netflix gj\u00f8r det litt ekstra, de tar litt i og det liker jeg. Alt som koster litt ekstra spenn er jo moro, sier han.P\u00e5 sp\u00f8rsm\u00e5l hvordan det g\u00e5r med formen, svarer han:\u00a0\u00a0<\/p>\n<p>&#8211; Formen er stigende, men dette g\u00e5r fort over. Jeg har f\u00e5tt meg personlig trener n\u00e5, s\u00e5 det blir bra. <\/p>\n<p class=\"text-red color_mobile_text-red font-weight-bold m-font-weight-bold\" data-lab-text_color=\"text-red\" data-lab-font_weight=\"font-weight-bold\">Se alle bildene under:<\/p>\n<p>          <img loading=\"lazy\" decoding=\"async\" src=\"https:\/\/www.europesays.com\/no\/wp-content\/uploads\/2025\/11\/83895717.webp\" width=\"686\" height=\"1029\" title=\"PREMIERE: Tvillings\u00f8strene Wanda og Vita Mashadi. Foto: Andreas Fadum \/ Se og H\u00f8r\" alt=\"\" class=\"\" style=\"--aspect-ratio-image: 0.67; \"\/><\/p>\n<p>\n          PREMIERE: Tvillings\u00f8strene Wanda og Vita Mashadi. Foto: Andreas Fadum \/ Se og H\u00f8r\n      <\/p>\n<p>          <img loading=\"lazy\" decoding=\"async\" src=\"https:\/\/www.europesays.com\/no\/wp-content\/uploads\/2025\/11\/83895758.webp\" width=\"686\" height=\"1029\" title=\"PREMIERE: Jonas Kinge Bergland og Nils-Ingar Aadne. Foto: Andreas Fadum \/ Se og H\u00f8r\" alt=\"\" class=\"\" style=\"--aspect-ratio-image: 0.67; \"\/><\/p>\n<p>\n          PREMIERE: Jonas Kinge Bergland og Nils-Ingar Aadne. Foto: Andreas Fadum \/ Se og H\u00f8r\n      <\/p>\n<p>          <img loading=\"lazy\" decoding=\"async\" src=\"https:\/\/www.europesays.com\/no\/wp-content\/uploads\/2025\/11\/83895738.webp\" width=\"686\" height=\"995\" title=\"PREMIERE: Anny Isabella \u00d8vrehus. Foto: Andreas Fadum \/ Se og H\u00f8r\" alt=\"\" class=\"\" style=\"--aspect-ratio-image: 0.69; \"\/><\/p>\n<p>\n          PREMIERE: Anny Isabella \u00d8vrehus. Foto: Andreas Fadum \/ Se og H\u00f8r\n      <\/p>\n<p>PREMIERE: Tvillings\u00f8strene Wanda og Vita Mashadi. Foto: Andreas Fadum \/ Se og H\u00f8r<\/p>\n<p>          <img loading=\"lazy\" decoding=\"async\" src=\"https:\/\/www.europesays.com\/no\/wp-content\/uploads\/2025\/11\/83895723.webp\" width=\"686\" height=\"1029\" title=\"PREMIERE: John Carew. Foto: Andreas Fadum \/ Se og H\u00f8r\" alt=\"\" class=\"\" style=\"--aspect-ratio-image: 0.67; \"\/><\/p>\n<p>\n          PREMIERE: John Carew. Foto: Andreas Fadum \/ Se og H\u00f8r\n      <\/p>\n<p>          <img loading=\"lazy\" decoding=\"async\" src=\"https:\/\/www.europesays.com\/no\/wp-content\/uploads\/2025\/11\/83895690.webp\" width=\"686\" height=\"1029\" title=\"PREMIERE: Espen Lervaag. Foto: Andreas Fadum \/ Se og H\u00f8r\" alt=\"\" class=\"\" style=\"--aspect-ratio-image: 0.67; \"\/><\/p>\n<p>\n          PREMIERE: Espen Lervaag. Foto: Andreas Fadum \/ Se og H\u00f8r\n      <\/p>\n<p>          <img loading=\"lazy\" decoding=\"async\" src=\"https:\/\/www.europesays.com\/no\/wp-content\/uploads\/2025\/11\/83895683.webp\" width=\"686\" height=\"995\" title=\"PREMIERE: Kathrine S\u00f8rland og ektemannen Andreas Holck. Foto: Andreas Fadum \/ Se og H\u00f8r\" alt=\"\" class=\"\" style=\"--aspect-ratio-image: 0.69; \"\/><\/p>\n<p>\n          PREMIERE: Kathrine S\u00f8rland og ektemannen Andreas Holck. Foto: Andreas Fadum \/ Se og H\u00f8r\n      <\/p>\n<p>          <img loading=\"lazy\" decoding=\"async\" src=\"https:\/\/www.europesays.com\/no\/wp-content\/uploads\/2025\/11\/83895670.webp\" width=\"686\" height=\"995\" title=\"PREMIERE: Simen Velle med s\u00f8steren Andrea Velle. Foto: Andreas Fadum \/ Se og H\u00f8r\" alt=\"\" class=\"\" style=\"--aspect-ratio-image: 0.69; \"\/><\/p>\n<p>\n          PREMIERE: Simen Velle med s\u00f8steren Andrea Velle. Foto: Andreas Fadum \/ Se og H\u00f8r\n      <\/p>\n<p>          <img loading=\"lazy\" decoding=\"async\" src=\"https:\/\/www.europesays.com\/no\/wp-content\/uploads\/2025\/11\/83895679.webp\" width=\"686\" height=\"995\" title=\"PREMIERE: Selene Fjellvang Lie. Foto: Andreas Fadum \/ Se og H\u00f8r\" alt=\"\" class=\"\" style=\"--aspect-ratio-image: 0.69; \"\/><\/p>\n<p>\n          PREMIERE: Selene Fjellvang Lie. Foto: Andreas Fadum \/ Se og H\u00f8r\n      <\/p>\n<p>          <img loading=\"lazy\" decoding=\"async\" src=\"https:\/\/www.europesays.com\/no\/wp-content\/uploads\/2025\/11\/83895663.webp\" width=\"686\" height=\"995\" title=\"PREMIERE: Regiss\u00f8r Roar Uthaug (t.h). Foto: Andreas Fadum \/ Se og H\u00f8r\" alt=\"\" class=\"\" style=\"--aspect-ratio-image: 0.69; \"\/><\/p>\n<p>\n          PREMIERE: Regiss\u00f8r Roar Uthaug (t.h). Foto: Andreas Fadum \/ Se og H\u00f8r\n      <\/p>\n<p>          <img loading=\"lazy\" decoding=\"async\" src=\"https:\/\/www.europesays.com\/no\/wp-content\/uploads\/2025\/11\/83895651.webp\" width=\"686\" height=\"995\" title=\"PREMIERE: Sara Khorami, Mads Sj\u00f8g\u00e5rd Pettersen, Ine Marie Wilmann og Kim Sigurd Falck-J\u00f8rgensen. Foto: Andreas Fadum \/ Se og H\u00f8r\" alt=\"\" class=\"\" style=\"--aspect-ratio-image: 0.69; \"\/><\/p>\n<p>\n          PREMIERE: Sara Khorami, Mads Sj\u00f8g\u00e5rd Pettersen, Ine Marie Wilmann og Kim Sigurd Falck-J\u00f8rgensen. Foto: Andreas Fadum \/ Se og H\u00f8r\n      <\/p>\n<p>          <img loading=\"lazy\" decoding=\"async\" src=\"https:\/\/www.europesays.com\/no\/wp-content\/uploads\/2025\/11\/83895668.webp\" width=\"686\" height=\"1064\" title=\"PREMIERE: Sara Khorami er nykommeren i \u00abTroll 2\u00bb og spiller rollen som Marion. Foto: Andreas Fadum \/ Se og H\u00f8r\" alt=\"\" class=\"\" style=\"--aspect-ratio-image: 0.64; \"\/><\/p>\n<p>\n          PREMIERE: Sara Khorami er nykommeren i \u00abTroll 2\u00bb og spiller rollen som Marion. Foto: Andreas Fadum \/ Se og H\u00f8r\n      <\/p>\n<p>          <img loading=\"lazy\" decoding=\"async\" src=\"https:\/\/www.europesays.com\/no\/wp-content\/uploads\/2025\/11\/83895633.webp\" width=\"686\" height=\"1029\" title=\"PREMIERE: Mads Sj\u00f8g\u00e5rd Pettersen. Foto: Andreas Fadum \/ Se og H\u00f8r\" alt=\"\" class=\"\" style=\"--aspect-ratio-image: 0.67; \"\/><\/p>\n<p>\n          PREMIERE: Mads Sj\u00f8g\u00e5rd Pettersen. Foto: Andreas Fadum \/ Se og H\u00f8r\n      <\/p>\n<p>          <img loading=\"lazy\" decoding=\"async\" src=\"https:\/\/www.europesays.com\/no\/wp-content\/uploads\/2025\/11\/83895631.webp\" width=\"686\" height=\"1029\" title=\"PREMIERE: Kim Sigurd Falck-J\u00f8rgensen. Foto: Andreas Fadum \/ Se og H\u00f8r\" alt=\"\" class=\"\" style=\"--aspect-ratio-image: 0.67; \"\/><\/p>\n<p>\n          PREMIERE: Kim Sigurd Falck-J\u00f8rgensen. Foto: Andreas Fadum \/ Se og H\u00f8r\n      <\/p>\n","protected":false},"excerpt":{"rendered":"\u00abTroll 2\u00bb: Flere kjente fjes str\u00f8mmer til filmpremieren. Se parene og kjolene! KOSTE SEG: Frps stortingsmann Simen Velle&hellip;\n","protected":false},"author":2,"featured_media":95717,"comment_status":"","ping_status":"","sticky":false,"template":"","format":"standard","meta":{"footnotes":""},"categories":[5],"tags":[2427,20,21,24,25,12368,15,19,12367,3720,479,2543,22,23,17,18,13,30,28,29,14,16,774,26,27,12384],"class_list":{"0":"post-95716","1":"post","2":"type-post","3":"status-publish","4":"format-standard","5":"has-post-thumbnail","7":"category-overskrifter","8":"tag-alexandra-joner","9":"tag-breaking-news","10":"tag-breakingnews","11":"tag-featured-news","12":"tag-featurednews","13":"tag-filmpremiere","14":"tag-headlines","15":"tag-hovedoppslag","16":"tag-ine-marie-wilmann","17":"tag-kim-wigaard","18":"tag-kjendis","19":"tag-kjendisdesken","20":"tag-latest-news","21":"tag-latestnews","22":"tag-main-news","23":"tag-mainnews","24":"tag-news","25":"tag-no","26":"tag-norge","27":"tag-norway","28":"tag-nyheter","29":"tag-overskrifter","30":"tag-sebastian-solberg","31":"tag-top-stories","32":"tag-topstories","33":"tag-troll-2"},"share_on_mastodon":{"url":"https:\/\/pubeurope.com\/@no\/115606613735060868","error":""},"_links":{"self":[{"href":"https:\/\/www.europesays.com\/no\/wp-json\/wp\/v2\/posts\/95716","targetHints":{"allow":["GET"]}}],"collection":[{"href":"https:\/\/www.europesays.com\/no\/wp-json\/wp\/v2\/posts"}],"about":[{"href":"https:\/\/www.europesays.com\/no\/wp-json\/wp\/v2\/types\/post"}],"author":[{"embeddable":true,"href":"https:\/\/www.europesays.com\/no\/wp-json\/wp\/v2\/users\/2"}],"replies":[{"embeddable":true,"href":"https:\/\/www.europesays.com\/no\/wp-json\/wp\/v2\/comments?post=95716"}],"version-history":[{"count":0,"href":"https:\/\/www.europesays.com\/no\/wp-json\/wp\/v2\/posts\/95716\/revisions"}],"wp:featuredmedia":[{"embeddable":true,"href":"https:\/\/www.europesays.com\/no\/wp-json\/wp\/v2\/media\/95717"}],"wp:attachment":[{"href":"https:\/\/www.europesays.com\/no\/wp-json\/wp\/v2\/media?parent=95716"}],"wp:term":[{"taxonomy":"category","embeddable":true,"href":"https:\/\/www.europesays.com\/no\/wp-json\/wp\/v2\/categories?post=95716"},{"taxonomy":"post_tag","embeddable":true,"href":"https:\/\/www.europesays.com\/no\/wp-json\/wp\/v2\/tags?post=95716"}],"curies":[{"name":"wp","href":"https:\/\/api.w.org\/{rel}","templated":true}]}}