{"id":95724,"date":"2025-11-24T20:48:13","date_gmt":"2025-11-24T20:48:13","guid":{"rendered":"https:\/\/www.europesays.com\/no\/95724\/"},"modified":"2025-11-24T20:48:13","modified_gmt":"2025-11-24T20:48:13","slug":"everton-spiller-slo-egen-lagkamerat-og-fikk-rodt-kort","status":"publish","type":"post","link":"https:\/\/www.europesays.com\/no\/95724\/","title":{"rendered":"Everton-spiller slo egen lagkamerat og fikk r\u00f8dt kort"},"content":{"rendered":"\n<p class=\"_lead_o9xde_2 _lead_xtcu6_50 layout-component text-serif-m layout-normal text-serif-l layout-component layout-wide layout-padded _wide_17hqh_1 layout-padded\">\u00abHan har klikket. Han har sl\u00e5tt sin egen lagkamerat!\u00bb, sier Sky Sports-ekspert Gary Neville.<\/p>\n<p> <img class=\"_image_qp4xg_65 layout-component layout-wide\" data-fullscreen- data-track-element-type=\"Article image fullscreen\" data-track-name=\"ImageFullscreen\" fetchpriority=\"high\" decoding=\"sync\" loading=\"eager\" height=\"102\" itemprop=\"image\"  src=\"https:\/\/www.europesays.com\/no\/wp-content\/uploads\/2025\/11\/4c009ad8da8da84f46f14ed56db08bab.jpg\"  style=\"object-position:50% 50%;aspect-ratio:1.75;height:auto;object-fit:cover;width:100%\" width=\"102\"\/>  <\/p>\n<ul aria-hidden=\"true\" class=\"_images_18f0k_111\">\n<li><a class=\"_link_18f0k_116\" href=\"https:\/\/www.vg.no\/forfatter\/mikal-aaserud\" style=\"z-index:2\" title=\"Mikal Emil Aaserud\" rel=\"nofollow noopener\" target=\"_blank\"><img alt=\"Bilde av Mikal Emil Aaserud\" class=\"_image_18f0k_93\" fetchpriority=\"low\" loading=\"lazy\" decoding=\"async\" itemprop=\"image\"  src=\"https:\/\/www.europesays.com\/no\/wp-content\/uploads\/2025\/11\/1764017290_236_1f4bb18c-b7b1-46ba-9b49-79ae6afd7bbd\"  width=\"480\"\/><\/a><\/li>\n<li><a class=\"_link_18f0k_116\" href=\"https:\/\/www.vg.no\/forfatter\/helene-husvik\" style=\"z-index:1\" title=\"Helene Husvik\" rel=\"nofollow noopener\" target=\"_blank\"><img alt=\"Bilde av Helene Husvik\" class=\"_image_18f0k_93\" fetchpriority=\"low\" loading=\"lazy\" decoding=\"async\" itemprop=\"image\"  src=\"https:\/\/www.europesays.com\/no\/wp-content\/uploads\/2025\/11\/1764017291_239_a3928b48-9cc9-4de6-95d7-c5a5e63b6a91\"  width=\"480\"\/><\/a><\/li>\n<\/ul>\n<p> Oppdatert mandag 24. november kl. 21:45     <\/p>\n<p class=\"_paragraph_o9xde_4 _paragraph_xtcu6_10 layout-component text-serif-m layout-normal text-serif-m layout-padded\">For det oppsto helt absurde scener man nesten ikke ser p\u00e5 fotballbanen noen gang. <\/p>\n<p class=\"_paragraph_o9xde_4 _paragraph_xtcu6_10 layout-component text-serif-m layout-normal text-serif-m layout-padded\">Det var ikke spilt et kvarter en gang da Everton-spiller Idrissa Gana Gueye havnet i en krangel med lagkompis Michael Keane. <\/p>\n<p class=\"_paragraph_o9xde_4 _paragraph_xtcu6_10 layout-component text-serif-m layout-normal text-serif-m layout-padded\">Barae sekunder senere gikk de to opp i ansiktet p\u00e5 hverandre og Gueye valgte \u00e5 lange ut h\u00e5ndflaten i ansiktet p\u00e5 Keane.<\/p>\n<p class=\"_paragraph_o9xde_4 _paragraph_xtcu6_10 layout-component text-serif-m layout-normal text-serif-m layout-padded\">Det resulterte i et direkte r\u00f8dt kort.<\/p>\n<p class=\"_paragraph_o9xde_4 _paragraph_xtcu6_10 layout-component text-serif-m layout-normal text-serif-m layout-padded\">\u2013 Han har klikket! Han slo sin egen lagkamerat! sier fotballekspert Gary Neville, if\u00f8lge <a href=\"https:\/\/www.skysports.com\/football\/man-utd-vs-everton\/live\/531246\" class=\"_link_o9xde_39\" rel=\"nofollow noopener\" target=\"_blank\">Sky Sports<\/a>.<\/p>\n<p class=\"_paragraph_o9xde_4 _paragraph_xtcu6_10 layout-component text-serif-m layout-normal text-serif-m layout-padded\"><strong class=\"_strong_o9xde_25\">VG Live:<\/strong> <a href=\"https:\/\/vglive.vg.no\/fotball\/manchester-united-everton\/723679\/rapport\" class=\"_link_o9xde_39\" rel=\"nofollow noopener\" target=\"_blank\">Du kan f\u00f8lge kampen mellom Manchester United og Everton her<\/a><\/p>\n<p><img alt=\"HENDELSEN: Mellom Idrissa Gana Gueye og Michael Keane.  Foto: ADAM VAUGHAN \/ EPA \/ NTB\" class=\"_image_qp4xg_65 layout-component layout-normal\" data-fullscreen- data-track-element-type=\"Article image fullscreen\" data-track-name=\"ImageFullscreen\" decoding=\"async\" loading=\"lazy\" height=\"2340\" itemprop=\"image\"  src=\"https:\/\/www.europesays.com\/no\/wp-content\/uploads\/2025\/11\/ea17fb4b-a7d2-41d7-98cd-de33f1967c24\"  style=\"object-position:0% 0%\" width=\"3358\"\/>HENDELSEN: Mellom Idrissa Gana Gueye og Michael Keane.  Foto: ADAM VAUGHAN \/ EPA \/ NTB<\/p>\n<p class=\"_paragraph_o9xde_4 _paragraph_xtcu6_10 layout-component text-serif-m layout-normal text-serif-m layout-padded\">Kort tid senere publiserte X-kontoen til <a href=\"https:\/\/www.vg.no\/tag\/premier-league?utm_source=vg-article&amp;utm_medium=auto-tagger&amp;utm_campaign=pBg9oj\" class=\"_link_o9xde_39\" rel=\"nofollow noopener\" target=\"_blank\">Premier League<\/a> Match Centre f\u00f8lgende melding:<\/p>\n<p class=\"_paragraph_o9xde_4 _paragraph_xtcu6_10 layout-component text-serif-m layout-normal text-serif-m layout-padded\"><strong class=\"_strong_o9xde_25\">\u00abDommerens r\u00f8de kort til Gueye for voldelig oppf\u00f8rsel ble sjekket ut og bekreftet av VAR \u2013 der hendelsen blir ansett for \u00e5 v\u00e6re et klart slag mot Keanes ansikt\u00bb.<\/strong><\/p>\n<p class=\"_paragraph_o9xde_4 _paragraph_xtcu6_10 layout-component text-serif-m layout-normal text-serif-m layout-padded\">Det h\u00f8rer med til historien at Gueye ikke var ferdig med situasjonen. Han var fortsatt rasende p\u00e5 Keane etter det r\u00f8de kortet.<\/p>\n<p class=\"_paragraph_o9xde_4 _paragraph_xtcu6_10 layout-component text-serif-m layout-normal text-serif-m layout-padded\">Keeper Jordan Pickford m\u00e5tte kaste seg over Gueye og fors\u00f8kte \u00e5 dra ham vekk fra situasjonen og mot spillertunnelen.<\/p>\n<p class=\"_paragraph_o9xde_4 _paragraph_xtcu6_10 layout-component text-serif-m layout-normal text-serif-m layout-padded\">\u2013 Men i alle dager. Han f\u00e5r r\u00f8dt kort for \u00e5 ha sl\u00e5tt etter egen spiller. Det er helt oppsiktsvekkende. Det er helt rullegardinen ned. Meget spesiell situasjon, sier Viaplay-kommentator Andreas Toft.<\/p>\n<p class=\"_paragraph_o9xde_4 _paragraph_xtcu6_10 layout-component text-serif-m layout-normal text-serif-m layout-padded\">Ekspert Nils Johan Semb kommenterte det slik:<\/p>\n<p class=\"_paragraph_o9xde_4 _paragraph_xtcu6_10 layout-component text-serif-m layout-normal text-serif-m layout-padded\">\u2013 Det er veldig oppsiktsvekkende. For en situasjon. Jeg kan nesten ikke huske \u00e5 ha sett det i Premier League.<\/p>\n<p class=\"_paragraph_o9xde_4 _paragraph_xtcu6_10 layout-component text-serif-m layout-normal text-serif-m layout-padded\">Premier League har opplevd lignende f\u00f8r. Tilbake i 2005 havnet<a href=\"https:\/\/www.vg.no\/sport\/i\/79VO4\/lagkamerater-i-vill-nevekamp\" data-track-element-type=\"Link\" data-track-id=\"link:79VO4\" class=\"_link_o9xde_39\" rel=\"nofollow noopener\" target=\"_blank\"> Newcastle-lagkompisene Kieron Dyer og Lee Bowyer i en \u00abvill nevekamp\u00bb<\/a> i en match mot Aston Villa. <\/p>\n<p class=\"_paragraph_o9xde_4 _paragraph_xtcu6_10 layout-component text-serif-m layout-normal text-serif-m layout-padded\">Ogs\u00e5 den gangen over\u00f8ste de to hverandre med ukvemsord mens de n\u00e6rmet seg faretruende rett mot hverandre.<\/p>\n<p class=\"_paragraph_o9xde_4 _paragraph_xtcu6_10 layout-component text-serif-m layout-normal text-serif-m layout-padded\">Bowyer gikk rolig helt opp i ansiktet p\u00e5 Dyer og de to m\u00e5lte hverandre opp og ned &#8211; panne mot panne. S\u00e5 startet sl\u00e5sskampen, Lee Bowyer slo f\u00f8rst og fortsatte \u00e5 sl\u00e5, mens Dyer ikke maktet \u00e5 komme til med slagene sine.<\/p>\n<p class=\"_paragraph_o9xde_4 _paragraph_xtcu6_10 layout-component text-serif-m layout-normal text-serif-m layout-padded\">Enden p\u00e5 visa ble at begge ble vist ut.<\/p>\n<p class=\"_paragraph_o9xde_4 _paragraph_xtcu6_10 layout-component text-serif-m layout-normal text-serif-m layout-padded\">Samme <a href=\"https:\/\/www.vg.no\/sport\/i\/dgJXw\/bowyer-og-dyer-beklager-etter-premier-league-skandale\" data-track-element-type=\"Link\" data-track-id=\"link:dgJXw\" class=\"_link_o9xde_39\" rel=\"nofollow noopener\" target=\"_blank\">dag stilte de to opp p\u00e5 en pressekonferanse og beklaget oppf\u00f8rselen<\/a> sin.<\/p>\n<p><img alt=\"SA UNNSKYLD: Kieron Dyer (t.v.) og Lee Bowyer beklaget oppf\u00f8rselen sin overfor manager Greame Souness (i midten) og resten av Newcastle straks etter kampslutt.  Foto: SCOTT HEPPELL \/ AP \/ NTB\" class=\"_image_qp4xg_65 layout-component layout-normal\" data-fullscreen- data-track-element-type=\"Article image fullscreen\" data-track-name=\"ImageFullscreen\" decoding=\"async\" loading=\"lazy\" height=\"1203\" itemprop=\"image\"  src=\"https:\/\/www.europesays.com\/no\/wp-content\/uploads\/2025\/11\/1c4f2a24-0379-4425-bd56-34be65a11929\"  style=\"object-position:0% 0%\" width=\"2000\"\/>SA UNNSKYLD: Kieron Dyer (t.v.) og Lee Bowyer beklaget oppf\u00f8rselen sin overfor manager Greame Souness (i midten) og resten av Newcastle straks etter kampslutt.  Foto: SCOTT HEPPELL \/ AP \/ NTB<\/p>\n<p class=\"_paragraph_o9xde_4 _paragraph_xtcu6_10 layout-component text-serif-m layout-normal text-serif-m layout-padded\">VG utvider saken.<\/p>\n","protected":false},"excerpt":{"rendered":"\u00abHan har klikket. Han har sl\u00e5tt sin egen lagkamerat!\u00bb, sier Sky Sports-ekspert Gary Neville. Oppdatert mandag 24. november&hellip;\n","protected":false},"author":2,"featured_media":95725,"comment_status":"","ping_status":"","sticky":false,"template":"","format":"standard","meta":{"footnotes":""},"categories":[59],"tags":[2385,158,30,28,29,161,83,82],"class_list":{"0":"post-95724","1":"post","2":"type-post","3":"status-publish","4":"format-standard","5":"has-post-thumbnail","7":"category-sport","8":"tag-everton-fc","9":"tag-manchester-united","10":"tag-no","11":"tag-norge","12":"tag-norway","13":"tag-premier-league","14":"tag-sport","15":"tag-sports"},"share_on_mastodon":{"url":"https:\/\/pubeurope.com\/@no\/115606644926875767","error":""},"_links":{"self":[{"href":"https:\/\/www.europesays.com\/no\/wp-json\/wp\/v2\/posts\/95724","targetHints":{"allow":["GET"]}}],"collection":[{"href":"https:\/\/www.europesays.com\/no\/wp-json\/wp\/v2\/posts"}],"about":[{"href":"https:\/\/www.europesays.com\/no\/wp-json\/wp\/v2\/types\/post"}],"author":[{"embeddable":true,"href":"https:\/\/www.europesays.com\/no\/wp-json\/wp\/v2\/users\/2"}],"replies":[{"embeddable":true,"href":"https:\/\/www.europesays.com\/no\/wp-json\/wp\/v2\/comments?post=95724"}],"version-history":[{"count":0,"href":"https:\/\/www.europesays.com\/no\/wp-json\/wp\/v2\/posts\/95724\/revisions"}],"wp:featuredmedia":[{"embeddable":true,"href":"https:\/\/www.europesays.com\/no\/wp-json\/wp\/v2\/media\/95725"}],"wp:attachment":[{"href":"https:\/\/www.europesays.com\/no\/wp-json\/wp\/v2\/media?parent=95724"}],"wp:term":[{"taxonomy":"category","embeddable":true,"href":"https:\/\/www.europesays.com\/no\/wp-json\/wp\/v2\/categories?post=95724"},{"taxonomy":"post_tag","embeddable":true,"href":"https:\/\/www.europesays.com\/no\/wp-json\/wp\/v2\/tags?post=95724"}],"curies":[{"name":"wp","href":"https:\/\/api.w.org\/{rel}","templated":true}]}}