{"id":95730,"date":"2025-11-24T20:54:47","date_gmt":"2025-11-24T20:54:47","guid":{"rendered":"https:\/\/www.europesays.com\/no\/95730\/"},"modified":"2025-11-24T20:54:47","modified_gmt":"2025-11-24T20:54:47","slug":"mimir-kristjansson-raser-mot-dagligvaregigantene","status":"publish","type":"post","link":"https:\/\/www.europesays.com\/no\/95730\/","title":{"rendered":"M\u00edmir Kristj\u00e1nsson raser mot dagligvaregigantene"},"content":{"rendered":"<p>    Kort fortalt<\/p>\n<p lang=\"nb-NO\">Influenser Fetisha Williams kritiserer h\u00f8ye matvarepriser og boikotter store kjeder.<\/p>\n<p lang=\"nb-NO\">R\u00f8dt-politiker M\u00edmir Kristj\u00e1nsson mener pris\u00f8kningen beriker de rike og rammer forbrukerne.<\/p>\n<p lang=\"nb-NO\">Reitan Retail avviser anklager om \u00f8kte marginer og peker p\u00e5 globale \u00e5rsaker til prisstigning.<\/p>\n<p lang=\"nb-NO\">Kristj\u00e1nsson foresl\u00e5r tiltak som \u00e5 bryte opp kjedemakt og etablere offentlige matbutikker.<\/p>\n<p class=\"italic ai-disclaimer\" data-lab-italic=\"italic\">Sammendraget er laget av ChatGPT og godkjent av DinSide.<\/p>\n<p>      Vis mer<br \/>\n      Vis mindre<\/p>\n<p>&#8211; Jeg skj\u00f8nner ikke hvordan folk overlever n\u00e5r alt er s\u00e5 dyrt om dagen. Vi nordmenn er ikke sinte nok, <a href=\"https:\/\/dinside.dagbladet.no\/okonomi\/langer-ut-foler-meg-lurt\/83874522\" target=\"_blank\" rel=\"nofollow noopener\">sa influenser Fetisha Williams til DinSide nylig<\/a>.<\/p>\n<p>Hun\u00a0mener at dagligvaregigantene tar seg altfor godt betalt.<\/p>\n<p class=\"font-weight-bold m-font-weight-bold\" data-lab-font_weight=\"font-weight-bold\">&#8211;\u00a0Jeg f\u00f8ler meg lurt. Hvorfor koster en agurk 33 kroner n\u00e5? Jeg skj\u00f8nner det ikke. Det er dr\u00f8yt og litt frekt, sa Williams.<\/p>\n<p>Influenseren har derfor valgt \u00e5 ta grep: boikotte de store dagligvarekjedene og bli \u00abnorsketarianer\u00bb i en m\u00e5ned. <\/p>\n<p>&#8211; Jeg<br \/>\nsynes det er flaut at en influenser skj\u00f8nner mer om dette enn politikerne v\u00e5re<br \/>\ngj\u00f8r, sier M\u00edmir Kristj\u00e1nsson (R), etter \u00e5 ha lest DinSides sak.<\/p>\n<p>    <a itemprop=\"url\" href=\"https:\/\/dinside.dagbladet.no\/okonomi\/slar-prisalarm-utrolig-stor-forskjell\/83865341\" rel=\"nofollow noopener\" target=\"_blank\"><\/p>\n<p>      <img loading=\"lazy\" decoding=\"async\" src=\"https:\/\/www.europesays.com\/no\/wp-content\/uploads\/2025\/11\/83880725.webp\" width=\"147\" height=\"98\" title=\"Over 300 kroner dyrere\" alt=\"\" class=\"lazyload\" style=\"--aspect-ratio-image: 1.50; \"\/><\/p>\n<p>        Over 300 kroner dyrere<\/p>\n<p>    <\/a><\/p>\n<p>&#8211; Lurer oss\t<\/p>\n<p>R\u00f8dt-politikeren holder ikke tilbake n\u00e5r han snakker om de norske matprisene, som har \u00f8kt mye de siste \u00e5ra.<\/p>\n<p>Bare fra september til oktober steg prisene p\u00e5 matvarer og alkoholfri drikke med 0,6 prosent. Ser vi p\u00e5 oktober 2024 til oktober 2025, har prisene steget med hele 6,2 prosent,\u00a0<a href=\"https:\/\/www.ssb.no\/priser-og-prisindekser\/konsumpriser\/statistikk\/konsumprisindeksen\" rel=\"nofollow noopener\" target=\"_blank\">skriver SSB<\/a>. <\/p>\n<p class=\"font-weight-bold m-font-weight-bold\" data-lab-font_weight=\"font-weight-bold\">&#8211; Det er ikke mulig \u00e5\u00a0se at pengene faktisk havner hos b\u00f8ndene og<br \/>\nbutikkmedarbeiderne, sier Kristj\u00e1nsson.<\/p>\n<p>Den frittalende politikeren mener at pengene havner i lommene til de som sitter<br \/>\np\u00e5\u00a0toppen.\u00a0<\/p>\n<p>&#8211; De utnytter pris\u00f8kningen i samfunnet til fordel for egen<br \/>\nprofitt. De lurer oss ved at de tar for mye betalt for maten &#8211; mye mer enn det koster<br \/>\n\u00e5 produsere den, tordner han.<\/p>\n<p>&#8211; De beriker seg alts\u00e5 p\u00e5 helt n\u00f8dvendige behov &#8211; mat &#8211; som alle<br \/>\nmennesker m\u00e5 ha.<\/p>\n<p>    <a itemprop=\"url\" href=\"https:\/\/dinside.dagbladet.no\/fritid\/julekalender-refses-en-darlig-plan\/83872768\" rel=\"nofollow noopener\" target=\"_blank\"><\/p>\n<p>      <img loading=\"lazy\" decoding=\"async\" src=\"https:\/\/www.europesays.com\/no\/wp-content\/uploads\/2025\/11\/1764017684_708_83872803.webp\" width=\"980\" height=\"441\" title=\"Raser mot dette\" alt=\"\" class=\"lazyload\" style=\"--aspect-ratio-image: 2.22; \"\/><\/p>\n<p>        Raser mot dette<\/p>\n<p>    <\/a><\/p>\n<p>De rike blir rikere\t<\/p>\n<p> Kristj\u00e1nsson trekker fram Reitan-familien, som n\u00e5 har en formue p\u00e5 rundt 77 milliarder kroner.\u00a0<\/p>\n<p>&#8211; Det er \u00e5tte milliarder mer enn i fjor. Disse summene er ikke noe sm\u00e5tteri, sier politikeren.<\/p>\n<p class=\"font-weight-bold m-font-weight-bold\" data-lab-font_weight=\"font-weight-bold\">Han mener at de har utnyttet prisstigningen til bare \u00e5 bli rikere selv.\u00a0<\/p>\n<p>&#8211; De driver konsekvent og lurer oss<br \/>\nmed krympflasjon og forskjellige lokketilbud. De har s\u00e5\u00a0mye makt at de er i en posisjon til \u00e5\u00a0lokke folk, og sitter igjen med enorme summer, hevder Kristj\u00e1nsson.<\/p>\n<p>        F\u00c6RRE INGREDIENSER: \u00abClean label\u00bb-trenden er kjempe stor og har n\u00e5 kommet til Norge. Video: Embla Hjort-Larsen<\/p>\n<p>Reitan tar avstand\t<\/p>\n<p>Kommunikasjonslederen i Reitan Retail &#8211; som eier Rema 1000, synes ikke det er rart at folk reagerer p\u00e5 at matvareprisene har steget s\u00e5 kraftig som de har gjort de siste \u00e5ra.\u00a0<\/p>\n<p class=\"font-weight-bold m-font-weight-bold\" data-lab-font_weight=\"font-weight-bold\">&#8211; Men det stemmer ikke at bransjen har brukt dyrtida til \u00e5 ta ut h\u00f8yere marginer. Det har Konkurransetilsynet sl\u00e5tt fast i studier som regjeringen har bestilt, sier \u00d8yvind Breivik til DinSide.<\/p>\n<p>Han understreker at \u00e5rsaken til prisutviklingen er sammensatt: svakere krone, h\u00f8yere energipriser, ekstremv\u00e6r som har p\u00e5virket tilgangen p\u00e5 r\u00e5varer og forstyrrelser i forsyningskjedene som f\u00f8lge av krigen i Ukraina.\u00a0<\/p>\n<p>&#8211; Dette er noen av de viktigste \u00e5rsakene. Inflasjonsutviklingen har v\u00e6rt et globalt fenomen og en stor utfordring for mange, ogs\u00e5 i landene rundt oss, forteller Breivik.<\/p>\n<p>        Tips oss<\/p>\n<p class=\"subtitle\">Har du innspill til saker om dagligvarepriser, sparing eller skatt? Send oss et tips! \ud83d\udcb0<\/p>\n<p>Av total butikkomsetning i selskapet Reitan, utgj\u00f8r norsk dagligvare 41 prosent, skal vi tro kommunikasjonslederen.\u00a0<\/p>\n<p>&#8211; Vi har virksomhet i sju land, sysselsetter 46\u00a0000 mennesker, og har blitt en av Norges st\u00f8rste akt\u00f8rer innen eiendom. Dette ser det ut til at\u00a0Kristj\u00e1nsson\u00a0hopper bukk over fordi det ikke passer hans politiske budskap, mener Breivik.<\/p>\n<p>&#8211; Hans uttalelser om at vi fors\u00f8ker \u00e5 lure forbrukerne tar vi avstand fra, legger han til.<\/p>\n<p>    <a itemprop=\"url\" href=\"https:\/\/dinside.dagbladet.no\/fritid\/forskere-billigmaten-gjor-oss-syke\/83873060\" rel=\"nofollow noopener\" target=\"_blank\"><\/p>\n<p>      <img loading=\"lazy\" decoding=\"async\" src=\"https:\/\/www.europesays.com\/no\/wp-content\/uploads\/2025\/11\/1764017686_954_83874632.webp\" width=\"980\" height=\"441\" title=\"Sl\u00e5r full alarm\" alt=\"\" class=\"lazyload\" style=\"--aspect-ratio-image: 2.22; \"\/><\/p>\n<p>        Sl\u00e5r full alarm<\/p>\n<p>    <\/a><\/p>\n<p>&#8211; Veldig kynisk\t<\/p>\n<p> M\u00edmir Kristj\u00e1nsson\u00a0understreker at det ikke er mange som har mulighet til \u00e5 gj\u00f8re det samme som Fetisha Williams.\u00a0<\/p>\n<p>Han trekker fram en\u00a0alenemor med tre barn som eksempel, og sier at tida ikke strekker til.<\/p>\n<p>&#8211; Nordmenn<br \/>\nburde v\u00e6re sintere, fordi de skj\u00f8nner ikke fullt og helt hvor mye<br \/>\ndagligvaregigantene\u00a0tar fra oss hvert \u00e5r. Norske b\u00f8nder har knapt nok til<br \/>\nsalt i gr\u00f8ten, mens de store akt\u00f8rene h\u00e5ver inn, hevder Kristj\u00e1nsson. <\/p>\n<p>&#8211; Vi alle m\u00e5 ha mat, og da er<br \/>\ndet veldig kynisk at de med makt bare tenker p\u00e5 seg selv og p\u00e5 at de skal<br \/>\npresse sin egen profitt opp, freser han.<\/p>\n<p>Den frittalende politikeren forteller ogs\u00e5 at mange venter p\u00e5 en st\u00f8rre rentenedgang, som if\u00f8lge ham trolig ikke kommer fordi mat er s\u00e5 dyrt.\u00a0<\/p>\n<p>&#8211; Matgigantene utnytter rett og slett<br \/>\nprisstigningen, mener\u00a0Kristj\u00e1nsson. <\/p>\n<p>        TACO-TIPS: Hvis du spiser taco hver uke, og i tillegg er i Sverige og handler en gang i blant, b\u00f8r du f\u00e5 med deg disse tipsene! Video: Embla Hjort-Larsen<\/p>\n<p>Foresl\u00e5r konkrete grep<\/p>\n<p>Det er noen viktige grep som b\u00f8r tas for \u00e5 f\u00e5 billigere mat til folket, mener politikeren:<\/p>\n<ul>\n<li>Bryte opp de store kjedene.<\/li>\n<li>Stramme inn reglene for m\u00e5ten han mener de driver med tilbud, krympflasjon og markedsf\u00f8ring p\u00e5.<\/li>\n<li>Etablere offentlige matbutikker som et alternativ..<\/li>\n<\/ul>\n<p>&#8211; Summen av<br \/>\ndette er viktig for \u00e5 f\u00e5 gjort noe med kjedemakten. Mange tenker nok ogs\u00e5 at de<br \/>\nikke kan gj\u00f8re noe med dette, men det er bare tull &#8211; for det kan vi, mener Kristj\u00e1nsson. <\/p>\n<p>    <a itemprop=\"url\" href=\"https:\/\/dinside.dagbladet.no\/okonomi\/sparer-80-prosent-pa-harryhandel\/83862302\" rel=\"nofollow noopener\" target=\"_blank\"><\/p>\n<p>      <img loading=\"lazy\" decoding=\"async\" src=\"https:\/\/www.europesays.com\/no\/wp-content\/uploads\/2025\/11\/83879822.webp\" width=\"980\" height=\"441\" title=\"Elleville priser\" alt=\"\" class=\"lazyload\" style=\"--aspect-ratio-image: 2.22; \"\/><\/p>\n<p>        Elleville priser<\/p>\n<p>    <\/a><\/p>\n<p>Statssekret\u00e6r i N\u00e6rings- og fiskeridepartementet, Vegard Gr\u00f8slie Wennesland, sier det er veldig forst\u00e5elig at folk reagerer p\u00e5 \u00f8kte matvarepriser og at de derfor har innf\u00f8rt flere tiltak som skal bidra til bedre konkurranse innen dagligvarebransjen.\u00a0<\/p>\n<p>&#8211; Konkurransetilsynet er styrket med \u00f8kte bevilgninger og nye verkt\u00f8y, det er gjort grep for \u00e5 gj\u00f8re det enklere for konkurrenter \u00e5 f\u00e5 tilgang til butikklokaler og det jobbes med tiltak for \u00e5 styrke tilsynet med bransjen, forteller Wennesland til DinSide.<\/p>\n<p>De vil ogs\u00e5 styrke forbrukermakten, og kartlegger n\u00e5 hvordan forbrukerne opplever prising og bonus-\/fordelsprogrammer i matbutikkene.\u00a0<\/p>\n<p>&#8211; Et viktig m\u00e5l er at det skal v\u00e6re enkelt \u00e5 se hva en matvare koster, og \u00e5 sammenlikne priser mellom butikker. Det er summen av regjeringens tiltak over tid som vil kunne bidra til bedre konkurranse og et bedre dagligvaretilbud for forbrukerne, forklarer Wennesland.<\/p>\n","protected":false},"excerpt":{"rendered":"Kort fortalt Influenser Fetisha Williams kritiserer h\u00f8ye matvarepriser og boikotter store kjeder. R\u00f8dt-politiker M\u00edmir Kristj\u00e1nsson mener pris\u00f8kningen beriker&hellip;\n","protected":false},"author":2,"featured_media":95731,"comment_status":"","ping_status":"","sticky":false,"template":"","format":"standard","meta":{"footnotes":""},"categories":[5],"tags":[20,21,1332,24,25,15,19,22,23,17,18,1229,1226,13,30,28,29,14,16,572,1394,26,27],"class_list":{"0":"post-95730","1":"post","2":"type-post","3":"status-publish","4":"format-standard","5":"has-post-thumbnail","7":"category-overskrifter","8":"tag-breaking-news","9":"tag-breakingnews","10":"tag-dagligvarer","11":"tag-featured-news","12":"tag-featurednews","13":"tag-headlines","14":"tag-hovedoppslag","15":"tag-latest-news","16":"tag-latestnews","17":"tag-main-news","18":"tag-mainnews","19":"tag-matpriser","20":"tag-mimir-kristjansson","21":"tag-news","22":"tag-no","23":"tag-norge","24":"tag-norway","25":"tag-nyheter","26":"tag-overskrifter","27":"tag-okonomi","28":"tag-rema-1000","29":"tag-top-stories","30":"tag-topstories"},"share_on_mastodon":{"url":"https:\/\/pubeurope.com\/@no\/115606672223314068","error":""},"_links":{"self":[{"href":"https:\/\/www.europesays.com\/no\/wp-json\/wp\/v2\/posts\/95730","targetHints":{"allow":["GET"]}}],"collection":[{"href":"https:\/\/www.europesays.com\/no\/wp-json\/wp\/v2\/posts"}],"about":[{"href":"https:\/\/www.europesays.com\/no\/wp-json\/wp\/v2\/types\/post"}],"author":[{"embeddable":true,"href":"https:\/\/www.europesays.com\/no\/wp-json\/wp\/v2\/users\/2"}],"replies":[{"embeddable":true,"href":"https:\/\/www.europesays.com\/no\/wp-json\/wp\/v2\/comments?post=95730"}],"version-history":[{"count":0,"href":"https:\/\/www.europesays.com\/no\/wp-json\/wp\/v2\/posts\/95730\/revisions"}],"wp:featuredmedia":[{"embeddable":true,"href":"https:\/\/www.europesays.com\/no\/wp-json\/wp\/v2\/media\/95731"}],"wp:attachment":[{"href":"https:\/\/www.europesays.com\/no\/wp-json\/wp\/v2\/media?parent=95730"}],"wp:term":[{"taxonomy":"category","embeddable":true,"href":"https:\/\/www.europesays.com\/no\/wp-json\/wp\/v2\/categories?post=95730"},{"taxonomy":"post_tag","embeddable":true,"href":"https:\/\/www.europesays.com\/no\/wp-json\/wp\/v2\/tags?post=95730"}],"curies":[{"name":"wp","href":"https:\/\/api.w.org\/{rel}","templated":true}]}}