{"id":95732,"date":"2025-11-24T20:55:09","date_gmt":"2025-11-24T20:55:09","guid":{"rendered":"https:\/\/www.europesays.com\/no\/95732\/"},"modified":"2025-11-24T20:55:09","modified_gmt":"2025-11-24T20:55:09","slug":"manchester-united-everton-sjokkerende-scener-i-premier-league-kampen-i-alle-dager","status":"publish","type":"post","link":"https:\/\/www.europesays.com\/no\/95732\/","title":{"rendered":"Manchester United, Everton | Sjokkerende scener i Premier League-kampen: \u2013 I alle dager?"},"content":{"rendered":"\n<p><a href=\"https:\/\/live.nettavisen.no\/fotball\/1\/2025-11-24\/kamp\/2636368\" rel=\"Follow nofollow noopener\" target=\"_blank\"><b>MANCHESTER UNITED \u2013 EVERTON 0\u20131<\/b><\/a><\/p>\n<p>Saken oppdateres fortl\u00f8pende \u2013 kampen spilles n\u00e5!<\/p>\n<p>Manchester United tar imot Everton p\u00e5 Old Trafford mandag kveld.<\/p>\n<p>Etter dr\u00f8yt tolv minutter kom kampens f\u00f8rste sjanse, signert Bruno Fernandes. <\/p>\n<p>Like etterp\u00e5 utspilte det seg bemerkelsesverdige scener p\u00e5 den stappfulle arenaen. Everton-profil Idrissa Gana Gueye fikk nemlig r\u00f8dt kort, for \u00e5 ha sl\u00e5tt etter egen medspiller. <\/p>\n<p>\u2013 De mister en veldig god spiller her, sier Viaplay-kommentator Andreas Toft.<\/p>\n<p>Absurde scener<\/p>\n<p>Sammen med ekspert Nils Johan Semb ser han episoden i reprise. Det fikk duoen til \u00e5 reagere. <\/p>\n<p>\u2013 Dette er oppsiktsvekkende. I alle dager, han f\u00e5r r\u00f8dt kort for \u00e5 ha sl\u00e5tt etter egen spiller, utbryter Semb. <\/p>\n<p>Duoen omtaler det hele som en \u00abveldig spesiell situasjon\u00bb. <\/p>\n<p>Det r\u00f8de kortet skapte straks reaksjoner. Fotballekspert Gary Neville ble sv\u00e6rt overrasket.<\/p>\n<p>\u2013 De kranglet ikke, det var ikke en krangel. Det kunne ha v\u00e6rt et gult kort, jeg tror ikke det trengte \u00e5 v\u00e6re r\u00f8dt, sier han i Sky Sports.<\/p>\n<p>Scoring<\/p>\n<p>Med ti mann p\u00e5 banen kunne det se ut til \u00e5 bli vanskelig for de tilreisende. Slik ble det p\u00e5 ingen m\u00e5te ikke.<\/p>\n<p>Everton gikk like gjerne opp i ledelsen i det 29. minutt. <\/p>\n<p>Kiernan Dewsbury-Hall s\u00f8rget for 0\u20131.<\/p>\n","protected":false},"excerpt":{"rendered":"MANCHESTER UNITED \u2013 EVERTON 0\u20131 Saken oppdateres fortl\u00f8pende \u2013 kampen spilles n\u00e5! Manchester United tar imot Everton p\u00e5&hellip;\n","protected":false},"author":2,"featured_media":95733,"comment_status":"","ping_status":"","sticky":false,"template":"","format":"standard","meta":{"footnotes":""},"categories":[59],"tags":[30,28,29,83,82],"class_list":{"0":"post-95732","1":"post","2":"type-post","3":"status-publish","4":"format-standard","5":"has-post-thumbnail","7":"category-sport","8":"tag-no","9":"tag-norge","10":"tag-norway","11":"tag-sport","12":"tag-sports"},"share_on_mastodon":{"url":"https:\/\/pubeurope.com\/@no\/115606672321996415","error":""},"_links":{"self":[{"href":"https:\/\/www.europesays.com\/no\/wp-json\/wp\/v2\/posts\/95732","targetHints":{"allow":["GET"]}}],"collection":[{"href":"https:\/\/www.europesays.com\/no\/wp-json\/wp\/v2\/posts"}],"about":[{"href":"https:\/\/www.europesays.com\/no\/wp-json\/wp\/v2\/types\/post"}],"author":[{"embeddable":true,"href":"https:\/\/www.europesays.com\/no\/wp-json\/wp\/v2\/users\/2"}],"replies":[{"embeddable":true,"href":"https:\/\/www.europesays.com\/no\/wp-json\/wp\/v2\/comments?post=95732"}],"version-history":[{"count":0,"href":"https:\/\/www.europesays.com\/no\/wp-json\/wp\/v2\/posts\/95732\/revisions"}],"wp:featuredmedia":[{"embeddable":true,"href":"https:\/\/www.europesays.com\/no\/wp-json\/wp\/v2\/media\/95733"}],"wp:attachment":[{"href":"https:\/\/www.europesays.com\/no\/wp-json\/wp\/v2\/media?parent=95732"}],"wp:term":[{"taxonomy":"category","embeddable":true,"href":"https:\/\/www.europesays.com\/no\/wp-json\/wp\/v2\/categories?post=95732"},{"taxonomy":"post_tag","embeddable":true,"href":"https:\/\/www.europesays.com\/no\/wp-json\/wp\/v2\/tags?post=95732"}],"curies":[{"name":"wp","href":"https:\/\/api.w.org\/{rel}","templated":true}]}}