{"id":95734,"date":"2025-11-24T21:04:52","date_gmt":"2025-11-24T21:04:52","guid":{"rendered":"https:\/\/www.europesays.com\/no\/95734\/"},"modified":"2025-11-24T21:04:52","modified_gmt":"2025-11-24T21:04:52","slug":"dette-vart-det-beste-juleolet-vestlandsnytt-no","status":"publish","type":"post","link":"https:\/\/www.europesays.com\/no\/95734\/","title":{"rendered":"Dette vart det beste jule\u00f8let &#8211; vestlandsnytt.no"},"content":{"rendered":"<ol>\n<li><a href=\"https:\/\/news.google.com\/rss\/articles\/CBMiggFBVV95cUxNdEtPTTF6M01wQThnNXpmZHlUMjhNdmJiRGFrTmZfUTV1MEVFcUNCVVNhTGEzbjg5cjNsby1rWmptOGhxdGlQYkVDbHdyTWdSWHFCdHhEWG5SQkRhenZ3ZlVqc29mOHZKNC03TnhIRUM1S250X3JEX3BxN0oxWTA5a0p3?oc=5\" target=\"_blank\" rel=\"nofollow noopener\">Dette vart det beste jule\u00f8let<\/a>&nbsp;&nbsp;vestlandsnytt.no<\/li>\n<li><a href=\"https:\/\/news.google.com\/rss\/articles\/CBMivwFBVV95cUxPNWVDNEkyUHhoXzhYVHVWVm1wNEgzbVNndk1DbXJHOUJZbE4yN3hrMEtmVlhyTUVvVVlnc0E1VU5Sek1VSHpJNXVfcjVJWHl0c29IU3N1Ti1qbE9Eb19RWVlzUlJtLVNtWHdhZTVZdjF4VXRqb05XRVpQU2N6emZJT194U2ZfZ01tMkRyVXJhemZSYUFNdXVQalpNS0FoMDZUUUVtQ0pVLU1kTkczRDNxRVJ6UnQ4ci1VYjEza1ozYw?oc=5\" target=\"_blank\" rel=\"nofollow noopener\">\u00c5rets jule\u00f8l 2025: Det beste jule\u00f8let fra de store bryggeriene<\/a>&nbsp;&nbsp;Nettavisen<\/li>\n<li><a href=\"https:\/\/news.google.com\/rss\/articles\/CBMifkFVX3lxTE0zekJvQlVKUy1TZTV5WDJqbm1kWUg2WHRmR1lqUHd5M0RkdDl0bU1CUE9WSE9Wel9Tdm42TGFKRlhLNC1vNmNNcFlyQnMyZ0VmLV83OWt2LUh0Wlh3MVhhZXVRN3RTanJOQU1IVGYwMWtVQkRlN3k3aGdyR1Vtdw?oc=5\" target=\"_blank\" rel=\"nofollow noopener\">De har testet 35 tr\u00f8nderske jule\u00f8l &#8211; dette er de beste<\/a>&nbsp;&nbsp;adressa.no<\/li>\n<li><a href=\"https:\/\/news.google.com\/rss\/articles\/CBMikAFBVV95cUxQcEZDV0NlaUNQNDhZYWQ0OXVQaTgxa1dOcWNVWFdPYU4tV2VFN0VCYWRJQk5Da1dWUUt4LVlKOFZBWG9ZQ2pSS2F4MHU3RDFZcXRhbUJyMUg0SXRPaTVHVVVodC15YXhWcDhhU1FIamI5S3N2cGxMOUZWdkdfYWxJMzdmUUw5UkpIbWxIUzFNTi0?oc=5\" target=\"_blank\" rel=\"nofollow noopener\">Seksar p\u00e5 terningen sende salet til himmels: \u2013 Over all forventing<\/a>&nbsp;&nbsp;bygdanytt.no<\/li>\n<li><a href=\"https:\/\/news.google.com\/rss\/articles\/CBMiekFVX3lxTE1VNHB6WU90Vms3cjh3cXlvUk8xdEcwTjVJVlhNTXNaZFF2Z2dSSzh4RVg3WU1hTWNXS3Nxcm4za01YUUw1RVlhX1FtcWZfMUk4ZEVSdDViRS1aUU1KTnJWa1VwYlBmX3pOQVV1S2FscEdtOWU5TWJCaTJn?oc=5\" target=\"_blank\" rel=\"nofollow noopener\">Samlast til tusen \u00e5r gamal tradisjon<\/a>&nbsp;&nbsp;morenytt.no<\/li>\n<\/ol>\n","protected":false},"excerpt":{"rendered":"Dette vart det beste jule\u00f8let&nbsp;&nbsp;vestlandsnytt.no \u00c5rets jule\u00f8l 2025: Det beste jule\u00f8let fra de store bryggeriene&nbsp;&nbsp;Nettavisen De har testet&hellip;\n","protected":false},"author":2,"featured_media":95735,"comment_status":"","ping_status":"","sticky":false,"template":"","format":"standard","meta":{"footnotes":""},"categories":[56],"tags":[60,61,62,30,28,29],"class_list":{"0":"post-95734","1":"post","2":"type-post","3":"status-publish","4":"format-standard","5":"has-post-thumbnail","7":"category-naeringsliv","8":"tag-business","9":"tag-economy","10":"tag-naeringsliv","11":"tag-no","12":"tag-norge","13":"tag-norway"},"share_on_mastodon":{"url":"https:\/\/pubeurope.com\/@no\/115606711540042185","error":""},"_links":{"self":[{"href":"https:\/\/www.europesays.com\/no\/wp-json\/wp\/v2\/posts\/95734","targetHints":{"allow":["GET"]}}],"collection":[{"href":"https:\/\/www.europesays.com\/no\/wp-json\/wp\/v2\/posts"}],"about":[{"href":"https:\/\/www.europesays.com\/no\/wp-json\/wp\/v2\/types\/post"}],"author":[{"embeddable":true,"href":"https:\/\/www.europesays.com\/no\/wp-json\/wp\/v2\/users\/2"}],"replies":[{"embeddable":true,"href":"https:\/\/www.europesays.com\/no\/wp-json\/wp\/v2\/comments?post=95734"}],"version-history":[{"count":0,"href":"https:\/\/www.europesays.com\/no\/wp-json\/wp\/v2\/posts\/95734\/revisions"}],"wp:featuredmedia":[{"embeddable":true,"href":"https:\/\/www.europesays.com\/no\/wp-json\/wp\/v2\/media\/95735"}],"wp:attachment":[{"href":"https:\/\/www.europesays.com\/no\/wp-json\/wp\/v2\/media?parent=95734"}],"wp:term":[{"taxonomy":"category","embeddable":true,"href":"https:\/\/www.europesays.com\/no\/wp-json\/wp\/v2\/categories?post=95734"},{"taxonomy":"post_tag","embeddable":true,"href":"https:\/\/www.europesays.com\/no\/wp-json\/wp\/v2\/tags?post=95734"}],"curies":[{"name":"wp","href":"https:\/\/api.w.org\/{rel}","templated":true}]}}