{"id":95736,"date":"2025-11-24T21:05:10","date_gmt":"2025-11-24T21:05:10","guid":{"rendered":"https:\/\/www.europesays.com\/no\/95736\/"},"modified":"2025-11-24T21:05:10","modified_gmt":"2025-11-24T21:05:10","slug":"ordforer-raymond-pa-plass-for-a-ta-imot-passasjerene-fra-det-havarerte-toget-ikke-snakk-om-personskader-helgelendingen","status":"publish","type":"post","link":"https:\/\/www.europesays.com\/no\/95736\/","title":{"rendered":"Ordf\u00f8rer Raymond p\u00e5 plass for \u00e5 ta imot passasjerene fra det havarerte toget: \u2013 Ikke snakk om personskader &#8211; Helgelendingen"},"content":{"rendered":"<ol>\n<li><a href=\"https:\/\/news.google.com\/rss\/articles\/CBMi1AFBVV95cUxQMlhtalhHSzN4VHJjM29kdWh6R2dmWjFHcE9YWGUtaWFESjc0YjhDZktVa21pMXZRSm1tcHJPc3FqT0hFV05NOGJ4WjlJOWl2MVgtRzBHVnQzSl9EVE9fMnZKTFd0ZjJUX19kbHhZS3VXaVcxZ1UxOXFxRTM3WTJtY01PY2RPZ09Kc2hRdjd3b1RLS29XQzBVV3I4TFE0U2pLbE9GZWRHTmtzc3h0VkJUQmZFZXpwZ2FoeVdVZlgzSG9DRVEzY29MNXRLWkVrVHFPR3JWVg?oc=5\" target=\"_blank\" rel=\"nofollow noopener\">Ordf\u00f8rer Raymond p\u00e5 plass for \u00e5 ta imot passasjerene fra det havarerte toget: \u2013 Ikke snakk om personskader<\/a>&nbsp;&nbsp;Helgelendingen<\/li>\n<li><a href=\"https:\/\/news.google.com\/rss\/articles\/CBMilAFBVV95cUxNNlBZdlRvTVE3UGVhLTBnVUpwQU1jQmMwcC1aRTB3NmRMNVd0QTlYMDRmSmFlTzVoQ0VyX1VsRC1fWGJtN0hsMVpQNTY3UlJnRFYtcEJCMGhQWlY1Y3RiVVhScEhzbkRiaDF2MlR0ZUEyYm92ZG5qeGN1Sl83cTdUUlBqeW9LdWRvQ29KdXE2d0M5ZEV2?oc=5\" target=\"_blank\" rel=\"nofollow noopener\">Her evakueres de: \u2013 Kronglete jobb<\/a>&nbsp;&nbsp;NRK<\/li>\n<li><a href=\"https:\/\/news.google.com\/rss\/articles\/CBMiogFBVV95cUxOSGlwMHBPQjNQR0JEUVFETnVBUllfbUVMb2ZTLVcyd3ZnU1RHbTRBVGhBUlFCOTZJRFFhUzBXUDlUanh0VnpfY0g1QV9lcHhxU3VISF9YOE5GeThEc2RSOHFoQTN6a0g1eURDQTQySmFjWDZ4UE40Wmh3SlRRc2FjQ1VzSExydlRUQ1hDZW5ObHBnMmpzLXE2OVlTeEdaWERIb3c?oc=5\" target=\"_blank\" rel=\"nofollow noopener\">Tog\u00adpassasjerer evakueres i 14 minusgrader: \u2013\u2060 Begynner \u00e5 bli kaldt<\/a>&nbsp;&nbsp;VG<\/li>\n<li><a href=\"https:\/\/news.google.com\/rss\/articles\/CBMicEFVX3lxTE9lTHYyNFVsSldaM01lVEdFd3lQYnJZX0ZfNXBvdHhMMzc0Yk5EWHhackxXaXZlVHp5Q1Z3MVhfYlBJM2ptWTlWVkpxeEl0OUJERGlmal9CZUFFYmZ6TkRsa1dWbWM1UDB3NWRVSXNUM0g?oc=5\" target=\"_blank\" rel=\"nofollow noopener\">&#8211; Mellom 15 og 20 minus<\/a>&nbsp;&nbsp;Dagbladet<\/li>\n<li><a href=\"https:\/\/news.google.com\/rss\/articles\/CBMihwFBVV95cUxPcjlQZ2tuMkhXREdBRmRTSjZ5U29vRWs2dnN5UTdtclNHUEdRdWQwVHJaWFZIbm1vMFhtZ05QS0N5MnB4UDBNQUdIbkQ3anhHSDRDWExqMGFwZUF4a3ZremZqZ0ZaNkdmVkVtcUNPNXlmdWRjTmlMRG9ZWlFsZUw3X1pEVk9CZEU?oc=5\" target=\"_blank\" rel=\"nofollow noopener\">Bom stopp p\u00e5 Nordlandsbanen \u2013 har kj\u00f8rt p\u00e5 rein<\/a>&nbsp;&nbsp;Avisa Nordland<\/li>\n<\/ol>\n","protected":false},"excerpt":{"rendered":"Ordf\u00f8rer Raymond p\u00e5 plass for \u00e5 ta imot passasjerene fra det havarerte toget: \u2013 Ikke snakk om personskader&nbsp;&nbsp;Helgelendingen&hellip;\n","protected":false},"author":2,"featured_media":95737,"comment_status":"","ping_status":"","sticky":false,"template":"","format":"standard","meta":{"footnotes":""},"categories":[5],"tags":[20,21,24,25,15,19,22,23,17,18,13,30,28,29,14,16,26,27],"class_list":{"0":"post-95736","1":"post","2":"type-post","3":"status-publish","4":"format-standard","5":"has-post-thumbnail","7":"category-overskrifter","8":"tag-breaking-news","9":"tag-breakingnews","10":"tag-featured-news","11":"tag-featurednews","12":"tag-headlines","13":"tag-hovedoppslag","14":"tag-latest-news","15":"tag-latestnews","16":"tag-main-news","17":"tag-mainnews","18":"tag-news","19":"tag-no","20":"tag-norge","21":"tag-norway","22":"tag-nyheter","23":"tag-overskrifter","24":"tag-top-stories","25":"tag-topstories"},"share_on_mastodon":{"url":"https:\/\/pubeurope.com\/@no\/115606711623386837","error":""},"_links":{"self":[{"href":"https:\/\/www.europesays.com\/no\/wp-json\/wp\/v2\/posts\/95736","targetHints":{"allow":["GET"]}}],"collection":[{"href":"https:\/\/www.europesays.com\/no\/wp-json\/wp\/v2\/posts"}],"about":[{"href":"https:\/\/www.europesays.com\/no\/wp-json\/wp\/v2\/types\/post"}],"author":[{"embeddable":true,"href":"https:\/\/www.europesays.com\/no\/wp-json\/wp\/v2\/users\/2"}],"replies":[{"embeddable":true,"href":"https:\/\/www.europesays.com\/no\/wp-json\/wp\/v2\/comments?post=95736"}],"version-history":[{"count":0,"href":"https:\/\/www.europesays.com\/no\/wp-json\/wp\/v2\/posts\/95736\/revisions"}],"wp:featuredmedia":[{"embeddable":true,"href":"https:\/\/www.europesays.com\/no\/wp-json\/wp\/v2\/media\/95737"}],"wp:attachment":[{"href":"https:\/\/www.europesays.com\/no\/wp-json\/wp\/v2\/media?parent=95736"}],"wp:term":[{"taxonomy":"category","embeddable":true,"href":"https:\/\/www.europesays.com\/no\/wp-json\/wp\/v2\/categories?post=95736"},{"taxonomy":"post_tag","embeddable":true,"href":"https:\/\/www.europesays.com\/no\/wp-json\/wp\/v2\/tags?post=95736"}],"curies":[{"name":"wp","href":"https:\/\/api.w.org\/{rel}","templated":true}]}}