{"id":95742,"date":"2025-11-24T21:16:13","date_gmt":"2025-11-24T21:16:13","guid":{"rendered":"https:\/\/www.europesays.com\/no\/95742\/"},"modified":"2025-11-24T21:16:13","modified_gmt":"2025-11-24T21:16:13","slug":"totalberedskap-sivil-beredskap-hele-norge-skal-ove-pa-krig-i-2026-vil-at-folk-skal-vite-hva-de-ma-gjore","status":"publish","type":"post","link":"https:\/\/www.europesays.com\/no\/95742\/","title":{"rendered":"Totalberedskap, Sivil beredskap | Hele Norge skal \u00f8ve p\u00e5 krig i 2026: \u2013 Vil at folk skal vite hva de m\u00e5 gj\u00f8re"},"content":{"rendered":"\n<p>\u2013 Hele samfunnet m\u00e5 v\u00e6re forberedt p\u00e5 kriser, hybride trusler og krig, sier Kristine Joy Nordenson Kallset til Nettavisen. Hun er statssekret\u00e6r for justis- og beredskapsminister Astri Aas-Hansen.<\/p>\n<p>2026 vil v\u00e6re preget b\u00e5de av milit\u00e6r\u00f8velser og \u00f8velser for sivil beredskap, og allerede 26. og 27. november i \u00e5r f\u00e5r vi en forsmak med \u00f8velsen Digital 2025. Da skal rundt 60 virksomheter fra offentlig og privat sektor \u00f8ve p\u00e5 \u00e5 motst\u00e5 digitale angrep.<\/p>\n<p>            Slik skal Norge \u00f8ve p\u00e5 krig og kriser<\/p>\n<p><b>Cold Respons 2026<\/b><\/p>\n<p>I mars skal tusenvis av norske og allierte soldater trene p\u00e5 \u00e5 forsvare Norge og Norges n\u00e6romr\u00e5der. Cold Response er en norskledet vinter\u00f8velse som holdes hvert annet \u00e5r. Dette er den st\u00f8rste milit\u00e6r\u00f8velsen i Norge i 2026. Det blir synlig milit\u00e6raktivitet i Nord-Norge b\u00e5de f\u00f8r, under og etter \u00f8velsen.<\/p>\n<p><b>\u00abNorge \u00f8ver\u00bb<\/b><\/p>\n<p>\u00d8velsen \u00abNorge \u00f8ver\u00bb gjennomf\u00f8res h\u00f8sten 2026, og vil kobles til egenberedskapsuken. Ambisjonen for \u00f8velsen er at alle norske kommuner gjennomf\u00f8rer en diskusjons\u00f8velse om deres ansvar og roller i krig. Denne \u00f8velsen er planlagt i juni.<\/p>\n<p><b>Egenberedskapsuken 2026<\/b><\/p>\n<p>Egenberedskapsuka 2026 er under planlegging, og vil bli gjennomf\u00f8rt i uke 44. Hovedbudskapet er at alle b\u00f8r tenke gjennom hvilke hendelser som kan skje som bortfall av kritisk infrastruktur som str\u00f8m, vann og mobilnett og planlegge for \u00e5 ta vare p\u00e5 seg selv og de rundt seg i minst \u00e9n uke.<\/p>\n<p><b>TDX 2026<\/b><\/p>\n<p>\u00d8velse Totalforsvar 2026 (TDX 26) arrangeres h\u00f8sten 2026 og er en s\u00e5kalt spill\u00f8velse. DSB planlegger \u00f8velsen i samarbeid med virksomheter fra offentlig og privat sektor. \u00d8velsen tester myndighetenes evne til \u00e5 fatte gode og effektive beslutninger i en presset situasjon, samt hvilke konsekvenser slike beredskapsmessige beslutninger kan ha.<\/p>\n<p><b>Digital 2025<\/b><\/p>\n<p>I perioden 26. til 27. november i \u00e5r gjennomf\u00f8res \u00f8velsen Digital 2025, en spill\u00f8velse, I en spill\u00f8velse vil akt\u00f8rene ofte befinne seg i sine vanlige lokaler, med de hjelpemidler de normalt har til r\u00e5dighet. Motspillerne befinner seg i andre lokaler, og styrer \u00f8velsen ut i fra en liste med innspill (dreiebok). Denne \u00f8velsen ledes av DSB i samarbeid med Nasjonal sikkerhetsmyndighet (NSM). Rundt 60 virksomheter fra offentlig og privat sektor skal \u00f8ves. Hensikten er \u00e5 styrke samfunnets evne til \u00e5 motst\u00e5 digitale angrep.<\/p>\n<p>  Vil n\u00e5 folk flest<\/p>\n<p>\u2013 Det handler ikke bare om milit\u00e6rt forsvar, men om \u00e5 beskytte befolkningen, kritisk infrastruktur og samfunnets funksjoner, sier Kallset.<\/p>\n<p>\u2013 Hvordan vil vi merke \u00f8velsene som kommer?<\/p>\n<p>\u2013 M\u00e5let er at flest mulig skal merke disse \u00f8velsene og at vi f\u00e5r til \u00e5 \u00f8ve alle deler av samfunnet. \u00d8velsene som st\u00e5r for tur omfatter alt fra den helt spisse delen med \u00f8velser i Forsvaret og ut til statlige virksomheter, direktoratet og kommuner. Og i beredskapsuka er m\u00e5let \u00e5 n\u00e5 folk flest, sier Kallset.<\/p>\n<p><b>Les ogs\u00e5: <a class=\"simple-relation related-teaser article--c-eRUmMG article--c-eRUmMG-fZoQSp-design-nettavisen article--c-eRUmMG-gwthdJ-cv\" href=\"https:\/\/www.nettavisen.no\/hybridkrigen-intensiveres-slik-bor-vesten-svare\/s\/5-95-2736339\" rel=\"nofollow noopener\" target=\"_blank\">Hybridkrigen intensiveres: \u2013 Slik b\u00f8r Vesten svare<\/a><\/b><\/p>\n<p>Nordisk samarbeid<\/p>\n<p>N\u00e5r hele Norge skal trene p\u00e5 kriseh\u00e5ndtering og beredskap i 2026 inviteres ogs\u00e5 representanter fra nordiske land til \u00e5 delta. Hagasamarbeidet \u2013 som startet i 2009 \u2013 er den politiske plattformen for dette arbeidet. Samarbeidet er blitt tettere de siste \u00e5rene og fikk enda st\u00f8rre betydning etter at Finland og Sverige sluttet seg til Nato.<\/p>\n<p>Kallset var 13. november i Helsinki og diskuterte totalberedskap og felles\u00f8velser med sine nordiske kolleger.<\/p>\n<p><b>Les ogs\u00e5: <a class=\"simple-relation related-teaser article--c-eRUmMG article--c-eRUmMG-fZoQSp-design-nettavisen article--c-eRUmMG-gwthdJ-cv\" href=\"https:\/\/www.nettavisen.no\/dronetrusler-slik-jobber-politiet\/s\/5-95-2721364\" rel=\"nofollow noopener\" target=\"_blank\">Dronetrusler: Slik jobber politiet<\/a><\/b><\/p>\n<p>    Vil du se neste video?<\/p>\n<p>    <a href=\"https:\/\/www.nettavisen.no\/sport\/her-bryter-kronprins-haakon-inn-nar-prins-sverre-magnus-svarer-pa-italia-sporsmal-fra-norsk-presse\/v\/5-95-2731534\" class=\"recommend-poster\" data-adp-clicklabel=\"video-recommend\" data-adp-clickvalue=\"poster\" rel=\"nofollow noopener\" target=\"_blank\"><br \/>\n      <img decoding=\"async\" width=\"200\" height=\"200\" loading=\"lazy\" src=\"https:\/\/www.europesays.com\/no\/wp-content\/uploads\/2025\/11\/Kronprins+Haakon+til+cue.jpg\" alt=\"\" class=\"brick-c-cFOWSL\" style=\"--brick-image-ratio: 200 \/ 200;\"\/><\/p>\n<p>Her bryter kronprinsen inn0:38<\/p>\n<p>    <\/a><\/p>\n<p>        En video nylig publisert av den ukrainske 93. mekaniserte brigaden viser hvor s\u00e5rbare russiske soldater er n\u00e5r de beveger seg i \u00e5pne landskap.<br \/>\n        L\u00e6re av Ukraina<\/p>\n<p>Finlands innenriksminister Mari Rantanen var vert for m\u00f8tet. Hun understreker betydningen av samarbeidet mellom Ukraina og de nordiske landene.<\/p>\n<p>\u2013 Sammen vil vi fortsette v\u00e5r sterke st\u00f8tte til Ukraina. Vi har mye \u00e5 l\u00e6re av Ukraina, spesielt om sivilsamfunnets motstandskraft, sivil beredskap, redningstjenester og sivilt-milit\u00e6rt samarbeid, <a href=\"https:\/\/intermin.fi\/en\/-\/minister-rantanen-the-nordic-countries-must-continue-to-work-together-to-strengthen-the-preparedness-of-civilian-authorities\" rel=\"Follow nofollow noopener\" target=\"_blank\">uttalte Rantanen om Helsinki-m\u00f8tet.<\/a><\/p>\n<p>Kallset sier dette om hva Ukraina-krigen har l\u00e6rt oss:<\/p>\n<p>\u2013 Det er mange l\u00e6ringspunkter og tett og l\u00f8pende kontakt mellom europeiske land og Ukraina for \u00e5 l\u00e6re av deres erfaringer. Vi gjennomg\u00e5r blant annet brann og redning, den frivillige redningstjenesten og hvordan politiets oppgaver ser ut i en krigssituasjon.<\/p>\n<p>   <img decoding=\"async\" width=\"2048\" height=\"1365\" fetchpriority=\"low\"  loading=\"lazy\"  src=\"https:\/\/www.europesays.com\/no\/wp-content\/uploads\/2025\/11\/nordiske+ministre+Helsinki.jpg\" alt=\"Nordiske ministre med ansvar for sivil beredskap m\u00f8ttes i Helsinki i 13. november. M\u00f8tet var en del av Haga-samarbeidet og ble ledet av Finlands innenriksminister Mari Rantanen.\" class=\"brick-c-cFOWSL\" style=\"--brick-image-ratio: 2048 \/ 1365;\"\/><\/p>\n<p>      SAMARBEID: Nordiske ministre med ansvar for sivil beredskap m\u00f8ttes i Helsinki i 13. november. M\u00f8tet var en del av Haga-samarbeidet og ble ledet av Finlands innenriksminister Mari Rantanen.<br \/>\n      Foto: Innenriksdepartementet i Finland\n    <\/p>\n<p>  \u2013 Planlegge for krig<\/p>\n<p>I januar kom <a href=\"https:\/\/www.nettavisen.no\/nyheter\/slik-blir-norges-nye-beredskap\/s\/5-95-2227258\" rel=\"nofollow noopener\" target=\"_blank\">stortingsmeldingen om Norges totalberedskap<\/a>. Her ble det listet opp hvilke tiltak som m\u00e5 til for \u00e5 gj\u00f8re Norge bedre rustet til \u00e5 h\u00e5ndtere kriser og krig.<\/p>\n<p>\u2013 Stortinget behandlet meldingen i v\u00e5res. Et viktig budskap er at vi m\u00e5 planlegge for den aller spisseste delen av krisespekteret, alts\u00e5 planlegge for krig. Vi vil at folk skal vite hva de m\u00e5 gj\u00f8re dersom de kommer i en s\u00e5nn situasjon, sier Kallset.<\/p>\n<p>Hun sier mye av planverket s\u00e5 langt har v\u00e6rt fra den kalde krigens dager.<\/p>\n<p>\u2013 I 2025 har vi fokusert p\u00e5 \u00e5 f\u00e5 p\u00e5 plass planverk, og i 2026 skal vi \u00f8ve p\u00e5 disse nye planverkene. Da handler det i siste ledd om hvem som skal ha hvilke oppgaver i en krise og krig.<\/p>\n<p>   <img decoding=\"async\" width=\"2480\" height=\"1653\" fetchpriority=\"low\"  loading=\"lazy\"  src=\"https:\/\/www.europesays.com\/no\/wp-content\/uploads\/2025\/11\/DSC04587.jpg\" alt=\"\u00d8VE MER: Norge skal \u00f8ve mer p\u00e5 b\u00e5de milit\u00e6r og sivil beredskap.\" class=\"brick-c-cFOWSL\" style=\"--brick-image-ratio: 2480 \/ 1653;\"\/><\/p>\n<p>      \u00d8VE MER: Norge skal \u00f8ve mer p\u00e5 b\u00e5de milit\u00e6r og sivil beredskap.<br \/>\n      Foto:<br \/>\nStian Olberg (DSB)\n    <\/p>\n<p>Kommunenes oppgaver<\/p>\n<p>\u2013 Hva er nytt for Kommune-Norge?<\/p>\n<p>\u2013 Kommunene har viktige beredskapsplaner p\u00e5 plass, mye knyttet til hendelser i fredstid, som naturkatastrofer. N\u00e5 holder vi p\u00e5 med veiledere til kommunene om hva som er deres oppgaver i en krig. Da handler det om \u00e5 holde sivilsamfunnet i gang, men kanskje med f\u00e6rre ressurser, siden noen vil forsvinne til innsats i Forsvaret. Utfordringen blir da \u00e5 l\u00f8se disse oppgavene med f\u00e6rre folk.<\/p>\n<p>Statssekret\u00e6ren sier \u00f8velsene i Totalforsvars\u00e5ret 2026 har til hensikt \u00e5 styrke samspillet mellom sivile og milit\u00e6re ressurser, mellom private og frivillige akt\u00f8rer.<\/p>\n<p>\u2013 Kan det bli krig i Norge?<\/p>\n<p>\u2013 Vi m\u00e5 ha planer p\u00e5 plass for det verst tenkelige scenariet. Selv om vi ikke anser det som sannsynlig at det blir krigshandlinger i Norge, er det \u00e5 v\u00e6re forberedt, ha planer og ha \u00f8vd p\u00e5 disse scenariene en del av en troverdig avskrekking, sier statssekret\u00e6ren.<\/p>\n<p><b>Les ogs\u00e5: <a class=\"simple-relation related-teaser article--c-eRUmMG article--c-eRUmMG-fZoQSp-design-nettavisen article--c-eRUmMG-gwthdJ-cv\" href=\"https:\/\/www.nettavisen.no\/harsjefens-bonn-til-norsk-naringsliv\/s\/5-95-2708971\" rel=\"nofollow noopener\" target=\"_blank\">H\u00e6rsjefens b\u00f8nn til norsk n\u00e6ringsliv<\/a><\/b><\/p>\n","protected":false},"excerpt":{"rendered":"\u2013 Hele samfunnet m\u00e5 v\u00e6re forberedt p\u00e5 kriser, hybride trusler og krig, sier Kristine Joy Nordenson Kallset til&hellip;\n","protected":false},"author":2,"featured_media":95743,"comment_status":"","ping_status":"","sticky":false,"template":"","format":"standard","meta":{"footnotes":""},"categories":[10],"tags":[20,21,24,25,15,22,23,13,30,28,29,14,16,26,27],"class_list":{"0":"post-95742","1":"post","2":"type-post","3":"status-publish","4":"format-standard","5":"has-post-thumbnail","7":"category-norge","8":"tag-breaking-news","9":"tag-breakingnews","10":"tag-featured-news","11":"tag-featurednews","12":"tag-headlines","13":"tag-latest-news","14":"tag-latestnews","15":"tag-news","16":"tag-no","17":"tag-norge","18":"tag-norway","19":"tag-nyheter","20":"tag-overskrifter","21":"tag-top-stories","22":"tag-topstories"},"share_on_mastodon":{"url":"","error":""},"_links":{"self":[{"href":"https:\/\/www.europesays.com\/no\/wp-json\/wp\/v2\/posts\/95742","targetHints":{"allow":["GET"]}}],"collection":[{"href":"https:\/\/www.europesays.com\/no\/wp-json\/wp\/v2\/posts"}],"about":[{"href":"https:\/\/www.europesays.com\/no\/wp-json\/wp\/v2\/types\/post"}],"author":[{"embeddable":true,"href":"https:\/\/www.europesays.com\/no\/wp-json\/wp\/v2\/users\/2"}],"replies":[{"embeddable":true,"href":"https:\/\/www.europesays.com\/no\/wp-json\/wp\/v2\/comments?post=95742"}],"version-history":[{"count":0,"href":"https:\/\/www.europesays.com\/no\/wp-json\/wp\/v2\/posts\/95742\/revisions"}],"wp:featuredmedia":[{"embeddable":true,"href":"https:\/\/www.europesays.com\/no\/wp-json\/wp\/v2\/media\/95743"}],"wp:attachment":[{"href":"https:\/\/www.europesays.com\/no\/wp-json\/wp\/v2\/media?parent=95742"}],"wp:term":[{"taxonomy":"category","embeddable":true,"href":"https:\/\/www.europesays.com\/no\/wp-json\/wp\/v2\/categories?post=95742"},{"taxonomy":"post_tag","embeddable":true,"href":"https:\/\/www.europesays.com\/no\/wp-json\/wp\/v2\/tags?post=95742"}],"curies":[{"name":"wp","href":"https:\/\/api.w.org\/{rel}","templated":true}]}}