{"id":95746,"date":"2025-11-24T21:17:13","date_gmt":"2025-11-24T21:17:13","guid":{"rendered":"https:\/\/www.europesays.com\/no\/95746\/"},"modified":"2025-11-24T21:17:13","modified_gmt":"2025-11-24T21:17:13","slug":"ingen-illusjoner-om-at-ap-vil-bli-enige-med-mdg-programmet-over-natten","status":"publish","type":"post","link":"https:\/\/www.europesays.com\/no\/95746\/","title":{"rendered":"\u2013 Ingen illusjoner om at Ap vil bli enige med MDG-programmet over natten"},"content":{"rendered":"<p><img decoding=\"async\" class=\"image-asset hyperion-css-u06ts1\" data-test-tag=\"image-asset\" src=\"https:\/\/www.europesays.com\/no\/wp-content\/uploads\/2025\/11\/a8e93094-5159-45fd-b1d9-2b8008f21d70\"  alt=\"MDGs forhandler Ingrid Liland (til venstre) og lederen for Gr\u00f8nt kvinnenettverk Anne-Sofie Markant p\u00e5 vei inn til sentralstyrem\u00f8te mandag kveld.\"  loading=\"eager\" fetchpriority=\"high\" style=\"aspect-ratio:2048 \/ 1536\"\/>MDGs forhandler Ingrid Liland (til venstre) og lederen for Gr\u00f8nt kvinnenettverk Anne-Sofie Markant p\u00e5 vei inn til sentralstyrem\u00f8te mandag kveld. Foto: Ingeborg Moe<\/p>\n<p class=\"paywall hyperion-css-1j42uic\">Mandag kveld var sentralstyret til Milj\u00f8partiet De Gr\u00f8nne samlet til et hastem\u00f8te p\u00e5 Stortinget. \u00c5rsaken var budsjettforhandlingene mellom de r\u00f8dgr\u00f8nne partiene. <\/p>\n<p class=\"paywall hyperion-css-1j42uic\">Arbeiderpartiet m\u00e5 bli enig med MDG, R\u00f8dt, Senterpartiet og SV for \u00e5 f\u00e5 flertall for statsbudsjettet blant sine foretrukne partnere. <\/p>\n<p class=\"paywall hyperion-css-1j42uic\">MDGs stortingsrepresentant og forhandler Ingrid Liland kunne ikke svare p\u00e5 hva sentralstyret var blitt enige om etter at m\u00f8tet var over. Men hun sa hun hadde f\u00e5tt \u00abtydelige tilbakemeldinger\u00bb om veien videre. <\/p>\n<p class=\"paywall hyperion-css-1j42uic\">Hun ville ikke svare p\u00e5 pressens sp\u00f8rsm\u00e5l om MDG har som et absolutt krav at regjeringen setter en sluttdato for norsk oljeutvinning. <\/p>\n<p class=\"paywall hyperion-css-1j42uic\">\u2013 N\u00e5 skal jeg g\u00e5 tilbake til kontoret mitt og jobbe videre med forhandlingene, sa hun ved 21-tiden til den fremm\u00f8tte pressen.<\/p>\n<p>Vil ha plan for utfasing<\/p>\n<p class=\"paywall hyperion-css-1j42uic\">Som Aftenposten <a data-test-tag=\"internal-link\" href=\"https:\/\/www.aftenposten.no\/norge\/politikk\/i\/nykryQ\/bekymret-for-fremdriften-i-budsjettforhandlingene-mdg-kaller-inn-sentralstyret-til-krisemoete\" class=\"hyperion-css-1raymq9\" rel=\"nofollow noopener\" target=\"\" aria-label=\"skrev tidligere i dag er det bekymring i MDG for fremdriften\" theme=\"breaking-short\">skrev tidligere i dag er det bekymring i MDG for fremdriften<\/a>. Kilder i partiet sier til Aftenposten at det ikke har v\u00e6rt noen bevegelse i sp\u00f8rsm\u00e5let om norsk oljepolitikk, som MDG er sv\u00e6rt opptatt av. MDG \u00f8nsker <a aria-label=\"en plan\" class=\"breaking-short hyperion-css-1raymq9\" href=\"https:\/\/mdg.no\/_service\/505809\/download\/id\/1583667\/name\/Alternativt-statsbudsjett-MDG-2026.pdf\" target=\"_blank\" rel=\"noopener nofollow noreferrer\" data-test-tag=\"external-link\">en plan<\/a> for \u00e5 fase ut norsk oljeproduksjon. <\/p>\n<p class=\"paywall hyperion-css-1j42uic\">If\u00f8lge kilder i MDG har Arbeiderpartiet ikke v\u00e6rt villig til \u00e5 diskutere dette i forhandlingene. <\/p>\n<p class=\"paywall hyperion-css-1j42uic\">Sentralstyremedlem Eivind Tr\u00e6dal beskrev stemningen p\u00e5 sentralstyrem\u00f8tet som \u00abbekymret, men fattet\u00bb. <\/p>\n<p class=\"paywall hyperion-css-1j42uic\">\u2013 Vi har ingen illusjoner om at Arbeiderpartiet vil bli enige med MDG-programmet over natten. Vi vil heller ikke legge ned oljebransjen over natten, slik de ofte anklager oss for, sa Tr\u00e6dal.<\/p>\n<p class=\"paywall hyperion-css-1j42uic\">Han sier at de vil ha en plan for sluttfasen av norsk oljeutvinning, bremse oljeletingen og satsing p\u00e5 nye n\u00e6ringer. Og mener statsminister Jonas Gahr St\u00f8re m\u00e5 jobbe med de mandatene han har, det vil si der MDG inng\u00e5r. <\/p>\n<p class=\"paywall hyperion-css-1j42uic\">\u2013 Vi har tydelig og enkle krav. Vi er selvf\u00f8lgelig et parti som ikke bare kan kj\u00f8pes fri med noen gulr\u00f8tter, fordi vi ogs\u00e5 er opptatt av \u00e5 styre landet i en retning, ikke bare plusse p\u00e5 statsbudsjettet. <\/p>\n<p class=\"paywall hyperion-css-1j42uic\">Budsjettforhandlingene har p\u00e5g\u00e5tt i ti dager. B\u00e5de SV og R\u00f8dt er ogs\u00e5 for at det m\u00e5 lages en sluttfaseplan for oljen. Senterpartiet og Ap har derimot gjort det klart at dette er helt uaktuelt.<\/p>\n<p><img decoding=\"async\" class=\"image-asset hyperion-css-u06ts1\" data-test-tag=\"image-asset\" src=\"https:\/\/www.europesays.com\/no\/wp-content\/uploads\/2025\/11\/6b06c09b-49d4-4ced-ba17-64ae8095098b\"  alt=\"Mandag var det sentralstyrem\u00f8te i MDG der finanspolitisk talskvinne Ingrid Liland skulle oppdatere de andre p\u00e5 budsjettforhandlingene.\"  loading=\"eager\" fetchpriority=\"high\" style=\"aspect-ratio:2048 \/ 1536\"\/>Mandag var det sentralstyrem\u00f8te i MDG der finanspolitisk talskvinne Ingrid Liland skulle oppdatere de andre p\u00e5 budsjettforhandlingene. Foto: Ingeborg MoeDe viktigste kravene <\/p>\n<p class=\"paywall hyperion-css-1j42uic\">Her er de r\u00f8dgr\u00f8nne partienes viktigste krav i budsjettforhandlingene: <\/p>\n<ul class=\"paywall hyperion-css-1waisbu\" data-test-tag=\"list\">\n<li class=\"hyperion-css-1jomj7h\"><strong>R\u00f8dt<\/strong>: H\u00f8yere minsteytelser (minstepensjon, uf\u00f8retrygd og AAP) og penger til billigere tannlege<br \/><strong>Sp<\/strong>: Mer penger til kommunene og fylkene, mer penger til sykehusene og kutt i drivstoffavgifter<br \/><strong>SV<\/strong>: Gratis SFO for fjerdeklassingene, samt styrket bemanningen i barnehager og SFO. Vil ogs\u00e5 trekke Oljefondet ut av Israel og selskaper som bidrar til okkupasjon og krigsforbrytelser<br \/><strong>MDG<\/strong>: Endre rammebetingelsene for norsk petroleumsn\u00e6ring med m\u00e5l om utfasing, samt et nasjonalt reisekort for kollektivtransporten. <\/li>\n<\/ul>\n<p class=\"paywall hyperion-css-1j42uic\">Fristen for \u00e5 bli enige er 30. november, alts\u00e5 p\u00e5 s\u00f8ndag. <\/p>\n","protected":false},"excerpt":{"rendered":"MDGs forhandler Ingrid Liland (til venstre) og lederen for Gr\u00f8nt kvinnenettverk Anne-Sofie Markant p\u00e5 vei inn til sentralstyrem\u00f8te&hellip;\n","protected":false},"author":2,"featured_media":95747,"comment_status":"","ping_status":"","sticky":false,"template":"","format":"standard","meta":{"footnotes":""},"categories":[5],"tags":[20,21,24,25,15,19,22,23,17,18,13,30,28,29,14,16,26,27],"class_list":{"0":"post-95746","1":"post","2":"type-post","3":"status-publish","4":"format-standard","5":"has-post-thumbnail","7":"category-overskrifter","8":"tag-breaking-news","9":"tag-breakingnews","10":"tag-featured-news","11":"tag-featurednews","12":"tag-headlines","13":"tag-hovedoppslag","14":"tag-latest-news","15":"tag-latestnews","16":"tag-main-news","17":"tag-mainnews","18":"tag-news","19":"tag-no","20":"tag-norge","21":"tag-norway","22":"tag-nyheter","23":"tag-overskrifter","24":"tag-top-stories","25":"tag-topstories"},"share_on_mastodon":{"url":"https:\/\/pubeurope.com\/@no\/115606758837138423","error":""},"_links":{"self":[{"href":"https:\/\/www.europesays.com\/no\/wp-json\/wp\/v2\/posts\/95746","targetHints":{"allow":["GET"]}}],"collection":[{"href":"https:\/\/www.europesays.com\/no\/wp-json\/wp\/v2\/posts"}],"about":[{"href":"https:\/\/www.europesays.com\/no\/wp-json\/wp\/v2\/types\/post"}],"author":[{"embeddable":true,"href":"https:\/\/www.europesays.com\/no\/wp-json\/wp\/v2\/users\/2"}],"replies":[{"embeddable":true,"href":"https:\/\/www.europesays.com\/no\/wp-json\/wp\/v2\/comments?post=95746"}],"version-history":[{"count":0,"href":"https:\/\/www.europesays.com\/no\/wp-json\/wp\/v2\/posts\/95746\/revisions"}],"wp:featuredmedia":[{"embeddable":true,"href":"https:\/\/www.europesays.com\/no\/wp-json\/wp\/v2\/media\/95747"}],"wp:attachment":[{"href":"https:\/\/www.europesays.com\/no\/wp-json\/wp\/v2\/media?parent=95746"}],"wp:term":[{"taxonomy":"category","embeddable":true,"href":"https:\/\/www.europesays.com\/no\/wp-json\/wp\/v2\/categories?post=95746"},{"taxonomy":"post_tag","embeddable":true,"href":"https:\/\/www.europesays.com\/no\/wp-json\/wp\/v2\/tags?post=95746"}],"curies":[{"name":"wp","href":"https:\/\/api.w.org\/{rel}","templated":true}]}}