{"id":95748,"date":"2025-11-24T21:18:14","date_gmt":"2025-11-24T21:18:14","guid":{"rendered":"https:\/\/www.europesays.com\/no\/95748\/"},"modified":"2025-11-24T21:18:14","modified_gmt":"2025-11-24T21:18:14","slug":"jeg-tror-ikke-det-er-noe-alvorlig","status":"publish","type":"post","link":"https:\/\/www.europesays.com\/no\/95748\/","title":{"rendered":"\u2013 Jeg tror ikke det er noe alvorlig"},"content":{"rendered":"<p>        Ash Donelon\n    <\/p>\n<p class=\"kicker font-weight-bold m-font-weight-bold tertiary color_mobile_tertiary\" style=\"\">AMORIM OM CUNHA:<\/p>\n<p>Det mest interessante i Amorims intervju med Sky Sports f\u00f8r kampen var nok \u00e5 f\u00e5 en skadeoppdatering om Cunha.<\/p>\n<p>\u2013 Det var en smell p\u00e5 trening. Jeg vet ikke hvor lenge han kommer til \u00e5 v\u00e6re ute. Jeg tror ikke det er noe alvorlig, men vi kan ikke ta noen risiko med spillere, <a href=\"https:\/\/www.manutd.com\/en\/news\/detail\/ruben-amorim-explains-matheus-cunha-absence-v-everton\" target=\"_blank\" rel=\"nofollow noopener\">siteres Amorim p\u00e5<\/a>.<\/p>\n<p>                <img decoding=\"async\" src=\"https:\/\/www.europesays.com\/no\/wp-content\/uploads\/2025\/11\/1401465.webp\" width=\"480\" height=\"274\" title=\"\u2013 Jeg tror ikke det er noe alvorlig\" alt=\"Matheus Cunha feirer sitt f\u00f8rste United-m\u00e5l, 1-0-scoringen mot Brighton, 25. oktober 2025.\" loading=\"lazy\" style=\"\"\/><\/p>\n<p>            Simon Stacpoole\/Offside\n        <\/p>\n<p>Med b\u00e5de Sesko og Cunha ute, s\u00e5 er det Joshua Zirkzee som starter p\u00e5 topp mot Everton.<\/p>\n<p class=\"font-weight-bold m-font-weight-bold\" data-lab-font_weight=\"font-weight-bold\">\u2013 Jeg \u00f8nsker bare \u00e5 se Josh spille godt, med den kvaliteten han har. Vi har et problem med Ben, og vi har et problem med Cunha, og han jobber i den posisjonen.\u00a0<\/p>\n<p>\u2013 Hvis du ser p\u00e5 laget v\u00e5rt, s\u00e5 mener jeg at Josh mer eller mindre har de samme karakteristikkene som Cunha i den posisjonen. Vi \u00f8nsker \u00e5 holde p\u00e5 det vi jobbet med i l\u00f8pet av uka, og han er klar for det.<\/p>\n","protected":false},"excerpt":{"rendered":"Ash Donelon AMORIM OM CUNHA: Det mest interessante i Amorims intervju med Sky Sports f\u00f8r kampen var nok&hellip;\n","protected":false},"author":2,"featured_media":95749,"comment_status":"","ping_status":"","sticky":false,"template":"","format":"standard","meta":{"footnotes":""},"categories":[59],"tags":[30,28,29,83,82],"class_list":{"0":"post-95748","1":"post","2":"type-post","3":"status-publish","4":"format-standard","5":"has-post-thumbnail","7":"category-sport","8":"tag-no","9":"tag-norge","10":"tag-norway","11":"tag-sport","12":"tag-sports"},"share_on_mastodon":{"url":"https:\/\/pubeurope.com\/@no\/115606762641410101","error":""},"_links":{"self":[{"href":"https:\/\/www.europesays.com\/no\/wp-json\/wp\/v2\/posts\/95748","targetHints":{"allow":["GET"]}}],"collection":[{"href":"https:\/\/www.europesays.com\/no\/wp-json\/wp\/v2\/posts"}],"about":[{"href":"https:\/\/www.europesays.com\/no\/wp-json\/wp\/v2\/types\/post"}],"author":[{"embeddable":true,"href":"https:\/\/www.europesays.com\/no\/wp-json\/wp\/v2\/users\/2"}],"replies":[{"embeddable":true,"href":"https:\/\/www.europesays.com\/no\/wp-json\/wp\/v2\/comments?post=95748"}],"version-history":[{"count":0,"href":"https:\/\/www.europesays.com\/no\/wp-json\/wp\/v2\/posts\/95748\/revisions"}],"wp:featuredmedia":[{"embeddable":true,"href":"https:\/\/www.europesays.com\/no\/wp-json\/wp\/v2\/media\/95749"}],"wp:attachment":[{"href":"https:\/\/www.europesays.com\/no\/wp-json\/wp\/v2\/media?parent=95748"}],"wp:term":[{"taxonomy":"category","embeddable":true,"href":"https:\/\/www.europesays.com\/no\/wp-json\/wp\/v2\/categories?post=95748"},{"taxonomy":"post_tag","embeddable":true,"href":"https:\/\/www.europesays.com\/no\/wp-json\/wp\/v2\/tags?post=95748"}],"curies":[{"name":"wp","href":"https:\/\/api.w.org\/{rel}","templated":true}]}}