{"id":95760,"date":"2025-11-24T21:25:57","date_gmt":"2025-11-24T21:25:57","guid":{"rendered":"https:\/\/www.europesays.com\/no\/95760\/"},"modified":"2025-11-24T21:25:57","modified_gmt":"2025-11-24T21:25:57","slug":"dukket-opp-til-nytt-renn","status":"publish","type":"post","link":"https:\/\/www.europesays.com\/no\/95760\/","title":{"rendered":"Dukket opp til nytt renn"},"content":{"rendered":"<p>  Kristine Stav\u00e5s Skistad hadde varslet at hun kom til \u00e5 droppe fristilsrennet p\u00e5 Beitost\u00f8len. S\u00f8ndag var hun likevel p\u00e5 start og avviste nye taktiske \u00ablurerier\u00bb.<\/p>\n<p>\n    Kristine Stav\u00e5s Skistad under 10 km klassisk p\u00e5 Beitost\u00f8len. Foto: Terje Pedersen \/ NTB\n  <\/p>\n<p>Skistad ble diskvalifisert p\u00e5 l\u00f8rdagens klassiske 10 kilometer p\u00e5 spesielt vis. Juryen mente hun b\u00e5de hadde gjort seg skyldig i \u00e5 sk\u00f8yte samt hadde opptr\u00e5dt usportslig.<\/p>\n<p>Bakgrunnen var at Skistad i etterkant av \u00e5 ha p\u00e5dratt seg gult kort p\u00e5 sprinten fredag varslet at hun kunne komme til \u00e5 p\u00e5dra seg enda et gult dagen derp\u00e5. Motivasjonen var \u00e5 ikke dra med seg et gult kort inn i verdenscupen.<\/p>\n<p>I stedet for \u00e5 f\u00e5 gult l\u00f8rdag, ble imidlertid Skistad disket. Dermed tar hun uansett fredagens kort med seg videre.<\/p>\n<p>Mange ble overrasket da langrennsstjernen plutselig dukket opp til renn p\u00e5 Beitost\u00f8len s\u00f8ndag. Det fikk ekspertene til \u00e5 stusse.<\/p>\n<p>\u2013 Jeg er rett og slett usikker. Dette var rart. Det er bare fem dager igjen til sprinten i Ruka, sa P\u00e5l Golberg p\u00e5 NRKs sending.<\/p>\n<p>Skistad-trener Lage Sofienlund begrunnet snuoperasjonen slik: <\/p>\n<p>\u2013 Hun kjente at b\u00e5de fredagen og l\u00f8rdagen var veldig fine opplevelser og gode skirenn. Hun vil gjerne g\u00e5 enda et skirenn. Hun hadde ikke trodd at kroppen kom til \u00e5 v\u00e6re klar for det, men kjente i g\u00e5r at det var bra \u00e5 f\u00e5 en 10 kilometer i sk\u00f8yting ogs\u00e5, sa han til NRK.<\/p>\n<p>Han avviste at det det var mer lureri p\u00e5 gang.<\/p>\n<p>Skistad sa selv f\u00f8r start at hun prioriterte \u00e5 f\u00e5 litt trening og avviste at belastningen kunne bli for stor. Ogs\u00e5 Konnerud-l\u00f8peren avviste mer av det som skjedde l\u00f8rdag.<\/p>\n<p>\u2013 Jeg m\u00e5 skjerpe meg jeg n\u00e5, s\u00e5 n\u00e5 skal jeg konsentrere meg om \u00e5 g\u00e5 p\u00e5 ski, sa hun til NRK.<\/p>\n","protected":false},"excerpt":{"rendered":"Kristine Stav\u00e5s Skistad hadde varslet at hun kom til \u00e5 droppe fristilsrennet p\u00e5 Beitost\u00f8len. S\u00f8ndag var hun likevel&hellip;\n","protected":false},"author":2,"featured_media":95761,"comment_status":"","ping_status":"","sticky":false,"template":"","format":"standard","meta":{"footnotes":""},"categories":[59],"tags":[30,28,29,14,83,82],"class_list":{"0":"post-95760","1":"post","2":"type-post","3":"status-publish","4":"format-standard","5":"has-post-thumbnail","7":"category-sport","8":"tag-no","9":"tag-norge","10":"tag-norway","11":"tag-nyheter","12":"tag-sport","13":"tag-sports"},"share_on_mastodon":{"url":"https:\/\/pubeurope.com\/@no\/115606793968816110","error":""},"_links":{"self":[{"href":"https:\/\/www.europesays.com\/no\/wp-json\/wp\/v2\/posts\/95760","targetHints":{"allow":["GET"]}}],"collection":[{"href":"https:\/\/www.europesays.com\/no\/wp-json\/wp\/v2\/posts"}],"about":[{"href":"https:\/\/www.europesays.com\/no\/wp-json\/wp\/v2\/types\/post"}],"author":[{"embeddable":true,"href":"https:\/\/www.europesays.com\/no\/wp-json\/wp\/v2\/users\/2"}],"replies":[{"embeddable":true,"href":"https:\/\/www.europesays.com\/no\/wp-json\/wp\/v2\/comments?post=95760"}],"version-history":[{"count":0,"href":"https:\/\/www.europesays.com\/no\/wp-json\/wp\/v2\/posts\/95760\/revisions"}],"wp:featuredmedia":[{"embeddable":true,"href":"https:\/\/www.europesays.com\/no\/wp-json\/wp\/v2\/media\/95761"}],"wp:attachment":[{"href":"https:\/\/www.europesays.com\/no\/wp-json\/wp\/v2\/media?parent=95760"}],"wp:term":[{"taxonomy":"category","embeddable":true,"href":"https:\/\/www.europesays.com\/no\/wp-json\/wp\/v2\/categories?post=95760"},{"taxonomy":"post_tag","embeddable":true,"href":"https:\/\/www.europesays.com\/no\/wp-json\/wp\/v2\/tags?post=95760"}],"curies":[{"name":"wp","href":"https:\/\/api.w.org\/{rel}","templated":true}]}}