{"id":95766,"date":"2025-11-24T21:34:44","date_gmt":"2025-11-24T21:34:44","guid":{"rendered":"https:\/\/www.europesays.com\/no\/95766\/"},"modified":"2025-11-24T21:34:44","modified_gmt":"2025-11-24T21:34:44","slug":"mener-raske-elbiler-er-farlige","status":"publish","type":"post","link":"https:\/\/www.europesays.com\/no\/95766\/","title":{"rendered":"Mener raske elbiler er farlige:"},"content":{"rendered":"<p>        Saken oppsummert<\/p>\n<ul lang=\"nb-NO\">\n<li>Kinesiske myndigheter vurderer \u00e5 begrense akselerasjonen i biler for \u00e5 \u00f8ke sikkerheten.<\/li>\n<li>Rask akselerasjon i tunge elbiler kan f\u00f8re til alvorlige skader ved kollisjoner.<\/li>\n<li>Redakt\u00f8r Maths Nilsson i Carup mener at ting har kommet helt ut av kontroll, og \u00f8nsker et forbud mot ekstrem akselerasjon. <\/li>\n<\/ul>\n<p class=\"italic ai-disclaimer\" data-lab-italic=\"italic\">Oppsummeringen er laget med kunstig intelligens (KI) fra OpenAI. Innholdet er kvalitetssikret av TV 2s journalister. <a target=\"_blank\" href=\"https:\/\/hjelp.tv2.no\/info\/artikkel\/slik-jobber-vi-med-ki-i-tv-2\" title=\"Les om hvordan vi jobber med KI\" rel=\"nofollow noopener\">Les om hvordan vi jobber med KI<\/a><\/p>\n<p>Kinesiske myndigheter vurderer \u00e5 ta flere grep for \u00e5 gj\u00f8re biler produsert i landet sikrere.\u00a0<\/p>\n<p>Ett av grepene er \u00e5 <a href=\"https:\/\/www.tv2.no\/broom\/vil-sette-bremsen-pa-elbiler\/18286125\/\" rel=\"nofollow noopener\" target=\"_blank\">begrense akselerasjonen<\/a>. Hvis bilene er i stand til \u00e5 akselerere fra 0-100 km\/t p\u00e5 under fem sekunder, \u00f8nsker kineserne at man m\u00e5 aktivt velge en kj\u00f8remodus som muliggj\u00f8r dette.\u00a0<\/p>\n<p>Ideen har for \u00f8vrig ogs\u00e5 streifet oss i Broom-redaksjonen. Elbiler er tunge, og kombinert med lynrask akselerasjon kan skader og konsekvenser ved en kollisjon fort bli sv\u00e6rt omfattende.\u00a0<\/p>\n<p>Det s\u00e5 vi et godt eksempel p\u00e5 i den mye omtalte <a href=\"https:\/\/www.tv2.no\/nyheter\/ikke-funnet-feil-eller-mangler-pa-bilen\/17173821\/\" rel=\"nofollow noopener\" target=\"_blank\">Sandvika-ulykken<\/a>, der en Volvo XC40 braste gjennom murveggen i et parkeringshus og falt fire etasjer. F\u00f8reren omkom p\u00e5 stedet.<\/p>\n<p><a href=\"https:\/\/www.tv2.no\/broom\/vil-sette-bremsen-pa-elbiler\/18286125\/\" rel=\"nofollow noopener\" target=\"_blank\">Kina vil sette bremsen p\u00e5 elbiler<\/a><\/p>\n<p>        <img class=\"image__img lazyload\" itemprop=\"image\" title=\"Foto: Cornelius Poppe \/ NTB\" alt=\"KNUSTE MURVEGGEN: Volvoen akselererte fra 0-62 km\/t p\u00e5 tre sekunder og braste gjennom murveggen i parkeringshuset. Foto: Cornelius Poppe \/ NTB\" width=\"978\" height=\"551\" bad-src=\"https:\/\/www.europesays.com\/no\/wp-content\/uploads\/2025\/11\/18000872.webp\" fetchpriority=\"auto\" \/><\/p>\n<p>      KNUSTE MURVEGGEN: Volvoen akselererte fra 0-62 km\/t p\u00e5 tre sekunder og braste gjennom murveggen i parkeringshuset.<br \/>\n         Foto: Cornelius Poppe \/ NTB<\/p>\n<p> \u2013 Forby dritten og blokk\u00e9r\u00a0<\/p>\n<p>Men det ser ikke ut til \u00e5 stoppe dem som utvikler og produserer nye elbiler. Rask akselerasjon fenger, og mange bruker det derfor aktivt i markedsf\u00f8ringen.\u00a0<\/p>\n<p>Det gjelder ikke bare de mest sportslige modellene, men ogs\u00e5 SUV-er som er myntet p\u00e5 barnefamilier.<\/p>\n<p>Dette f\u00e5r redakt\u00f8ren i det svenske bilnettstedet Carup til \u00e5 se r\u00f8dt.<\/p>\n<p> \u2013 Det har g\u00e5tt for langt. N\u00e5r en ny elektrisk familiebil p\u00e5 2,6 tonn akselerer til 100 km\/t p\u00e5 2,5 sekunder, er alle grenser krysset. Forby dritten og blokk\u00e9r vanvittig og farlig akselerasjon i tunge elbiler, skriver Maths Nilsson <a href=\"https:\/\/carup.se\/forbjud-skiten-elbilar-har-blivit-livsfarligt-snabba\/\" rel=\"nofollow noopener\" target=\"_blank\">i en kommentar<\/a>.<\/p>\n<p>Bilen Nilsson spesifikt sikter til, er nye Porsche Cayenne Turbo Electric, som ogs\u00e5 vi i Broom nylig har tatt i <a href=\"https:\/\/www.tv2.no\/broom\/porsches-nye-super-suv-her-er-prisene\/18244970\/\" rel=\"nofollow noopener\" target=\"_blank\">n\u00e6rmere \u00f8yesyn<\/a>.<\/p>\n<p> <a href=\"https:\/\/www.tv2.no\/broom\/kjorer-lovlig-med-hoy-promille-veldig-underlig\/16977565\/\" rel=\"nofollow noopener\" target=\"_blank\">Her kj\u00f8rer de med h\u00f8y promille helt lovlig: \u2013 Underlig<\/a> <\/p>\n<p>        <img class=\"image__img lazyload\" itemprop=\"image\" title=\"\" alt=\"R\u00c5SKINN: Topputgaven av Cayenne f\u00e5r over 1000 hestekrefter - og gj\u00f8r alts\u00e5 0-100 km\/t p\u00e5 2,5 sekunder. Foto: Broom\" width=\"978\" height=\"551\" bad-src=\"https:\/\/www.europesays.com\/no\/wp-content\/uploads\/2025\/11\/18311175.webp\" fetchpriority=\"auto\" \/><\/p>\n<p>      R\u00c5SKINN: Topputgaven av Cayenne f\u00e5r over 1000 hestekrefter &#8211; og gj\u00f8r alts\u00e5 0-100 km\/t p\u00e5 2,5 sekunder. Foto: Broom<\/p>\n<p> \u2013 Uansvarlig<\/p>\n<p>I kommentaren gj\u00f8r han et poeng av at dette ikke er en superbil for entusiaster som kj\u00f8rer p\u00e5 bane, men en familiebil for dem med mye penger.\u00a0<\/p>\n<p> \u2013\u00a0 \u00c5 slippe l\u00f8s en 2,6 tonns elbil med s\u00e5 ekstreme fartsressurser i vanlig trafikk er uansvarlig. Vanlige sj\u00e5f\u00f8rer hverken trenger eller kan h\u00e5ndtere elbiler som veier flere tonn og som akselerer s\u00e5 vanvittig raskt. Den teknologiske utviklingen har l\u00f8pt fra lover og regler, fortsetter han.\u00a0<\/p>\n<p>Han trekker frem flere ulykker knyttet til muskel-elbiler i Sverige og Tyskland, der flere liv har g\u00e5tt tapt.\u00a0<\/p>\n<p> \u2013 Ingen vil m\u00f8te en Porsche Cayenne med gassen i b\u00e5nn p\u00e5 svenske veier, avslutter han.\u00a0<\/p>\n<p><a href=\"https:\/\/www.tv2.no\/broom\/roper-varsku-om-akselerasjonen-pa-elbiler\/17472643\/\" rel=\"nofollow noopener\" target=\"_blank\">Roper varsku om akselerasjonen p\u00e5 elbiler<\/a><\/p>\n<p>\u00d8kende antall skader<\/p>\n<p>B\u00e5de i Sverige, Norge og Danmark har det v\u00e6rt en \u00f8kning i antall bilskader de siste \u00e5rene, og mange peker p\u00e5 at flere elbiler p\u00e5 veiene er en medvirkende \u00e5rsak.<\/p>\n<p> I 2024 var det for eksempel rekordmange bilulykker i Danmark, og if\u00f8lge organisasjonen Autobranchen, m\u00e5 elbilene ta en del av skylden. <\/p>\n<p> \u2013 Alle elbilene har automatgir og bilene har en kraftig akselerasjon. Dette bidrar til et \u00f8kende antall skader, sa Nicky Bobak, ettermarkedssjef i Autobranchen, til\u00a0<a href=\"https:\/\/www.dr.dk\/nyheder\/indland\/flere-biler-er-endt-paa-vaerkstedet-i-2024-autobranchen-peger-paa-elbilerne-som\" rel=\"nofollow noopener\" target=\"_blank\">Danmarks radio<\/a>\u00a0i v\u00e5r. <\/p>\n<p>Bobak sa at bransjen egentlig hadde forventet at antallet skader skulle g\u00e5 ned, takket v\u00e6re alle sikkerhetssystemene i elbilene, men opplever alts\u00e5 at det ikke er tilfelle.\u00a0<\/p>\n<p>Han pekte p\u00e5 at det er noe annet \u00e5 kj\u00f8re en elbil enn en fossilbil, og at s\u00e6rlig dette med akselerasjon stiller andre krav til sj\u00e5f\u00f8ren.<\/p>\n<p>\u2013 Jeg synes at alle vi som har pr\u00f8vd elbil for f\u00f8rste gang, ogs\u00e5 b\u00f8r venne oss til m\u00e5ten den reagerer p\u00e5, sa han.<\/p>\n<p> <a href=\"https:\/\/www.tv2.no\/broom\/burde-vaert-motsatt-men-vi-bulker-mer\/17415188\/\" rel=\"nofollow noopener\" target=\"_blank\">Burde v\u00e6rt motsatt, men vi bulker mer<\/a> <\/p>\n<p class=\"bold m-bold\" data-lab-font_weight=\"bold\">F\u00e5 ogs\u00e5 med deg dette:<\/p>\n<p>    <a class=\"article__link\" data-ga-active-label=\"\" data-ga-active-label-animation=\"\" href=\"https:\/\/www.tv2.no\/broom\/sa-raskt-kan-nybilen-bli-farlig\/17454786\/\" rel=\"nofollow noopener\" target=\"_blank\"><\/p>\n<p>    <img class=\"image__img lazyload\" itemprop=\"image\" title=\"\" alt=\"\" width=\"978\" height=\"411\" bad-src=\"https:\/\/www.europesays.com\/no\/wp-content\/uploads\/2025\/11\/17033909.webp\" fetchpriority=\"auto\" \/><\/p>\n<p>\n            S\u00e5 raskt kan nybilen bli farlig\n        <\/p>\n<p>    <\/a><\/p>\n","protected":false},"excerpt":{"rendered":"Saken oppsummert Kinesiske myndigheter vurderer \u00e5 begrense akselerasjonen i biler for \u00e5 \u00f8ke sikkerheten. Rask akselerasjon i tunge&hellip;\n","protected":false},"author":2,"featured_media":95767,"comment_status":"","ping_status":"","sticky":false,"template":"","format":"standard","meta":{"footnotes":""},"categories":[5],"tags":[20,21,24,25,15,19,22,23,17,18,13,30,28,29,14,16,26,27],"class_list":{"0":"post-95766","1":"post","2":"type-post","3":"status-publish","4":"format-standard","5":"has-post-thumbnail","7":"category-overskrifter","8":"tag-breaking-news","9":"tag-breakingnews","10":"tag-featured-news","11":"tag-featurednews","12":"tag-headlines","13":"tag-hovedoppslag","14":"tag-latest-news","15":"tag-latestnews","16":"tag-main-news","17":"tag-mainnews","18":"tag-news","19":"tag-no","20":"tag-norge","21":"tag-norway","22":"tag-nyheter","23":"tag-overskrifter","24":"tag-top-stories","25":"tag-topstories"},"share_on_mastodon":{"url":"https:\/\/pubeurope.com\/@no\/115606825419672765","error":""},"_links":{"self":[{"href":"https:\/\/www.europesays.com\/no\/wp-json\/wp\/v2\/posts\/95766","targetHints":{"allow":["GET"]}}],"collection":[{"href":"https:\/\/www.europesays.com\/no\/wp-json\/wp\/v2\/posts"}],"about":[{"href":"https:\/\/www.europesays.com\/no\/wp-json\/wp\/v2\/types\/post"}],"author":[{"embeddable":true,"href":"https:\/\/www.europesays.com\/no\/wp-json\/wp\/v2\/users\/2"}],"replies":[{"embeddable":true,"href":"https:\/\/www.europesays.com\/no\/wp-json\/wp\/v2\/comments?post=95766"}],"version-history":[{"count":0,"href":"https:\/\/www.europesays.com\/no\/wp-json\/wp\/v2\/posts\/95766\/revisions"}],"wp:featuredmedia":[{"embeddable":true,"href":"https:\/\/www.europesays.com\/no\/wp-json\/wp\/v2\/media\/95767"}],"wp:attachment":[{"href":"https:\/\/www.europesays.com\/no\/wp-json\/wp\/v2\/media?parent=95766"}],"wp:term":[{"taxonomy":"category","embeddable":true,"href":"https:\/\/www.europesays.com\/no\/wp-json\/wp\/v2\/categories?post=95766"},{"taxonomy":"post_tag","embeddable":true,"href":"https:\/\/www.europesays.com\/no\/wp-json\/wp\/v2\/tags?post=95766"}],"curies":[{"name":"wp","href":"https:\/\/api.w.org\/{rel}","templated":true}]}}