{"id":95770,"date":"2025-11-24T21:42:42","date_gmt":"2025-11-24T21:42:42","guid":{"rendered":"https:\/\/www.europesays.com\/no\/95770\/"},"modified":"2025-11-24T21:42:42","modified_gmt":"2025-11-24T21:42:42","slug":"jernbanetorget-politi-politiet-til-tilskuere-pa-jernbanetorget-fy-skam-dere","status":"publish","type":"post","link":"https:\/\/www.europesays.com\/no\/95770\/","title":{"rendered":"Jernbanetorget, Politi | Politiet til tilskuere p\u00e5 Jernbanetorget: \u2013 Fy, skam dere!"},"content":{"rendered":"\n<p>(<a href=\"www.nettavisen.no\" rel=\"Follow\">Nettavisen<\/a>\/<a href=\"www.ao.no\" rel=\"Follow\">Avisa Oslo<\/a>): Mandag ettermiddag, <a href=\"https:\/\/www.ao.no\/store-forsinkelser-pa-t-banen-etter-pakjorsel-ikke-ga-ned-pa-perrongene\/s\/30-128-9120\" rel=\"Follow nofollow noopener\" target=\"_blank\">midt i det verste rushet, ble en person p\u00e5kj\u00f8rt av T-banen p\u00e5 Jernbanetorget<\/a>. I tillegg krasjet en buss med en av brannbilene som rykket ut for \u00e5 hjelpe til.<\/p>\n<p>Det f\u00f8rte til kaotiske tilstander med tusenvis av mennesker som ikke kom seg dit de skulle, og ikke visste hvordan de skulle komme seg hjem.<\/p>\n<p>Mens n\u00f8detatene jobbet med livreddende f\u00f8rstehjelp samlet det seg en stor gruppe mennesker som ble st\u00e5ende og se p\u00e5 at n\u00f8detatene jobbet.<\/p>\n<p>   <img decoding=\"async\" width=\"5712\" height=\"4284\" fetchpriority=\"low\"  loading=\"lazy\"  src=\"https:\/\/www.europesays.com\/no\/wp-content\/uploads\/2025\/11\/IMG_0449.jpg\" alt=\"\" class=\"brick-c-cFOWSL\" style=\"--brick-image-ratio: 5712 \/ 4284;\"\/><\/p>\n<p>      BUSSKRASJ: En buss kj\u00f8rte inn i en luke tilh\u00f8rende en brannbil.<br \/>\n      Foto: Tormod Malvin S\u00e6ther \/ Nettavisen\n    <\/p>\n<p>  Politiet ba folk trekke unna<\/p>\n<p>Politiet ba flere ganger menneskemassen trekke tilbake og gi de plass, uten at det ga noe s\u00e6rlig resultat.<\/p>\n<p>Mange av menneskene filmet og tok bilder.<\/p>\n<p>Det fikk en av politimennene til \u00e5 tenne p\u00e5 alle plugger.<\/p>\n<p><b>\u2013 Fy, skam dere, ropte han h\u00f8yt ut og ba folk legge bort mobiltelefonene, trekke seg tilbake og slutte \u00e5 filme.<\/b><\/p>\n<p>Det skal sies at de fleste fulgte politimannens oppfordring da den ble sagt s\u00e5pass tydelig, og ikke minst h\u00f8yt.<\/p>\n<p>   <img decoding=\"async\" width=\"4096\" height=\"3072\" fetchpriority=\"low\"  loading=\"lazy\"  src=\"https:\/\/www.europesays.com\/no\/wp-content\/uploads\/2025\/11\/5202_1.jpg\" alt=\"\" class=\"brick-c-cFOWSL\" style=\"--brick-image-ratio: 4096 \/ 3072;\"\/><\/p>\n<p>      Det var kaotiske tilstander p\u00e5 Jernbanetorget mandag ettermiddag.<br \/>\n      Foto: \u00c5smund Swensen H\u00f8eg \/ Avisa Oslo\n    <\/p>\n<p>  \u2013 Skjerpings folkens!<\/p>\n<p>Ogs\u00e5 Knut Halvorsen, innsatsleder i Oslo brann- og redningsetat reagerer sterkt p\u00e5 det som skjedde p\u00e5 Jernbanetorget mandag ettermiddag.<\/p>\n<p>\u2013 N\u00e5r den hardt skadde pasienten skulle fraktes fra perrongen p\u00e5 Jernbanetorget og ut til ambulansen som sto p\u00e5 utsiden, ble jeg vitne til noe som f\u00f8rst og fremst skuffet meg, men som ogs\u00e5 gjorde meg sint. Rundt ambulansen hadde det samlet seg mange skuelystne og et flertall av disse sto og filmet. Og enda verre, jeg h\u00f8rte ogs\u00e5 latter fra folkemengden, skriver han p\u00e5 <a href=\"https:\/\/www.facebook.com\/photo\/?fbid=1286592400166537&amp;set=a.298213415671112\" rel=\"Follow nofollow noopener\" target=\"_blank\">Facebook-siden til Oslo brann- og redningsetat<\/a> i etterkant av hendelsen.<\/p>\n<p>Og fortsetter:<\/p>\n<p>\u2013 Jeg er veldig klar over at det er fult lovlig \u00e5 filme, men er det virkelig n\u00f8dvendig? Dette er en person som er i sitt livs krise. Hvorfor stiller vi oss ikke sp\u00f8rsm\u00e5let: Hvordan er det \u00e5 ligge der og bli ledd av eller filmet? Hvordan oppleves det for denne personen n\u00e5r dette blir delt p\u00e5 nett? Et menneske i sitt livs krise skal hjelpes, ikke bli underholdning blant skuelystne eller p\u00e5 sosiale medier. Skjerpings folkens!<\/p>\n<p>Politiet er vant med nysgjerrige tilskuere<\/p>\n<p>Operasjonsleder i Oslo politidistrikt Rune Hekkelstrand sier til Nettavisen at politiet er vant til at folk filmer og tar bilder mens de arbeider.<\/p>\n<p><b>\u2013 Man b\u00f8r ta hensyn til de som er skadd, deres p\u00e5r\u00f8rende og andre, men det er n\u00e5 en gang slik samfunnet har utviklet seg, sier han.<\/b><\/p>\n<p>Han frar\u00e5der sterkt \u00e5 dele bilder og videoer fra slike hendelser videre.<\/p>\n<p><b>\u2013 Alle som jobber i n\u00f8detatene er vant til at dette skjer. Det er ikke forbudt \u00e5 filme, men det er viktig \u00e5 ta hensyn, oppfordrer operasjonsleder Hekkelstrand.<\/b><\/p>\n<p>Klokken 16:58, en time og 20 minutter etter at politiet f\u00f8rst meldte om hendelsen, skriver Hekkelstrand til pressen at T-banen kj\u00f8rer igjen.<\/p>\n<p>  <a href=\"https:\/\/www.ao.no\/5-128-1199983\" class=\"related-teaser has-image default-story-teaser article--c-eRUmMG article--c-eRUmMG-jKCPdD-design-default\" rel=\"nofollow noopener\" target=\"_blank\"><\/p>\n<p>    <img decoding=\"async\" loading=\"lazy\"  src=\"https:\/\/www.europesays.com\/no\/wp-content\/uploads\/2025\/11\/photo+%2836%29.jpg\" alt=\"\" class=\"brick-c-cFOWSL\" style=\"\"\/><\/p>\n<p>\n            Les ogs\u00e5<\/p>\n<p>              Stappfulle busser etter t-banestans: \u2013 Krevende\n        <\/p>\n<p>  <\/a><\/p>\n<p>  <a href=\"https:\/\/www.ao.no\/5-128-1196122\" class=\"related-teaser has-image default-story-teaser article--c-eRUmMG article--c-eRUmMG-jKCPdD-design-default\" rel=\"nofollow noopener\" target=\"_blank\"><\/p>\n<p>    <img decoding=\"async\" loading=\"lazy\"  src=\"https:\/\/www.europesays.com\/no\/wp-content\/uploads\/2025\/11\/Bildekollasjer+%285%29.jpg\" alt=\"\" class=\"brick-c-cFOWSL\" style=\"\"\/><\/p>\n<p>\n            Les ogs\u00e5<\/p>\n<p>              Tusenvis har sett Nicolines (17) \u00aboppdagelse\u00bb p\u00e5 Jernbanetorget: \u2013 M\u00e5tte bare sjekke det ut\n        <\/p>\n<p>  <\/a><\/p>\n","protected":false},"excerpt":{"rendered":"(Nettavisen\/Avisa Oslo): Mandag ettermiddag, midt i det verste rushet, ble en person p\u00e5kj\u00f8rt av T-banen p\u00e5 Jernbanetorget. I&hellip;\n","protected":false},"author":2,"featured_media":95771,"comment_status":"","ping_status":"","sticky":false,"template":"","format":"standard","meta":{"footnotes":""},"categories":[5],"tags":[36,20,21,2760,24,25,15,19,286,22,23,17,18,13,30,28,29,1478,14,16,254,285,1510,4836,26,27,284],"class_list":{"0":"post-95770","1":"post","2":"type-post","3":"status-publish","4":"format-standard","5":"has-post-thumbnail","7":"category-overskrifter","8":"tag-art","9":"tag-breaking-news","10":"tag-breakingnews","11":"tag-buss","12":"tag-featured-news","13":"tag-featurednews","14":"tag-headlines","15":"tag-hovedoppslag","16":"tag-jernbanetorget","17":"tag-latest-news","18":"tag-latestnews","19":"tag-main-news","20":"tag-mainnews","21":"tag-news","22":"tag-no","23":"tag-norge","24":"tag-norway","25":"tag-nodetater","26":"tag-nyheter","27":"tag-overskrifter","28":"tag-politi","29":"tag-sentrum","30":"tag-story","31":"tag-t-banen","32":"tag-top-stories","33":"tag-topstories","34":"tag-trafikk-og-kollektiv"},"share_on_mastodon":{"url":"https:\/\/pubeurope.com\/@no\/115606857003557481","error":""},"_links":{"self":[{"href":"https:\/\/www.europesays.com\/no\/wp-json\/wp\/v2\/posts\/95770","targetHints":{"allow":["GET"]}}],"collection":[{"href":"https:\/\/www.europesays.com\/no\/wp-json\/wp\/v2\/posts"}],"about":[{"href":"https:\/\/www.europesays.com\/no\/wp-json\/wp\/v2\/types\/post"}],"author":[{"embeddable":true,"href":"https:\/\/www.europesays.com\/no\/wp-json\/wp\/v2\/users\/2"}],"replies":[{"embeddable":true,"href":"https:\/\/www.europesays.com\/no\/wp-json\/wp\/v2\/comments?post=95770"}],"version-history":[{"count":0,"href":"https:\/\/www.europesays.com\/no\/wp-json\/wp\/v2\/posts\/95770\/revisions"}],"wp:featuredmedia":[{"embeddable":true,"href":"https:\/\/www.europesays.com\/no\/wp-json\/wp\/v2\/media\/95771"}],"wp:attachment":[{"href":"https:\/\/www.europesays.com\/no\/wp-json\/wp\/v2\/media?parent=95770"}],"wp:term":[{"taxonomy":"category","embeddable":true,"href":"https:\/\/www.europesays.com\/no\/wp-json\/wp\/v2\/categories?post=95770"},{"taxonomy":"post_tag","embeddable":true,"href":"https:\/\/www.europesays.com\/no\/wp-json\/wp\/v2\/tags?post=95770"}],"curies":[{"name":"wp","href":"https:\/\/api.w.org\/{rel}","templated":true}]}}