{"id":95775,"date":"2025-11-24T21:56:11","date_gmt":"2025-11-24T21:56:11","guid":{"rendered":"https:\/\/www.europesays.com\/no\/95775\/"},"modified":"2025-11-24T21:56:11","modified_gmt":"2025-11-24T21:56:11","slug":"ulykker-og-hendelser-brann-brann-pa-hytte-skal-vaere-overtent","status":"publish","type":"post","link":"https:\/\/www.europesays.com\/no\/95775\/","title":{"rendered":"Ulykker og hendelser, Brann | Brann p\u00e5 hytte \u2013 skal v\u00e6re overtent"},"content":{"rendered":"\n<p>B\u00e5de politiet og brannvesen har rykket ut til en brann p\u00e5 en hytte p\u00e5 Bjorli mandag kveld. <\/p>\n<p>Politiet skriver at hytta er overtent, og at brannvesenet har begynt slokking. Det skal ikke ha v\u00e6rt personer tilstede da brannen br\u00f8t ut. <\/p>\n<p>Oppdragsleder Anna Boger p\u00e5 politiets operasjonssentral sier til GD at hytta ligger i et hyttefelt. <\/p>\n<p>\u2013 Vi er p\u00e5 veg, brannvesen p\u00e5 stedet har ikke meldt om noe spredningsfare, sier hun. <\/p>\n<p>Rundt klokka 22.30 sier Mats Ulrik Slaatsveen p\u00e5 brannvesenets operasjonssentral at mannskapene p\u00e5 stedet fortsatt jobber med \u00e5 slokke brannen p\u00e5 hytta. De er framme med en tankbil, men m\u00e5 f\u00e5 enda en fram p\u00e5 stedet. <\/p>\n<p>\u2013 Det er mye ressurser p\u00e5 stedet, og det er snakk om en st\u00f8rre t\u00f8mmerhytte, sier Slaatsveen. <\/p>\n<p>Politiet skriver like f\u00f8r klokken 23 at hytta kommer til \u00e5 brenne ned til grunnen. <\/p>\n<p>GD oppdaterer saken<\/p>\n","protected":false},"excerpt":{"rendered":"B\u00e5de politiet og brannvesen har rykket ut til en brann p\u00e5 en hytte p\u00e5 Bjorli mandag kveld. Politiet&hellip;\n","protected":false},"author":2,"featured_media":465,"comment_status":"","ping_status":"","sticky":false,"template":"","format":"standard","meta":{"footnotes":""},"categories":[10],"tags":[36,11834,367,20,21,24,25,15,22,23,1433,13,30,28,29,14,16,1510,26,27,941],"class_list":{"0":"post-95775","1":"post","2":"type-post","3":"status-publish","4":"format-standard","5":"has-post-thumbnail","7":"category-norge","8":"tag-art","9":"tag-bjorli","10":"tag-brann","11":"tag-breaking-news","12":"tag-breakingnews","13":"tag-featured-news","14":"tag-featurednews","15":"tag-headlines","16":"tag-latest-news","17":"tag-latestnews","18":"tag-lesja","19":"tag-news","20":"tag-no","21":"tag-norge","22":"tag-norway","23":"tag-nyheter","24":"tag-overskrifter","25":"tag-story","26":"tag-top-stories","27":"tag-topstories","28":"tag-ulykker-og-hendelser"},"share_on_mastodon":{"url":"https:\/\/pubeurope.com\/@no\/115606912142659946","error":""},"_links":{"self":[{"href":"https:\/\/www.europesays.com\/no\/wp-json\/wp\/v2\/posts\/95775","targetHints":{"allow":["GET"]}}],"collection":[{"href":"https:\/\/www.europesays.com\/no\/wp-json\/wp\/v2\/posts"}],"about":[{"href":"https:\/\/www.europesays.com\/no\/wp-json\/wp\/v2\/types\/post"}],"author":[{"embeddable":true,"href":"https:\/\/www.europesays.com\/no\/wp-json\/wp\/v2\/users\/2"}],"replies":[{"embeddable":true,"href":"https:\/\/www.europesays.com\/no\/wp-json\/wp\/v2\/comments?post=95775"}],"version-history":[{"count":0,"href":"https:\/\/www.europesays.com\/no\/wp-json\/wp\/v2\/posts\/95775\/revisions"}],"wp:featuredmedia":[{"embeddable":true,"href":"https:\/\/www.europesays.com\/no\/wp-json\/wp\/v2\/media\/465"}],"wp:attachment":[{"href":"https:\/\/www.europesays.com\/no\/wp-json\/wp\/v2\/media?parent=95775"}],"wp:term":[{"taxonomy":"category","embeddable":true,"href":"https:\/\/www.europesays.com\/no\/wp-json\/wp\/v2\/categories?post=95775"},{"taxonomy":"post_tag","embeddable":true,"href":"https:\/\/www.europesays.com\/no\/wp-json\/wp\/v2\/tags?post=95775"}],"curies":[{"name":"wp","href":"https:\/\/api.w.org\/{rel}","templated":true}]}}