{"id":95781,"date":"2025-11-24T22:04:49","date_gmt":"2025-11-24T22:04:49","guid":{"rendered":"https:\/\/www.europesays.com\/no\/95781\/"},"modified":"2025-11-24T22:04:49","modified_gmt":"2025-11-24T22:04:49","slug":"norge-betaler-mer-enn-tyskland-og-kina-for-klimapolitikken","status":"publish","type":"post","link":"https:\/\/www.europesays.com\/no\/95781\/","title":{"rendered":"Norge betaler mer enn Tyskland og Kina for klimapolitikken"},"content":{"rendered":"<p>Tor Mikkel Wara (Frp), klimapolitisk talsperson, f\u00f8rste nestleder i Stortingets energi- og milj\u00f8komit\u00e9<\/p>\n<p class=\"lead\">Det er ikke noe \u00abskremmebilde\u00bb \u00e5 fremholde at norske bedrifter og husholdninger m\u00e5 betale langt mer for klimapolitikken enn i andre land.<\/p>\n<p><img alt=\"Innenlands luftfart og oljen\u00e6ringen betaler dobbelt: b\u00e5de kvoter og avgifter, skriver Tor Mikkel Wara.\" loading=\"eager\" src=\"https:\/\/www.europesays.com\/no\/wp-content\/uploads\/2025\/11\/eyJ3IjoxMDAwLCJmIjoid2VicCIsImsiOiIzZmI0MTBjZDg2MzYzY2FkMzBjOTg4MGRmMjM2ODhjOSIsImZwIjpbMC42MzM3MDks.webp\" fetchpriority=\"high\" decoding=\"async\"\/>Innenlands luftfart og oljen\u00e6ringen betaler dobbelt: b\u00e5de kvoter og avgifter, skriver Tor Mikkel Wara.Foto: Gunnar Bl\u00f6ndal<\/p>\n","protected":false},"excerpt":{"rendered":"Tor Mikkel Wara (Frp), klimapolitisk talsperson, f\u00f8rste nestleder i Stortingets energi- og milj\u00f8komit\u00e9 Det er ikke noe \u00abskremmebilde\u00bb&hellip;\n","protected":false},"author":2,"featured_media":95782,"comment_status":"","ping_status":"","sticky":false,"template":"","format":"standard","meta":{"footnotes":""},"categories":[5],"tags":[20,21,24,25,15,19,22,23,17,18,13,30,28,29,14,16,26,27],"class_list":{"0":"post-95781","1":"post","2":"type-post","3":"status-publish","4":"format-standard","5":"has-post-thumbnail","7":"category-overskrifter","8":"tag-breaking-news","9":"tag-breakingnews","10":"tag-featured-news","11":"tag-featurednews","12":"tag-headlines","13":"tag-hovedoppslag","14":"tag-latest-news","15":"tag-latestnews","16":"tag-main-news","17":"tag-mainnews","18":"tag-news","19":"tag-no","20":"tag-norge","21":"tag-norway","22":"tag-nyheter","23":"tag-overskrifter","24":"tag-top-stories","25":"tag-topstories"},"share_on_mastodon":{"url":"https:\/\/pubeurope.com\/@no\/115606947442191916","error":""},"_links":{"self":[{"href":"https:\/\/www.europesays.com\/no\/wp-json\/wp\/v2\/posts\/95781","targetHints":{"allow":["GET"]}}],"collection":[{"href":"https:\/\/www.europesays.com\/no\/wp-json\/wp\/v2\/posts"}],"about":[{"href":"https:\/\/www.europesays.com\/no\/wp-json\/wp\/v2\/types\/post"}],"author":[{"embeddable":true,"href":"https:\/\/www.europesays.com\/no\/wp-json\/wp\/v2\/users\/2"}],"replies":[{"embeddable":true,"href":"https:\/\/www.europesays.com\/no\/wp-json\/wp\/v2\/comments?post=95781"}],"version-history":[{"count":0,"href":"https:\/\/www.europesays.com\/no\/wp-json\/wp\/v2\/posts\/95781\/revisions"}],"wp:featuredmedia":[{"embeddable":true,"href":"https:\/\/www.europesays.com\/no\/wp-json\/wp\/v2\/media\/95782"}],"wp:attachment":[{"href":"https:\/\/www.europesays.com\/no\/wp-json\/wp\/v2\/media?parent=95781"}],"wp:term":[{"taxonomy":"category","embeddable":true,"href":"https:\/\/www.europesays.com\/no\/wp-json\/wp\/v2\/categories?post=95781"},{"taxonomy":"post_tag","embeddable":true,"href":"https:\/\/www.europesays.com\/no\/wp-json\/wp\/v2\/tags?post=95781"}],"curies":[{"name":"wp","href":"https:\/\/api.w.org\/{rel}","templated":true}]}}