{"id":95785,"date":"2025-11-24T22:10:33","date_gmt":"2025-11-24T22:10:33","guid":{"rendered":"https:\/\/www.europesays.com\/no\/95785\/"},"modified":"2025-11-24T22:10:33","modified_gmt":"2025-11-24T22:10:33","slug":"jernbanetorget-stengt-etter-hendelse","status":"publish","type":"post","link":"https:\/\/www.europesays.com\/no\/95785\/","title":{"rendered":"Jernbanetorget stengt etter hendelse"},"content":{"rendered":"\n<p class=\"_lead_o9xde_2 _lead_xtcu6_50 layout-component text-serif-m layout-normal text-serif-l layout-component layout-wide layout-padded _wide_17hqh_1 layout-padded\">T-banen har st\u00e5tt i begge retninger i over en time mandag ettermiddag. <\/p>\n<p><img alt=\"N\u00f8detatene p\u00e5 plass p\u00e5 Jernbanetorget mandag ettermiddag. Foto: \u00d8ystein Hernes\" class=\"_image_qp4xg_65 layout-component layout-wide\" data-fullscreen- data-track-element-type=\"Article image fullscreen\" data-track-name=\"ImageFullscreen\" fetchpriority=\"high\" decoding=\"sync\" loading=\"eager\" height=\"1867\" itemprop=\"image\"  src=\"https:\/\/www.europesays.com\/no\/wp-content\/uploads\/2025\/11\/26065c3c-c92c-4014-b2b3-9ee9317f8463\"  style=\"object-position:0% 0%\" width=\"4284\"\/>N\u00f8detatene p\u00e5 plass p\u00e5 Jernbanetorget mandag ettermiddag. Foto: \u00d8ystein Hernes<\/p>\n<ul aria-hidden=\"true\" class=\"_images_18f0k_111\">\n<li><a class=\"_link_18f0k_116\" href=\"https:\/\/www.vg.no\/forfatter\/elise-kvien\" style=\"z-index:1\" title=\"Elise Kvien\" rel=\"nofollow noopener\" target=\"_blank\"><img alt=\"Bilde av Elise Kvien\" class=\"_image_18f0k_93\" fetchpriority=\"low\" loading=\"lazy\" decoding=\"async\" itemprop=\"image\"  src=\"https:\/\/www.europesays.com\/no\/wp-content\/uploads\/2025\/11\/1764022231_258_e9d71b6f-2a15-4dd1-85be-ea8fb873046c\"  width=\"480\"\/><\/a><\/li>\n<\/ul>\n<p> Oppdatert mandag 24. november kl. 17:44     <\/p>\n<p class=\"_paragraph_o9xde_4 _paragraph_xtcu6_10 layout-component text-serif-m layout-normal text-serif-m layout-padded\">Jernbanetorget T-banestasjon var midlertidig stengt etter en person ble p\u00e5kj\u00f8rt. <\/p>\n<p class=\"_paragraph_o9xde_4 _paragraph_xtcu6_10 layout-component text-serif-m layout-normal text-serif-m layout-padded\"><a href=\"https:\/\/www.vg.no\/tag\/ruter?utm_source=vg-article&amp;utm_medium=auto-tagger&amp;utm_campaign=WvlJGd\" class=\"_link_o9xde_39\" rel=\"nofollow noopener\" target=\"_blank\">Ruter<\/a> opplyste til VG at det kom til \u00e5 v\u00e6re stans p\u00e5 alle linjene p\u00e5 ubestemt tid frem til det \u00e5pnes igjen av n\u00f8detatene. <\/p>\n<p class=\"_paragraph_o9xde_4 _paragraph_xtcu6_10 layout-component text-serif-m layout-normal text-serif-m layout-padded\">Klokken 16.50 opplyser politiet at n\u00f8detatene er ferdige p\u00e5 T-banestasjonen.<\/p>\n<p class=\"_paragraph_o9xde_4 _paragraph_xtcu6_10 layout-component text-serif-m layout-normal text-serif-m layout-padded\">\u2013 Sporveien melder om at T-banen kj\u00f8rer igjen, men at det tar tid f\u00f8r trafikken er normalisert, opplyser operasjonsleder Rune Hekkelstrand. <\/p>\n<p class=\"_paragraph_o9xde_4 _paragraph_xtcu6_10 layout-component text-serif-m layout-normal text-serif-m layout-padded\">Ruter opplyser til VG klokken 17.42 at det fremdeles er litt forsinkelser, men at det blir bedre for hvert 15. minutt som g\u00e5r. <\/p>\n<p>Store problemer<\/p>\n<p class=\"_paragraph_o9xde_4 _paragraph_xtcu6_10 layout-component text-serif-m layout-normal text-serif-m layout-padded\">Politiet meldte om hendelsen klokken 15.38. <\/p>\n<p class=\"_paragraph_o9xde_4 _paragraph_xtcu6_10 layout-component text-serif-m layout-normal text-serif-m layout-padded\">Da VG snakket med Ruter rundt klokken 16, opplyste de at de jobbet med \u00e5 f\u00e5 trafikken oppe \u00e5 g\u00e5 s\u00e5 fort som mulig. <\/p>\n<p class=\"_paragraph_o9xde_4 _paragraph_xtcu6_10 layout-component text-serif-m layout-normal text-serif-m layout-padded\">\u2013 Sporveien jobber n\u00e5 med \u00e5 snu tog p\u00e5 begge sider av Jernbanetorget slik at trafikken kan g\u00e5 som vanlig som mulig. Reisende m\u00e5 belage seg p\u00e5 store forsinkelser og stans en stund, sa Knut Martin L\u00f8ken, pressevakt i Ruter. <\/p>\n<p class=\"_paragraph_o9xde_4 _paragraph_xtcu6_10 layout-component text-serif-m layout-normal text-serif-m layout-padded\"><strong class=\"_strong_o9xde_25\">\u2013 Vi legger ut l\u00f8pende info p\u00e5 ruter.no og i appen, sa han.<\/strong><\/p>\n<p class=\"_paragraph_o9xde_4 _paragraph_xtcu6_10 layout-component text-serif-m layout-normal text-serif-m layout-padded\">Politiet opplyser i en melding til pressen at de ikke mistenker at det har skjedd noe kriminelt med personen som ble p\u00e5kj\u00f8rt. De har g\u00e5tt igjennom video fra stedet, som underbygger dette.<\/p>\n<p>    <img decoding=\"async\" alt=\"Tips oss illustrasjon\" src=\"https:\/\/www.europesays.com\/no\/wp-content\/uploads\/2025\/10\/pssst-small.webp.webp\"\/>    <\/p>\n<p class=\"title-serif-s\">Har du tips?<\/p>\n<p class=\"text-sans-m\">Send oss informasjon, bilder eller video.<\/p>\n<p>  <a href=\"https:\/\/www.vg.no\/tips-oss\" rel=\"nofollow noopener\" target=\"_blank\"> Tips oss <\/a>      <\/p>\n","protected":false},"excerpt":{"rendered":"T-banen har st\u00e5tt i begge retninger i over en time mandag ettermiddag. N\u00f8detatene p\u00e5 plass p\u00e5 Jernbanetorget mandag&hellip;\n","protected":false},"author":2,"featured_media":95786,"comment_status":"","ping_status":"","sticky":false,"template":"","format":"standard","meta":{"footnotes":""},"categories":[10],"tags":[31,20,21,24,25,15,22,23,13,30,28,29,3760,14,16,287,4836,1923,26,27],"class_list":{"0":"post-95785","1":"post","2":"type-post","3":"status-publish","4":"format-standard","5":"has-post-thumbnail","7":"category-norge","8":"tag-breaking","9":"tag-breaking-news","10":"tag-breakingnews","11":"tag-featured-news","12":"tag-featurednews","13":"tag-headlines","14":"tag-latest-news","15":"tag-latestnews","16":"tag-news","17":"tag-no","18":"tag-norge","19":"tag-norway","20":"tag-nodetatene","21":"tag-nyheter","22":"tag-overskrifter","23":"tag-ruter","24":"tag-t-banen","25":"tag-tog","26":"tag-top-stories","27":"tag-topstories"},"share_on_mastodon":{"url":"https:\/\/pubeurope.com\/@no\/115606967447593248","error":""},"_links":{"self":[{"href":"https:\/\/www.europesays.com\/no\/wp-json\/wp\/v2\/posts\/95785","targetHints":{"allow":["GET"]}}],"collection":[{"href":"https:\/\/www.europesays.com\/no\/wp-json\/wp\/v2\/posts"}],"about":[{"href":"https:\/\/www.europesays.com\/no\/wp-json\/wp\/v2\/types\/post"}],"author":[{"embeddable":true,"href":"https:\/\/www.europesays.com\/no\/wp-json\/wp\/v2\/users\/2"}],"replies":[{"embeddable":true,"href":"https:\/\/www.europesays.com\/no\/wp-json\/wp\/v2\/comments?post=95785"}],"version-history":[{"count":0,"href":"https:\/\/www.europesays.com\/no\/wp-json\/wp\/v2\/posts\/95785\/revisions"}],"wp:featuredmedia":[{"embeddable":true,"href":"https:\/\/www.europesays.com\/no\/wp-json\/wp\/v2\/media\/95786"}],"wp:attachment":[{"href":"https:\/\/www.europesays.com\/no\/wp-json\/wp\/v2\/media?parent=95785"}],"wp:term":[{"taxonomy":"category","embeddable":true,"href":"https:\/\/www.europesays.com\/no\/wp-json\/wp\/v2\/categories?post=95785"},{"taxonomy":"post_tag","embeddable":true,"href":"https:\/\/www.europesays.com\/no\/wp-json\/wp\/v2\/tags?post=95785"}],"curies":[{"name":"wp","href":"https:\/\/api.w.org\/{rel}","templated":true}]}}