{"id":95793,"date":"2025-11-24T22:20:18","date_gmt":"2025-11-24T22:20:18","guid":{"rendered":"https:\/\/www.europesays.com\/no\/95793\/"},"modified":"2025-11-24T22:20:18","modified_gmt":"2025-11-24T22:20:18","slug":"beste-dag-for-nasdaq-indeksen-pa-et-halvt-ar-e24","status":"publish","type":"post","link":"https:\/\/www.europesays.com\/no\/95793\/","title":{"rendered":"Beste dag for Nasdaq-indeksen p\u00e5 et halvt \u00e5r \u2013 E24"},"content":{"rendered":"<p class=\"fullWidthDesktop hyperion-css-71ztg2\" data-test-tag=\"lead-text\">Comebacket fortsetter p\u00e5 Wall Street, ledet an av Tesla og Alphabet.<\/p>\n<p><img decoding=\"async\" class=\"image-asset hyperion-css-u06ts1\" data-test-tag=\"image-asset\" src=\"https:\/\/www.europesays.com\/no\/wp-content\/uploads\/2025\/11\/2f7e0515-839b-4b2a-8325-6d2e9cbd08fe.jpeg\"  alt=\"Tradere inne p\u00e5 New York-b\u00f8rsen.\"  loading=\"eager\" fetchpriority=\"high\" style=\"aspect-ratio:1900 \/ 1267\"\/>Tradere inne p\u00e5 New York-b\u00f8rsen. Foto: ANGELA WEISS \/ AFP \/ NTBPublisert: <\/p>\n<p>I dag 15:31<\/p>\n<p>Oppdatert n\u00e5 nettopp<\/p>\n<ul class=\"hyperion-css-pte5x0\">\n<li aria-label=\"link\" class=\"narrow-button hyperion-css-1sz7d3n\">Kopier lenke<\/li>\n<li aria-label=\"link\" class=\"wide-button hyperion-css-1sz7d3n\">Kopier lenke<\/li>\n<li aria-label=\"facebook\" class=\"narrow-button hyperion-css-1sz7d3n\">Del p\u00e5 Facebook<\/li>\n<li aria-label=\"facebook\" class=\"wide-button hyperion-css-1sz7d3n\">Del p\u00e5 Facebook<\/li>\n<li aria-label=\"email\" class=\"narrow-button hyperion-css-1sz7d3n\">Del med e-post<\/li>\n<li aria-label=\"email\" class=\"wide-button hyperion-css-1sz7d3n\">Del med e-post<\/li>\n<\/ul>\n<p class=\"hyperion-css-1lemvax\">Teknologiaksjer fikk seg en skikkelig opptur p\u00e5 b\u00f8rs i USA mandag. Den gode stemningen fra fredag fortsetter dermed, etter at det var AI-uro og b\u00f8rsfall tidligere forrige uke.<\/p>\n<p class=\"hyperion-css-1lemvax\">Google-eier Alphabet og Tesla skiller seg ut med s\u00e6rlig kraftig oppgang, men ogs\u00e5 de andre store teknologiselskapene var i gr\u00f8nt.<\/p>\n<p class=\"hyperion-css-1lemvax\"><strong>Dette er den beste dagen for Nasdaq-indeksen p\u00e5 et halvt \u00e5r, siden oppgangen p\u00e5 mer enn fire prosent 12. mai.<\/strong><\/p>\n<p class=\"hyperion-css-1lemvax\">Slik s\u00e5 det ut p\u00e5 Wall Street ved stengetid:<\/p>\n<ul class=\"hyperion-css-pkq1ci\" data-test-tag=\"list\">\n<li class=\"hyperion-css-12h2ush\">Samleindeksen S&amp;P 500 endte opp 1,55 prosent<\/li>\n<li class=\"hyperion-css-12h2ush\">Teknologiindeksen Nasdaq endte opp 2,69 prosent<\/li>\n<li class=\"hyperion-css-12h2ush\">Dow Jones-indeksen endte opp 0,44 prosent<\/li>\n<\/ul>\n<p><a data-test-tag=\"teaser-small:link-internal\" href=\"https:\/\/e24.no\/boers-og-finans\/i\/zO58x5\/bitcoin-stupet-dette-er-tabbene-du-maa-unngaa-naa\" class=\"imagePosition-top inline hyperion-css-6238vu\" rel=\"nofollow noopener\" target=\"\" aria-label=\"Bitcoin-stupet: Dette er tabbene du m\u00e5 unng\u00e5 n\u00e5\"><\/p>\n<p>Les p\u00e5 E24+<\/p>\n<p>Bitcoin-stupet: Dette er tabbene du m\u00e5 unng\u00e5 n\u00e5<\/p>\n<p><\/a><\/p>\n<p class=\"hyperion-css-1lemvax\">\u2013 Jeg tror kombinasjonen av en omstart for aksjemarkedet og \u00f8kt sjanse for et rentekutt i desember har sendt aksjer h\u00f8yere, sier Chris Murphy hos Susquehanna International Group til <a aria-label=\"Bloomberg\" class=\"default hyperion-css-1rezu2g\" href=\"https:\/\/www.bloomberg.com\/news\/articles\/2025-11-23\/asian-stocks-poised-for-cautiously-upbeat-open-markets-wrap?srnd=phx-markets\" rel=\"noopener nofollow noreferrer\" data-test-tag=\"external-link\" target=\"_blank\">Bloomberg<\/a>.<\/p>\n<p class=\"hyperion-css-1lemvax\">Enda flere sentralbanktopper har mandag hintet mot at det kan bli kutt p\u00e5 det kommende rentem\u00f8tet.<\/p>\n<p class=\"hyperion-css-1lemvax\">\u2013 Det dominerende temaet er enn s\u00e5 lenge usikkerhet. Vi kommer til \u00e5 forbli i et ruglete marked frem til 10. desember, n\u00e5r vi f\u00e5r FedFedUSAs sentralbank, Federal Reserves avgj\u00f8relse og uttalelsene som f\u00f8lger med, sier Lilian Chovin, sjef for allokering hos Coutts, til <a aria-label=\"Reuters\" class=\"default hyperion-css-1rezu2g\" href=\"https:\/\/www.reuters.com\/world\/europe\/wall-street-futures-mixed-investors-mull-fed-rate-cut-focus-data-2025-11-24\/\" rel=\"noopener nofollow noreferrer\" data-test-tag=\"external-link\" target=\"_blank\">Reuters<\/a>.<\/p>\n<p>Tesla kraftig opp<\/p>\n<p class=\"hyperion-css-1lemvax\">Flere av de st\u00f8rste teknologiselskapene, som satser tungt p\u00e5 AI, starter uken bra. Det er Google-eier Alphabet og Tesla som ledet an i oppturen.<\/p>\n<p class=\"hyperion-css-1lemvax\"><strong>Tesla-aksjen steg hele 6,82 prosent.<\/strong><\/p>\n<p class=\"hyperion-css-1lemvax\">Tesla-sjef Elon Musk varslet i helgen at elbilprodusenten er n\u00e6re ved \u00e5 ferdigstille deres nyeste AI-databrikke, AI5. If\u00f8lge Musks <a aria-label=\"melding p\u00e5 X\" class=\"default hyperion-css-1rezu2g\" href=\"https:\/\/x.com\/elonmusk\/status\/1992499020590108745\" rel=\"noopener nofollow noreferrer\" data-test-tag=\"external-link\">melding p\u00e5 X<\/a> er de ogs\u00e5 n\u00e6re \u00e5 begynne arbeid med neste databrikke, AI6.<\/p>\n<p class=\"hyperion-css-1lemvax\">Musk, verdens rikeste person, er den st\u00f8rste aksjon\u00e6rene i Tesla. Han har en eierandel p\u00e5 rundt 12,4 prosent.<\/p>\n<p class=\"hyperion-css-1lemvax\"><strong>Dagens opptur betyr at verdien p\u00e5 Musks Tesla-aksjer \u00f8kte med rundt 11 milliarder dollar, eller mer enn 112 milliarder kroner.<\/strong><\/p>\n<p><img decoding=\"async\" class=\"image-asset hyperion-css-u06ts1\" data-test-tag=\"image-asset\" src=\"https:\/\/www.europesays.com\/no\/wp-content\/uploads\/2025\/11\/1764022817_346_c02ee8eb-9285-413d-bdba-1f5050b935b3\"  alt=\"Verdens rikeste og toppsjef i Tesla, Elon Musk.\"  loading=\"eager\" fetchpriority=\"high\" style=\"aspect-ratio:1900 \/ 1267\"\/>Verdens rikeste og toppsjef i Tesla, Elon Musk. Foto: Nathan Howard \/ Reuters \/ NTB<\/p>\n<p class=\"hyperion-css-1lemvax\"><strong>Alphabet-aksjen steg p\u00e5 sin side 6,31 prosent.<\/strong><\/p>\n<p class=\"hyperion-css-1lemvax\">Forrige uke lanserte Google en ny versjon av sin AI-modell Gemini. Marc Benioff, toppsjefen i det store IT-selskapet Salesforce, skr\u00f8t av den nye Gemini 3-modellen i en <a aria-label=\"melding p\u00e5 X\" class=\"default hyperion-css-1rezu2g\" href=\"https:\/\/x.com\/Benioff\/status\/1992726929204760661?s=20\" rel=\"noopener nofollow noreferrer\" data-test-tag=\"external-link\">melding p\u00e5 X<\/a> i helgen.<\/p>\n<p class=\"hyperion-css-1lemvax\">Investeringsanalyse-direkt\u00f8r Melissa Brown hos Simcorp er ikke beroliget p\u00e5 markedets vegne av aksjeoppturen hos Google-eieren.<\/p>\n<p class=\"hyperion-css-1lemvax\">\u2013 Det er flott for Alphabet og investorene til Alphabet, men det bekymrer meg alltid n\u00e5r vi har en aksje som leder markedet h\u00f8yere. Vi ser ikke n\u00f8dvendigvis en bredt basert forbedring, sier Brown til <a aria-label=\"CNBC\" class=\"default hyperion-css-1rezu2g\" href=\"https:\/\/www.cnbc.com\/2025\/11\/23\/stock-market-today-live-updates.html\" rel=\"noopener nofollow noreferrer\" data-test-tag=\"external-link\" target=\"_blank\">CNBC<\/a>.<\/p>\n<p><img decoding=\"async\" class=\"image-asset hyperion-css-u06ts1\" data-test-tag=\"image-asset\" src=\"https:\/\/www.europesays.com\/no\/wp-content\/uploads\/2025\/11\/1764022818_946_bfd050b2-4747-4526-ac9d-5d298a61469b\"  alt=\"Google-sjef Sundar Pichai.\"  loading=\"eager\" fetchpriority=\"high\" style=\"aspect-ratio:1900 \/ 1208\"\/>Google-sjef Sundar Pichai. Foto: Gonzalo Fuentes \/ Reuters \/ NTB<\/p>\n<p class=\"hyperion-css-1lemvax\">Blant de andre tek-gigantene, resten av de s\u00e5kalte Magnificent 7, var det ogs\u00e5 oppgang.<\/p>\n<ul class=\"hyperion-css-pkq1ci\" data-test-tag=\"list\">\n<li class=\"hyperion-css-12h2ush\">Meta steg 3,16 prosent<\/li>\n<li class=\"hyperion-css-12h2ush\">Amazon steg 2,53 prosent<\/li>\n<li class=\"hyperion-css-12h2ush\">Nvidia steg 2,05 prosent<\/li>\n<li class=\"hyperion-css-12h2ush\">Apple steg 1,63 prosent<\/li>\n<li class=\"hyperion-css-12h2ush\">Microsoft steg 0,4 prosent<\/li>\n<\/ul>\n<p>Renteoptimisme<\/p>\n<p class=\"hyperion-css-1lemvax\">Det var en <a data-test-tag=\"internal-link\" href=\"https:\/\/e24.no\/boers-og-finans\/i\/2pnBQr\/ville-svingninger-paa-wall-street-nasdaq-falt-over-to-prosent\" class=\"hyperion-css-1rezu2g\" rel=\"nofollow noopener\" target=\"\" aria-label=\"urolig forrige uke i aksjemarkedene\">urolig forrige uke i aksjemarkedene<\/a>, preget av \u00f8kt bekymring rundt AI og sp\u00f8rsm\u00e5l om det er en boble eller ikke. Det var nedgang b\u00e5de i forkant og etterkant av Nvidias tallslipp. <\/p>\n<p class=\"hyperion-css-1lemvax\"><a data-test-tag=\"internal-link\" href=\"https:\/\/e24.no\/boers-og-finans\/i\/Gxlxpq\/oppgang-paa-wall-street\" class=\"hyperion-css-1rezu2g\" rel=\"nofollow noopener\" target=\"\" aria-label=\"Stemningen var derimot bedre\">Stemningen var derimot bedre<\/a> p\u00e5 fredag, blant annet etter at uttalelser fra en av USAs sentralbanktopper \u00f8kte troen p\u00e5 rentekutt i desember.<\/p>\n<p class=\"hyperion-css-1lemvax\">John C. Williams, som leder Fed i New York, sa fredag at han ser <a aria-label=\"rom for videre rentekutt p\u00e5 kort sikt\" class=\"default hyperion-css-1rezu2g\" href=\"https:\/\/e24.no\/bors\/nyheter?pinnedEntry=302643\" rel=\"noopener nofollow\" data-test-tag=\"external-link\" target=\"_blank\">rom for videre rentekutt p\u00e5 kort sikt<\/a>. I etterkant rykket renteforventningene tydelig i retning av kutt i desember. <\/p>\n<p class=\"hyperion-css-1lemvax\"><strong>Mandag kveld priser markedet inn over 80 prosent sjanse for et desemberkutt.<\/strong><\/p>\n<p class=\"hyperion-css-1lemvax\">En annen sentralbanktopp, Christopher Waller, indikerte mandag at han vil argumentere for rentekutt p\u00e5 det neste m\u00f8tet. I et <a aria-label=\"intervju med Fox Business\" class=\"default hyperion-css-1rezu2g\" href=\"https:\/\/www.foxbusiness.com\/video\/6385520742112\" rel=\"noopener nofollow noreferrer\" data-test-tag=\"external-link\" target=\"_blank\">intervju med Fox Business<\/a> trakk Waller frem at han mener arbeidsmarkedet er svakt, og at det ikke viser noen tegn til \u00e5 hente seg inn.<\/p>\n<p class=\"hyperion-css-1lemvax\">Mary Daly, som leder Fed i San Francisco, st\u00f8tter ogs\u00e5 rentekutt p\u00e5 neste m\u00f8te p\u00e5 grunn av utviklingen i arbeidsmarkedet, if\u00f8lge et intervju med Wall Street Journal. Daly er ikke en av sentralbanktoppene som stemmer over rentebeslutningene i \u00e5r.<\/p>\n<p class=\"hyperion-css-1lemvax\">Wall Street er i gang med en kort uke. B\u00f8rsene holder stengt torsdag p\u00e5 grunn av Thanksgiving, og har kun halv dag p\u00e5 fredag.<\/p>\n","protected":false},"excerpt":{"rendered":"Comebacket fortsetter p\u00e5 Wall Street, ledet an av Tesla og Alphabet. Tradere inne p\u00e5 New York-b\u00f8rsen. Foto: ANGELA&hellip;\n","protected":false},"author":2,"featured_media":95446,"comment_status":"","ping_status":"","sticky":false,"template":"","format":"standard","meta":{"footnotes":""},"categories":[5],"tags":[20,21,24,25,15,19,22,23,17,18,13,30,28,29,14,16,26,27],"class_list":{"0":"post-95793","1":"post","2":"type-post","3":"status-publish","4":"format-standard","5":"has-post-thumbnail","7":"category-overskrifter","8":"tag-breaking-news","9":"tag-breakingnews","10":"tag-featured-news","11":"tag-featurednews","12":"tag-headlines","13":"tag-hovedoppslag","14":"tag-latest-news","15":"tag-latestnews","16":"tag-main-news","17":"tag-mainnews","18":"tag-news","19":"tag-no","20":"tag-norge","21":"tag-norway","22":"tag-nyheter","23":"tag-overskrifter","24":"tag-top-stories","25":"tag-topstories"},"share_on_mastodon":{"url":"https:\/\/pubeurope.com\/@no\/115607006429060455","error":""},"_links":{"self":[{"href":"https:\/\/www.europesays.com\/no\/wp-json\/wp\/v2\/posts\/95793","targetHints":{"allow":["GET"]}}],"collection":[{"href":"https:\/\/www.europesays.com\/no\/wp-json\/wp\/v2\/posts"}],"about":[{"href":"https:\/\/www.europesays.com\/no\/wp-json\/wp\/v2\/types\/post"}],"author":[{"embeddable":true,"href":"https:\/\/www.europesays.com\/no\/wp-json\/wp\/v2\/users\/2"}],"replies":[{"embeddable":true,"href":"https:\/\/www.europesays.com\/no\/wp-json\/wp\/v2\/comments?post=95793"}],"version-history":[{"count":0,"href":"https:\/\/www.europesays.com\/no\/wp-json\/wp\/v2\/posts\/95793\/revisions"}],"wp:featuredmedia":[{"embeddable":true,"href":"https:\/\/www.europesays.com\/no\/wp-json\/wp\/v2\/media\/95446"}],"wp:attachment":[{"href":"https:\/\/www.europesays.com\/no\/wp-json\/wp\/v2\/media?parent=95793"}],"wp:term":[{"taxonomy":"category","embeddable":true,"href":"https:\/\/www.europesays.com\/no\/wp-json\/wp\/v2\/categories?post=95793"},{"taxonomy":"post_tag","embeddable":true,"href":"https:\/\/www.europesays.com\/no\/wp-json\/wp\/v2\/tags?post=95793"}],"curies":[{"name":"wp","href":"https:\/\/api.w.org\/{rel}","templated":true}]}}